{"id":5583,"date":"2025-09-23T06:09:22","date_gmt":"2025-09-23T06:09:22","guid":{"rendered":"https:\/\/www.mallandmotto.com\/?p=5583"},"modified":"2025-09-23T06:09:22","modified_gmt":"2025-09-23T06:09:22","slug":"beymende-yeni-atama","status":"publish","type":"post","link":"https:\/\/www.mallandmotto.com\/index.php\/2025\/09\/23\/beymende-yeni-atama\/","title":{"rendered":"Beymen\u2019de Yeni Atama"},"content":{"rendered":"\n<h3 class=\"wp-block-heading\">20 y\u0131l\u0131 a\u015fk\u0131n deneyime sahip G\u00fclten Ramazano\u011flu, Beymen\u2019in Kurumsal \u0130leti\u015fim ve PR Direkt\u00f6r\u00fc olarak atand\u0131. Ramazano\u011flu, grubun itibar, medya ve s\u00fcrd\u00fcr\u00fclebilirlik ileti\u015fimi \u00e7al\u0131\u015fmalar\u0131na liderlik edecek.<\/h3>\n\n\n\n<p>20 y\u0131l\u0131 a\u015fk\u0131n s\u00fcredir pazarlama ve kurumsal ileti\u015fim alan\u0131nda yerel ve uluslararas\u0131 markalar\u0131n \u00fcst d\u00fczey pozisyonlar\u0131na liderlik eden G\u00fclten Ramazano\u011flu, Beymen Kurumsal \u0130leti\u015fim ve PR Direkt\u00f6r\u00fc olarak atand\u0131.<\/p>\n\n\n\n<p>\u0130stanbul Bilgi \u00dcniversitesi Halkla \u0130li\u015fkiler B\u00f6l\u00fcm\u00fc\u2019nden mezun olan ve sonras\u0131nda Amerika ve \u0130sve\u00e7\u2019te bir\u00e7ok liderlik e\u011fitim ve sertifikas\u0131na sahip olan Ramazano\u011flu, profesyonel kariyerine 2002 y\u0131l\u0131nda Beymen\u2019de ileti\u015fim departman\u0131nda ba\u015flam\u0131\u015ft\u0131r. &nbsp;Sonras\u0131nda 2005 y\u0131l\u0131nda Ericsson T\u00fcrkiye\u2019ye ileti\u015fim y\u00f6neticisi olarak kat\u0131lm\u0131\u015f, ard\u0131ndan T\u00fcrkiye-\u0130srail pazarlama ileti\u015fiminin ba\u015f\u0131na ge\u00e7mi\u015f ve son olarak da y\u00f6netim ekibi \u00fcyesi olarak \u0130ran ve T\u00fcrkiye\u2019den Sorumlu Pazarlama ve \u0130leti\u015fim Ba\u015fkan\u0131 g\u00f6reviyle 13 y\u0131l \u00e7al\u0131\u015fm\u0131\u015ft\u0131r. Ard\u0131ndan 2018 y\u0131l\u0131nda Uber T\u00fcrkiye ileti\u015fim ve PR operasyonlar\u0131n\u0131n ba\u015f\u0131na ge\u00e7mi\u015f ve sonras\u0131nda Tiktok Dubai\u2019de T\u00fcrkiye ileti\u015fimini y\u00f6netmi\u015ftir. 2021-2023 y\u0131llar\u0131 aras\u0131nda Zip.Co firmas\u0131nda&nbsp;Kurucu \u0130cra Kurulu \u00dcyesi olarak Pazarlama ve \u0130leti\u015fim Ba\u015fkanl\u0131\u011f\u0131\u2019n\u0131 \u00fcstlenmi\u015ftir. &nbsp;Son olarak GRU Consulting \u015firketinin kurucusu ve ajans ba\u015fkan\u0131 g\u00f6revinde bir\u00e7ok markaya kurumsal ileti\u015fim ve PR dan\u0131\u015fmanl\u0131\u011f\u0131 vermi\u015ftir.<\/p>\n\n\n\n<p>Beymen Kurumsal \u0130leti\u015fim ve PR Direkt\u00f6r\u00fc olarak atanan G\u00fclten Ramazano\u011flu,<br>Beymen Pazarlama Genel M\u00fcd\u00fcr Yard\u0131mc\u0131l\u0131\u011f\u0131 b\u00fcnyesinde grubun kurumsal ili\u015fkiler, itibar y\u00f6netimi, medya ili\u015fkileri, lider ileti\u015fimi ve s\u00fcrd\u00fcr\u00fclebilirlik ileti\u015fiminin de aralar\u0131nda oldu\u011fu t\u00fcm kurumsal ileti\u015fim \u00e7al\u0131\u015fmalar\u0131n\u0131 y\u00f6netecek.<\/p>\n","protected":false},"excerpt":{"rendered":"<p>20 y\u0131l\u0131 a\u015fk\u0131n deneyime sahip G\u00fclten Ramazano\u011flu, Beymen\u2019in Kurumsal \u0130leti\u015fim ve PR Direkt\u00f6r\u00fc olarak atand\u0131. Ramazano\u011flu, grubun itibar, medya ve s\u00fcrd\u00fcr\u00fclebilirlik ileti\u015fimi \u00e7al\u0131\u015fmalar\u0131na liderlik edecek.&hellip;<\/p>\n","protected":false},"author":6,"featured_media":5584,"comment_status":"open","ping_status":"open","sticky":false,"template":"","format":"standard","meta":{"footnotes":""},"categories":[18],"tags":[],"class_list":["post-5583","post","type-post","status-publish","format-standard","has-post-thumbnail","hentry","category-atamalar"],"_links":{"self":[{"href":"https:\/\/www.mallandmotto.com\/index.php\/wp-json\/wp\/v2\/posts\/5583","targetHints":{"allow":["GET"]}}],"collection":[{"href":"https:\/\/www.mallandmotto.com\/index.php\/wp-json\/wp\/v2\/posts"}],"about":[{"href":"https:\/\/www.mallandmotto.com\/index.php\/wp-json\/wp\/v2\/types\/post"}],"author":[{"embeddable":true,"href":"https:\/\/www.mallandmotto.com\/index.php\/wp-json\/wp\/v2\/users\/6"}],"replies":[{"embeddable":true,"href":"https:\/\/www.mallandmotto.com\/index.php\/wp-json\/wp\/v2\/comments?post=5583"}],"version-history":[{"count":1,"href":"https:\/\/www.mallandmotto.com\/index.php\/wp-json\/wp\/v2\/posts\/5583\/revisions"}],"predecessor-version":[{"id":5585,"href":"https:\/\/www.mallandmotto.com\/index.php\/wp-json\/wp\/v2\/posts\/5583\/revisions\/5585"}],"wp:featuredmedia":[{"embeddable":true,"href":"https:\/\/www.mallandmotto.com\/index.php\/wp-json\/wp\/v2\/media\/5584"}],"wp:attachment":[{"href":"https:\/\/www.mallandmotto.com\/index.php\/wp-json\/wp\/v2\/media?parent=5583"}],"wp:term":[{"taxonomy":"category","embeddable":true,"href":"https:\/\/www.mallandmotto.com\/index.php\/wp-json\/wp\/v2\/categories?post=5583"},{"taxonomy":"post_tag","embeddable":true,"href":"https:\/\/www.mallandmotto.com\/index.php\/wp-json\/wp\/v2\/tags?post=5583"}],"curies":[{"name":"wp","href":"https:\/\/api.w.org\/{rel}","templated":true}]}}