{"id":5606,"date":"2025-09-23T08:05:11","date_gmt":"2025-09-23T08:05:11","guid":{"rendered":"https:\/\/www.mallandmotto.com\/?p=5606"},"modified":"2025-09-23T08:05:12","modified_gmt":"2025-09-23T08:05:12","slug":"arzumda-ust-duzey-atama","status":"publish","type":"post","link":"https:\/\/www.mallandmotto.com\/index.php\/2025\/09\/23\/arzumda-ust-duzey-atama\/","title":{"rendered":"Arzum\u2019da \u00dcst D\u00fczey Atama"},"content":{"rendered":"\n<h3 class=\"wp-block-heading\"><strong>Musa Y\u0131lmaz, Yurt \u0130\u00e7i Sat\u0131\u015ftan Sorumlu Genel M\u00fcd\u00fcr Yard\u0131mc\u0131s\u0131 Oldu<\/strong><\/h3>\n\n\n\n<p>T\u00fcrkiye\u2019nin 59 y\u0131ll\u0131k k\u00f6kl\u00fc elektrikli ev aletleri markas\u0131 Arzum, sat\u0131\u015f organizasyonunu daha da g\u00fc\u00e7lendirmek amac\u0131yla \u00f6nemli bir atama ger\u00e7ekle\u015ftirdi. Sekt\u00f6rde 30 y\u0131l\u0131 a\u015fk\u0131n deneyime sahip olan, 1993-2008 y\u0131llar\u0131 aras\u0131nda Arzum\u2019da \u00e7al\u0131\u015fan ve pazarda yayg\u0131nla\u015fmas\u0131 anlam\u0131nda \u00f6nemli katk\u0131lar\u0131 olan Musa Y\u0131lmaz, Yurt \u0130\u00e7i Sat\u0131\u015ftan Sorumlu Genel M\u00fcd\u00fcr Yard\u0131mc\u0131s\u0131 olarak yeniden Arzum ailesine kat\u0131ld\u0131.<\/p>\n\n\n\n<p>1971 do\u011fumlu Musa Y\u0131lmaz kariyerine 1993\u2019te Arzum Grubu\u2019nda ba\u015flad\u0131; Arzum\u2019da Sat\u0131\u015f Direkt\u00f6rl\u00fc\u011f\u00fc, FELIX\u2019te Genel M\u00fcd\u00fcrl\u00fck ve Schafer\u2019da Sat\u0131\u015f Direkt\u00f6rl\u00fc\u011f\u00fc g\u00f6revlerini \u00fcstlendi. Musa Y\u0131lmaz, T\u00fcrkiye \u00e7ap\u0131nda bayi\/franchise yap\u0131lanmalar\u0131n\u0131n kurulmas\u0131, \u00e7ok kanall\u0131 sat\u0131\u015f\u0131n yap\u0131land\u0131r\u0131lmas\u0131, fiyatland\u0131rma ve sat\u0131\u015f b\u00fct\u00e7esi y\u00f6netimi ile ekip liderli\u011fi konular\u0131nda derin uzmanl\u0131\u011fa sahip bir isim olarak \u00f6ne \u00e7\u0131k\u0131yor.<br>Arzum Yurt \u0130\u00e7i Sat\u0131\u015ftan Sorumlu Genel M\u00fcd\u00fcr Yard\u0131mc\u0131s\u0131 sorumlulu\u011funu \u00fcstlenen Musa Y\u0131lmaz; Arzum, Arzum OKKA ve FELIX markalar\u0131n\u0131n sat\u0131\u015f organizasyonunun b\u00fcy\u00fcmesine ve pazar konumunun daha da g\u00fc\u00e7lenmesinde kritik bir role sahip olacak.<\/p>\n","protected":false},"excerpt":{"rendered":"<p>Musa Y\u0131lmaz, Yurt \u0130\u00e7i Sat\u0131\u015ftan Sorumlu Genel M\u00fcd\u00fcr Yard\u0131mc\u0131s\u0131 Oldu T\u00fcrkiye\u2019nin 59 y\u0131ll\u0131k k\u00f6kl\u00fc elektrikli ev aletleri markas\u0131 Arzum, sat\u0131\u015f organizasyonunu daha da g\u00fc\u00e7lendirmek amac\u0131yla&hellip;<\/p>\n","protected":false},"author":6,"featured_media":5607,"comment_status":"open","ping_status":"open","sticky":false,"template":"","format":"standard","meta":{"footnotes":""},"categories":[18],"tags":[],"class_list":["post-5606","post","type-post","status-publish","format-standard","has-post-thumbnail","hentry","category-atamalar"],"_links":{"self":[{"href":"https:\/\/www.mallandmotto.com\/index.php\/wp-json\/wp\/v2\/posts\/5606","targetHints":{"allow":["GET"]}}],"collection":[{"href":"https:\/\/www.mallandmotto.com\/index.php\/wp-json\/wp\/v2\/posts"}],"about":[{"href":"https:\/\/www.mallandmotto.com\/index.php\/wp-json\/wp\/v2\/types\/post"}],"author":[{"embeddable":true,"href":"https:\/\/www.mallandmotto.com\/index.php\/wp-json\/wp\/v2\/users\/6"}],"replies":[{"embeddable":true,"href":"https:\/\/www.mallandmotto.com\/index.php\/wp-json\/wp\/v2\/comments?post=5606"}],"version-history":[{"count":1,"href":"https:\/\/www.mallandmotto.com\/index.php\/wp-json\/wp\/v2\/posts\/5606\/revisions"}],"predecessor-version":[{"id":5608,"href":"https:\/\/www.mallandmotto.com\/index.php\/wp-json\/wp\/v2\/posts\/5606\/revisions\/5608"}],"wp:featuredmedia":[{"embeddable":true,"href":"https:\/\/www.mallandmotto.com\/index.php\/wp-json\/wp\/v2\/media\/5607"}],"wp:attachment":[{"href":"https:\/\/www.mallandmotto.com\/index.php\/wp-json\/wp\/v2\/media?parent=5606"}],"wp:term":[{"taxonomy":"category","embeddable":true,"href":"https:\/\/www.mallandmotto.com\/index.php\/wp-json\/wp\/v2\/categories?post=5606"},{"taxonomy":"post_tag","embeddable":true,"href":"https:\/\/www.mallandmotto.com\/index.php\/wp-json\/wp\/v2\/tags?post=5606"}],"curies":[{"name":"wp","href":"https:\/\/api.w.org\/{rel}","templated":true}]}}