{"id":5626,"date":"2025-09-23T09:09:51","date_gmt":"2025-09-23T09:09:51","guid":{"rendered":"https:\/\/www.mallandmotto.com\/?p=5626"},"modified":"2025-09-23T09:09:52","modified_gmt":"2025-09-23T09:09:52","slug":"hilton-istanbul-maslakin-yeni-genel-muduru-ahmet-ozkan-oldu","status":"publish","type":"post","link":"https:\/\/www.mallandmotto.com\/index.php\/2025\/09\/23\/hilton-istanbul-maslakin-yeni-genel-muduru-ahmet-ozkan-oldu\/","title":{"rendered":"Hilton Istanbul Maslak\u2019\u0131n Yeni Genel M\u00fcd\u00fcr\u00fc Ahmet \u00d6zkan Oldu"},"content":{"rendered":"\n<h3 class=\"wp-block-heading\">Uluslararas\u0131 deneyimi ve konaklama sekt\u00f6r\u00fcndeki vizyoner liderli\u011fiyle \u00f6ne \u00e7\u0131kan Ahmet \u00d6zkan, Hilton Istanbul Maslak\u2019ta misafir deneyimini uluslararas\u0131 standartlar\u0131n \u00f6tesine ta\u015f\u0131may\u0131 hedefliyor.<\/h3>\n\n\n\n<p>\u0130stanbul\u2019un i\u015f ve ya\u015fam merkezlerinden Maslak\u2019ta yer alan Hilton Istanbul Maslak\u2019\u0131n yeni Genel M\u00fcd\u00fcr\u00fc Ahmet \u00d6zkan oldu. Uluslararas\u0131 zincir otellerde edindi\u011fi deneyim, konaklama sekt\u00f6r\u00fcndeki vizyoner liderli\u011fi ve stratejik yakla\u015f\u0131m\u0131yla \u00f6ne \u00e7\u0131k\u0131yor. Kariyerinde \u00fcstlendi\u011fi \u00f6nemli g\u00f6revler ve ba\u015far\u0131larla ad\u0131ndan s\u00f6z ettiren \u00d6zkan, T\u00fcrkiye\u2019nin en \u00f6nemli i\u015f b\u00f6lgesindeki bu ikonik otele yeni bir ivme kazand\u0131rmaya haz\u0131rlan\u0131yor. Hilton Istanbul Maslak\u2019\u0131n yaln\u0131zca bir konaklama noktas\u0131 de\u011fil; ayn\u0131 zamanda i\u015f d\u00fcnyas\u0131n\u0131n bulu\u015fma adresi ve \u015fehrin sosyal ya\u015fam\u0131nda fark yaratan bir merkez olmas\u0131 i\u00e7in \u00e7al\u0131\u015fmalar\u0131n\u0131 s\u00fcrd\u00fcrece\u011fini belirtiyor. Ekibiyle birlikte toplant\u0131, etkinlik ve ya\u015fam alanlar\u0131n\u0131 daha da g\u00fc\u00e7lendirmeyi hedefleyen \u00d6zkan, misafir deneyimini uluslararas\u0131 standartlar\u0131n \u00f6tesine ta\u015f\u0131may\u0131 ama\u00e7l\u0131yor.<\/p>\n\n\n\n<p>\u0130stanbul \u00dcniversitesi \u0130\u015fletme Y\u00f6netimi b\u00f6l\u00fcm\u00fcnden mezun olan&nbsp;<strong>Ahmet \u00d6zkan<\/strong>, konaklama sekt\u00f6r\u00fcndeki yolculu\u011funa Hilton Konya\u2019n\u0131n a\u00e7\u0131l\u0131\u015f ekibinde Sat\u0131\u015f ve Pazarlama departman\u0131nda ba\u015flad\u0131. Ard\u0131ndan Hilton ParkSA\u2019da ve Conrad Istanbul Bosphorus\u2019ta Gelirler M\u00fcd\u00fcr\u00fc olarak g\u00f6rev ald\u0131. Uluslararas\u0131 deneyim i\u00e7in H\u0131rvatistan\u2019a giden \u00d6zkan, Hilton Imperial Dubrovnik\u2019te Gelirler Direkt\u00f6r\u00fc olarak \u00e7al\u0131\u015ft\u0131. T\u00fcrkiye\u2019ye d\u00f6n\u00fc\u015f\u00fcnde Swiss\u00f4tel Grand Efes \u0130zmir\u2019de Sat\u0131\u015f ve Pazarlama Direkt\u00f6r\u00fc olarak \u00f6nemli projelere imza att\u0131. 2019\u20132022 y\u0131llar\u0131 aras\u0131nda Swiss\u00f4tel The Bosphorus\u2019ta Otel M\u00fcd\u00fcr\u00fc olarak kariyerine devam etti. Rixos Tersane \u0130stanbul\u2019un a\u00e7\u0131l\u0131\u015f\u0131ndaki Genel M\u00fcd\u00fcrl\u00fck deneyiminin ard\u0131ndan Hyatt Regency \u0130stanbul\u2019da ayn\u0131 sorumlulu\u011fu \u00fcstlendi. Bug\u00fcn ise profesyonel kariyerini Hilton Istanbul Maslak\u2019\u0131n Genel M\u00fcd\u00fcr\u00fc olarak s\u00fcrd\u00fcr\u00fcyor.<\/p>\n","protected":false},"excerpt":{"rendered":"<p>Uluslararas\u0131 deneyimi ve konaklama sekt\u00f6r\u00fcndeki vizyoner liderli\u011fiyle \u00f6ne \u00e7\u0131kan Ahmet \u00d6zkan, Hilton Istanbul Maslak\u2019ta misafir deneyimini uluslararas\u0131 standartlar\u0131n \u00f6tesine ta\u015f\u0131may\u0131 hedefliyor. \u0130stanbul\u2019un i\u015f ve ya\u015fam&hellip;<\/p>\n","protected":false},"author":6,"featured_media":5627,"comment_status":"open","ping_status":"open","sticky":false,"template":"","format":"standard","meta":{"footnotes":""},"categories":[18],"tags":[],"class_list":["post-5626","post","type-post","status-publish","format-standard","has-post-thumbnail","hentry","category-atamalar"],"_links":{"self":[{"href":"https:\/\/www.mallandmotto.com\/index.php\/wp-json\/wp\/v2\/posts\/5626","targetHints":{"allow":["GET"]}}],"collection":[{"href":"https:\/\/www.mallandmotto.com\/index.php\/wp-json\/wp\/v2\/posts"}],"about":[{"href":"https:\/\/www.mallandmotto.com\/index.php\/wp-json\/wp\/v2\/types\/post"}],"author":[{"embeddable":true,"href":"https:\/\/www.mallandmotto.com\/index.php\/wp-json\/wp\/v2\/users\/6"}],"replies":[{"embeddable":true,"href":"https:\/\/www.mallandmotto.com\/index.php\/wp-json\/wp\/v2\/comments?post=5626"}],"version-history":[{"count":1,"href":"https:\/\/www.mallandmotto.com\/index.php\/wp-json\/wp\/v2\/posts\/5626\/revisions"}],"predecessor-version":[{"id":5628,"href":"https:\/\/www.mallandmotto.com\/index.php\/wp-json\/wp\/v2\/posts\/5626\/revisions\/5628"}],"wp:featuredmedia":[{"embeddable":true,"href":"https:\/\/www.mallandmotto.com\/index.php\/wp-json\/wp\/v2\/media\/5627"}],"wp:attachment":[{"href":"https:\/\/www.mallandmotto.com\/index.php\/wp-json\/wp\/v2\/media?parent=5626"}],"wp:term":[{"taxonomy":"category","embeddable":true,"href":"https:\/\/www.mallandmotto.com\/index.php\/wp-json\/wp\/v2\/categories?post=5626"},{"taxonomy":"post_tag","embeddable":true,"href":"https:\/\/www.mallandmotto.com\/index.php\/wp-json\/wp\/v2\/tags?post=5626"}],"curies":[{"name":"wp","href":"https:\/\/api.w.org\/{rel}","templated":true}]}}