{"id":5647,"date":"2025-09-23T10:33:14","date_gmt":"2025-09-23T10:33:14","guid":{"rendered":"https:\/\/www.mallandmotto.com\/?p=5647"},"modified":"2025-09-23T10:33:14","modified_gmt":"2025-09-23T10:33:14","slug":"surdurulebilir-moda-nedir","status":"publish","type":"post","link":"https:\/\/www.mallandmotto.com\/index.php\/2025\/09\/23\/surdurulebilir-moda-nedir\/","title":{"rendered":"S\u00fcrd\u00fcr\u00fclebilir Moda Nedir?"},"content":{"rendered":"\n<h3 class=\"wp-block-heading\">Moda end\u00fcstrisinde h\u0131zl\u0131 t\u00fcketim d\u00f6ng\u00fcs\u00fcne kar\u015f\u0131 y\u00fckselen s\u00fcrd\u00fcr\u00fclebilir moda hareketi; \u00e7evre, \u00fcretim s\u00fcre\u00e7leri ve sosyal adalet a\u00e7\u0131s\u0131ndan daha etik bir yakla\u015f\u0131m sunuyor.<\/h3>\n\n\n\n<p>Moda sekt\u00f6r\u00fc her y\u0131l milyarlarca \u00fcr\u00fcn \u00fcretiyor; bu s\u00fcre\u00e7te su kullan\u0131m\u0131, kimyasal kirletici at\u0131klar ve i\u015f\u00e7i haklar\u0131 gibi pek \u00e7ok soruna yol a\u00e7\u0131l\u0131yor. H\u0131zl\u0131 moda markalar\u0131n\u0131n d\u00fc\u015f\u00fck maliyetli ve s\u0131k \u00fcretim odakl\u0131 i\u015f modelleri, \u00e7evre ve insan \u00fczerinde b\u00fcy\u00fck bask\u0131lar olu\u015fturuyor. Bu nedenle \u201cs\u00fcrd\u00fcr\u00fclebilir moda\u201d kavram\u0131 giderek hem markalar hem de t\u00fcketiciler i\u00e7in \u00f6nem kazan\u0131yor.<\/p>\n\n\n\n<h5 class=\"wp-block-heading\">S\u00fcrd\u00fcr\u00fclebilir Moda Nedir?<\/h5>\n\n\n\n<ul class=\"wp-block-list\">\n<li>S\u00fcrd\u00fcr\u00fclebilir moda, \u00fcretimin ham maddeden ba\u015flayarak \u00fcr\u00fcn\u00fcn kullan\u0131m s\u00fcresi ve at\u0131k haline gelene kadar ge\u00e7irdi\u011fi t\u00fcm a\u015famalarda \u00e7evresel etkiyi ve sosyal adaleti g\u00f6zeten bir anlay\u0131\u015ft\u0131r.\u00a0<\/li>\n\n\n\n<li>Bu anlay\u0131\u015fta do\u011fal veya organik liflerin kullan\u0131m\u0131, d\u00fc\u015f\u00fck kimyasal ve boya kullan\u0131m\u0131na dikkat edilmesi, su ve enerji t\u00fcketiminin minimize edilmesi gibi \u00e7evresel hususlar \u00f6nemli yer tutar.\u00a0<\/li>\n\n\n\n<li>Ayn\u0131 zamanda i\u015f\u00e7ilerin adil \u00fccret almas\u0131, g\u00fcvenli \u00e7al\u0131\u015fma ko\u015fullar\u0131 ve \u00fcretim s\u00fcre\u00e7lerinde \u015feffafl\u0131k da s\u00fcrd\u00fcr\u00fclebilir modan\u0131n sosyal boyutunu olu\u015fturur.\u00a0<\/li>\n\n\n\n<li>Ekonomik s\u00fcrd\u00fcr\u00fclebilirlik ise; \u00fcr\u00fcnlerin dayan\u0131kl\u0131l\u0131\u011f\u0131, az t\u00fcketim, yeniden kullan\u0131m \/ ikinci el \/ tamir edilebilirlik gibi yakla\u015f\u0131mlar\u0131 i\u00e7erir.\u00a0<\/li>\n<\/ul>\n\n\n\n<hr class=\"wp-block-separator has-alpha-channel-opacity\"\/>\n\n\n\n<h5 class=\"wp-block-heading\">T\u00fcrkiye \u00d6rne\u011fi ve Uygulanmas\u0131<\/h5>\n\n\n\n<ul class=\"wp-block-list\">\n<li>T\u00fcrkiye\u2019de s\u00fcrd\u00fcr\u00fclebilir moda konusunda giri\u015fimler ve t\u00fcketici bilinci giderek art\u0131yor. Markalar; geri d\u00f6n\u00fc\u015ft\u00fcr\u00fclm\u00fc\u015f materyaller kullanma, su ve enerji tasarrufu sa\u011flayan \u00fcretim tekniklerine y\u00f6nelme ve adil \u00fcretim s\u00fcre\u00e7leri kurma y\u00f6n\u00fcnde stratejiler geli\u015ftiriyor.\u00a0<\/li>\n\n\n\n<li>T\u00fcketiciler art\u0131k sadece marka ve tasar\u0131m\u0131 de\u011fil, \u201cbu k\u0131yafet kim taraf\u0131ndan, nas\u0131l \u00fcretildi?\u201d, \u201cne kadar s\u00fcre giyilebilir?\u201d, \u201c\u00e7evreye etkisi ne?\u201d gibi sorular\u0131 da \u00fcr\u00fcn se\u00e7iminde kriter olarak g\u00f6r\u00fcyor.\u00a0<\/li>\n<\/ul>\n\n\n\n<hr class=\"wp-block-separator has-alpha-channel-opacity\"\/>\n\n\n\n<h4 class=\"wp-block-heading\">\u00d6rnek Uygulamalar &amp; Yenilik\u00e7i Yakla\u015f\u0131mlar<\/h4>\n\n\n\n<ul class=\"wp-block-list\">\n<li><strong>Do\u011fal \/ Geri D\u00f6n\u00fc\u015ft\u00fcr\u00fclm\u00fc\u015f Malzemeler:<\/strong>\u00a0Organik pamuk, keten, y\u00fcn gibi lifler; ayr\u0131ca geri d\u00f6n\u00fc\u015ft\u00fcr\u00fclm\u00fc\u015f polyester gibi materyaller kullan\u0131l\u0131yor.\u00a0<\/li>\n\n\n\n<li><strong>At\u0131k Y\u00f6netimi &amp; Upcycling:<\/strong>\u00a0Giysilerin at\u0131k haline gelmeden \u00f6nce yeniden tasarlanmas\u0131, ikinci el platformlar, k\u0131yafet kiralama ya da giysilerin yeniden kullan\u0131m\u0131na y\u00f6nelik modeller \u00f6ne \u00e7\u0131k\u0131yor.\u00a0<\/li>\n\n\n\n<li><strong>\u015eeffafl\u0131k ve Adil \u00dcretim:<\/strong>\u00a0Marka kaynaklar\u0131, tedarik zinciri ve \u00fcretim a\u015famalar\u0131 konusunda t\u00fcketiciye bilgi veren etiketleme ya da QR kod gibi uygulamalar yayg\u0131nla\u015f\u0131yor. Ayr\u0131ca i\u015f\u00e7i haklar\u0131 ve \u00e7al\u0131\u015fma ko\u015fullar\u0131na dair standartlara uyum \u00f6nem kazan\u0131yor.\u00a0<\/li>\n<\/ul>\n\n\n\n<hr class=\"wp-block-separator has-alpha-channel-opacity\"\/>\n\n\n\n<h5 class=\"wp-block-heading\">Neden \u00d6nemli?<\/h5>\n\n\n\n<ul class=\"wp-block-list\">\n<li>H\u0131zl\u0131 moda, su kaynaklar\u0131n\u0131n a\u015f\u0131r\u0131 kullan\u0131m\u0131, kimyasal kirlilik ve karbon sal\u0131n\u0131m\u0131nda \u00f6nemli rol oynuyor. S\u00fcrd\u00fcr\u00fclebilir moda bu zararlar\u0131 azaltmay\u0131 hedefliyor.\u00a0<\/li>\n\n\n\n<li>\u0130nsan sa\u011fl\u0131\u011f\u0131 ve i\u015f\u00e7i haklar\u0131 a\u00e7\u0131s\u0131ndan daha adil bir \u00fcretim zinciri kurulmas\u0131 uzun vadeli toplumsal fayda sa\u011fl\u0131yor.\u00a0<\/li>\n\n\n\n<li>T\u00fcketicilerin de\u011ferleri de\u011fi\u015fiyor: estetik ve marka d\u0131\u015f\u0131nda \u201cetik, \u00e7evresel sorumluluk, kullan\u0131m s\u00fcresi\u201d gibi kriterler de tercih sebebi oluyor. Bu da sekt\u00f6r\u00fcn d\u00f6n\u00fc\u015fmesini tetikliyor.<\/li>\n<\/ul>\n","protected":false},"excerpt":{"rendered":"<p>Moda end\u00fcstrisinde h\u0131zl\u0131 t\u00fcketim d\u00f6ng\u00fcs\u00fcne kar\u015f\u0131 y\u00fckselen s\u00fcrd\u00fcr\u00fclebilir moda hareketi; \u00e7evre, \u00fcretim s\u00fcre\u00e7leri ve sosyal adalet a\u00e7\u0131s\u0131ndan daha etik bir yakla\u015f\u0131m sunuyor. Moda sekt\u00f6r\u00fc her&hellip;<\/p>\n","protected":false},"author":6,"featured_media":5648,"comment_status":"open","ping_status":"open","sticky":false,"template":"","format":"standard","meta":{"footnotes":""},"categories":[27],"tags":[],"class_list":["post-5647","post","type-post","status-publish","format-standard","has-post-thumbnail","hentry","category-mottoozel"],"_links":{"self":[{"href":"https:\/\/www.mallandmotto.com\/index.php\/wp-json\/wp\/v2\/posts\/5647","targetHints":{"allow":["GET"]}}],"collection":[{"href":"https:\/\/www.mallandmotto.com\/index.php\/wp-json\/wp\/v2\/posts"}],"about":[{"href":"https:\/\/www.mallandmotto.com\/index.php\/wp-json\/wp\/v2\/types\/post"}],"author":[{"embeddable":true,"href":"https:\/\/www.mallandmotto.com\/index.php\/wp-json\/wp\/v2\/users\/6"}],"replies":[{"embeddable":true,"href":"https:\/\/www.mallandmotto.com\/index.php\/wp-json\/wp\/v2\/comments?post=5647"}],"version-history":[{"count":1,"href":"https:\/\/www.mallandmotto.com\/index.php\/wp-json\/wp\/v2\/posts\/5647\/revisions"}],"predecessor-version":[{"id":5649,"href":"https:\/\/www.mallandmotto.com\/index.php\/wp-json\/wp\/v2\/posts\/5647\/revisions\/5649"}],"wp:featuredmedia":[{"embeddable":true,"href":"https:\/\/www.mallandmotto.com\/index.php\/wp-json\/wp\/v2\/media\/5648"}],"wp:attachment":[{"href":"https:\/\/www.mallandmotto.com\/index.php\/wp-json\/wp\/v2\/media?parent=5647"}],"wp:term":[{"taxonomy":"category","embeddable":true,"href":"https:\/\/www.mallandmotto.com\/index.php\/wp-json\/wp\/v2\/categories?post=5647"},{"taxonomy":"post_tag","embeddable":true,"href":"https:\/\/www.mallandmotto.com\/index.php\/wp-json\/wp\/v2\/tags?post=5647"}],"curies":[{"name":"wp","href":"https:\/\/api.w.org\/{rel}","templated":true}]}}