{"id":5748,"date":"2025-09-24T08:11:57","date_gmt":"2025-09-24T08:11:57","guid":{"rendered":"https:\/\/www.mallandmotto.com\/?p=5748"},"modified":"2025-09-24T08:11:57","modified_gmt":"2025-09-24T08:11:57","slug":"pera-muzesinden-cocuklara-birlikte-duslemek-atolyeleri","status":"publish","type":"post","link":"https:\/\/www.mallandmotto.com\/index.php\/2025\/09\/24\/pera-muzesinden-cocuklara-birlikte-duslemek-atolyeleri\/","title":{"rendered":"Pera M\u00fczesi\u2019nden \u00c7ocuklara \u201cBirlikte D\u00fc\u015flemek\u201d At\u00f6lyeleri"},"content":{"rendered":"\n<h3 class=\"wp-block-heading\">Pera M\u00fczesi \u00d6\u011frenme Programlar\u0131, 27 Eyl\u00fcl \u2013 29 Kas\u0131m tarihleri aras\u0131nda 4\u201312 ya\u015f grubu \u00e7ocuklara y\u00f6nelik \u201cBirlikte D\u00fc\u015flemek\u201d at\u00f6lyeleri d\u00fczenliyor. \u00c7i\u00e7eklerden heykellere, kuklalardan merak dolaplar\u0131na uzanan yarat\u0131c\u0131 etkinlikler, \u00e7ocuklara ilham verici bir \u00f6\u011frenme deneyimi sunuyor.<\/h3>\n\n\n\n<p><strong>Pera M\u00fczesi \u00d6\u011frenme Programlar\u0131,&nbsp;<\/strong><strong><em>Ortak Duygular: British Council Koleksiyonundan Yap\u0131tlar&nbsp;<\/em><\/strong><strong>ba\u015fl\u0131kl\u0131 sergiden ilhamla haz\u0131rlad\u0131\u011f\u0131 \u201cBirlikte D\u00fc\u015flemek\u201d isimli yeni at\u00f6lye program\u0131n\u0131 \u00e7ocuklarla bulu\u015fturuyor. 27 Eyl\u00fcl \u2013 29 Kas\u0131m aras\u0131nda ger\u00e7ekle\u015fecek program, 4\u20136 ve 7\u201312 ya\u015f gruplar\u0131na \u00f6zel at\u00f6lyelerle \u00e7i\u00e7eklerden heykellere, kuklalardan merak dolaplar\u0131na uzanan yarat\u0131c\u0131 deneyimler sunarak&nbsp;<\/strong><strong>kat\u0131l\u0131mc\u0131lara ilham verici bir \u00f6\u011frenme ortam\u0131 sunuyor<\/strong><strong>.<\/strong><\/p>\n\n\n\n<p><strong>Suna ve \u0130nan K\u0131ra\u00e7 Vakf\u0131 Pera M\u00fczesi \u00d6\u011frenme Programlar\u0131<\/strong>,&nbsp;<a href=\"https:\/\/www.peramuzesi.org.tr\/sergi\/ortak-duygular\/1314\"><strong><em>Ortak Duygular: British Council Koleksiyonundan Yap\u0131tlar<\/em><\/strong><\/a>&nbsp;sergisine paralel olarak farkl\u0131 ya\u015f gruplar\u0131na y\u00f6nelik \u201c<a href=\"https:\/\/www.peramuzesi.org.tr\/pera-ogrenme\/program\/-birlikte-duslemek\/5426\"><strong>Birlikte D\u00fc\u015flemek<\/strong><\/a>\u201d ba\u015fl\u0131kl\u0131 program d\u00fczenliyor.&nbsp;<strong>27 Eyl\u00fcl \u2013 29 Kas\u0131m<\/strong>&nbsp;aras\u0131nda ger\u00e7ekle\u015fecek program, rehberli sergi turlar\u0131 ve yarat\u0131c\u0131 at\u00f6lyelerle \u00e7ocuklara m\u00fcze i\u00e7inde kat\u0131l\u0131mc\u0131 ve ilham verici bir deneyim sunuyor.<\/p>\n\n\n\n<p><strong>4\u20136 ya\u015f grubu at\u00f6lyeleri<\/strong><\/p>\n\n\n\n<p><strong>\u201c<\/strong><a href=\"https:\/\/www.peramuzesi.org.tr\/pera-ogrenme\/atolye\/katman-katman-cicek\/7051\"><strong>Katman Katman \u00c7i\u00e7ek<\/strong><\/a><strong>\u201d<\/strong>&nbsp;ba\u015fl\u0131kl\u0131 at\u00f6lyede, Marc Quinn\u2019in sergide yer alan eserinden ilhamla \u00e7e\u015fitli malzemeler kullan\u0131larak reng\u00e2renk \u00e7i\u00e7ekler tasarlan\u0131yor; katmanl\u0131 yap\u0131, simetri ve renk uyumu \u00fczerine \u00e7al\u0131\u015f\u0131larak estetik duyarl\u0131l\u0131k geli\u015ftiriliyor.<\/p>\n\n\n\n<p><strong>\u201c<\/strong><a href=\"https:\/\/www.peramuzesi.org.tr\/pera-ogrenme\/atolye\/benim-yuzum-senin-yuzun\/7053\"><strong>Benim Y\u00fcz\u00fcm, Senin Y\u00fcz\u00fcn<\/strong><\/a><strong>\u201d<\/strong>&nbsp;at\u00f6lyesinde, \u00f6nce sergideki portre ve otoportreler rehber e\u015fli\u011finde ke\u015ffediliyor, ard\u0131ndan ki\u015fisel foto\u011fraflar se\u00e7ilen detaylarla birle\u015ftirilerek \u00f6zg\u00fcn portreler haz\u0131rlan\u0131yor; bu \u00e7al\u0131\u015fmalar laminasyonla tamamlan\u0131p boyalarla renklendiriliyor.<\/p>\n\n\n\n<p><strong>\u201c<\/strong><a href=\"https:\/\/www.peramuzesi.org.tr\/pera-ogrenme\/atolye\/hayal-kanosu-atiklarin-yolculugu\/7054\"><strong>Hayal Kanosu: At\u0131klar\u0131n Yolculu\u011fu<\/strong><\/a><strong>\u201d<\/strong>&nbsp;at\u00f6lyesinde Tony Cragg\u2019in&nbsp;<em>Kano<\/em>&nbsp;adl\u0131 eserinden esinleniliyor; sahilde at\u0131k toplama canland\u0131rmalar\u0131n\u0131n ard\u0131ndan plastilinle modellenen hayali at\u0131klar kano bi\u00e7iminde kartonlara yerle\u015ftirilerek \u00e7evresel duyarl\u0131l\u0131k sanatsal yarat\u0131c\u0131l\u0131kla bulu\u015fturuluyor.<\/p>\n\n\n\n<p>Bir di\u011fer at\u00f6lye olan&nbsp;<strong>\u201c<\/strong><a href=\"https:\/\/www.peramuzesi.org.tr\/pera-ogrenme\/atolye\/dolambacli-heykel\/7057\"><strong>Dolamba\u00e7l\u0131 Heykel<\/strong><\/a><strong>\u201d<\/strong>de ise Sarah Lucas\u2019\u0131n eserinden hareketle seramik hamuru yo\u011furulup b\u00fck\u00fcl\u00fcyor; k\u0131vr\u0131ml\u0131 soyut fig\u00fcrler ortaya \u00e7\u0131kar\u0131larak heykel sanat\u0131nda form ve hayal g\u00fcc\u00fc ke\u015ffediliyor.<\/p>\n\n\n\n<p><strong>7\u201312 ya\u015f grubu at\u00f6lyeleri<\/strong><\/p>\n\n\n\n<p><strong>\u201c<\/strong><a href=\"https:\/\/www.peramuzesi.org.tr\/pera-ogrenme\/atolye\/kilden-buyulu-nesneler\/7052\"><strong>Kilden B\u00fcy\u00fcl\u00fc Nesneler<\/strong><\/a><strong>\u201d<\/strong>&nbsp;ba\u015fl\u0131kl\u0131 at\u00f6lyede, Kate Malone\u2019un do\u011fa ve masallardan esinlenen eserlerinden yola \u00e7\u0131k\u0131larak kil ile deniz y\u0131ld\u0131zlar\u0131, meyveler ya da hayali fig\u00fcrler \u00fcretiliyor; doku ve detaylarla \u00e7al\u0131\u015farak do\u011fan\u0131n enerjisi sanata d\u00f6n\u00fc\u015ft\u00fcr\u00fcl\u00fcyor.<\/p>\n\n\n\n<p><strong>\u201c<\/strong><a href=\"https:\/\/www.peramuzesi.org.tr\/pera-ogrenme\/atolye\/duygularin-kuklalari\/7058\"><strong>Duygular\u0131n Kuklalar\u0131<\/strong><\/a><strong>\u201d<\/strong>&nbsp;at\u00f6lyesinde, ki\u015fisel hislerden yola \u00e7\u0131karak mutluluk, \u00f6fke, \u015fa\u015fk\u0131nl\u0131k ya da huzur gibi duygular\u0131 temsil eden karakterler haz\u0131rlan\u0131yor; kuma\u015f, ip, d\u00fc\u011fme ve ke\u00e7e gibi malzemelerle kuklalara ki\u015filik kazand\u0131r\u0131l\u0131yor.<\/p>\n\n\n\n<p>Y\u00fcr\u00fct\u00fcc\u00fcl\u00fc\u011f\u00fcn\u00fc Pley Studio\u2019nun \u00fcstlendi\u011fi&nbsp;<strong>\u201c<\/strong><a href=\"https:\/\/www.peramuzesi.org.tr\/pera-ogrenme\/atolye\/ozenle-sakladiklarim-merak-dolabi\/7055\"><strong>\u00d6zenle Saklad\u0131klar\u0131m: Merak Dolab\u0131<\/strong><\/a><strong>\u201d<\/strong>&nbsp;ba\u015fl\u0131kl\u0131 at\u00f6lyede, serginin \u201c\u00d6zeni Korumak\u201d b\u00f6l\u00fcm\u00fcnden esinle karton ve renkli malzemeler kullan\u0131larak ki\u015fisel koleksiyonlar\u0131n saklanabilece\u011fi dolaplar tasarlan\u0131yor; s\u0131radan objeler \u00f6zenle korunan hat\u0131ralara d\u00f6n\u00fc\u015f\u00fcyor.<\/p>\n\n\n\n<p>OyunMu y\u00fcr\u00fct\u00fcc\u00fcl\u00fc\u011f\u00fcnde ger\u00e7ekle\u015ftirilen&nbsp;<strong>\u201c<\/strong><a href=\"https:\/\/www.peramuzesi.org.tr\/pera-ogrenme\/atolye\/katmanlasan-duygular\/7056\"><strong>Katmanla\u015fan Duygular<\/strong><\/a><strong>\u201d<\/strong>da ise, Jake &amp; Dinos Chapman\u2019\u0131n eserinden hareketle farkl\u0131 hisler asetatlara \u00e7iziliyor; tatil sevinci ya da s\u00fcrpriz heyecan\u0131 gibi duygular \u00fcst \u00fcste getirilerek \u00e7ok katmanl\u0131 portreler olu\u015fturuluyor.<\/p>\n\n\n\n<p><strong>\u201c<\/strong><a href=\"https:\/\/www.peramuzesi.org.tr\/pera-ogrenme\/atolye\/zamansiz-cicekler\/7059\"><strong>Zamans\u0131z \u00c7i\u00e7ekler<\/strong><\/a><strong>\u201d<\/strong>&nbsp;at\u00f6lyesinde Marc Quinn, Graham Fagen ve Anya Gallaccio\u2019nun \u00e7i\u00e7ek temal\u0131 yap\u0131tlar\u0131ndan ilhamla taze ve kurutulmu\u015f \u00e7i\u00e7eklerle kompozisyonlar haz\u0131rlan\u0131yor; \u00e7al\u0131\u015fmalar laminasyonla kal\u0131c\u0131 sanat eserlerine d\u00f6n\u00fc\u015ft\u00fcr\u00fcl\u00fcyor.<\/p>\n\n\n\n<p><strong>\u201c<\/strong><a href=\"https:\/\/www.peramuzesi.org.tr\/pera-ogrenme\/atolye\/solan-desenler\/7060\"><strong>Solan Desenler<\/strong><\/a><strong>\u201d<\/strong>&nbsp;at\u00f6lyesinde ise Anya Gallaccio\u2019nun&nbsp;<em>G\u00fczelli\u011fi Korumak<\/em>yerle\u015ftirmesinden esinlenilerek do\u011fal malzemelerle ge\u00e7ici desenler yap\u0131l\u0131yor; uygulaman\u0131n sonunda bozulmaya b\u0131rak\u0131lan bu desenler foto\u011fraflanarak kal\u0131c\u0131 bir hat\u0131raya d\u00f6n\u00fc\u015f\u00fcyor.<\/p>\n","protected":false},"excerpt":{"rendered":"<p>Pera M\u00fczesi \u00d6\u011frenme Programlar\u0131, 27 Eyl\u00fcl \u2013 29 Kas\u0131m tarihleri aras\u0131nda 4\u201312 ya\u015f grubu \u00e7ocuklara y\u00f6nelik \u201cBirlikte D\u00fc\u015flemek\u201d at\u00f6lyeleri d\u00fczenliyor. \u00c7i\u00e7eklerden heykellere, kuklalardan merak dolaplar\u0131na&hellip;<\/p>\n","protected":false},"author":6,"featured_media":5749,"comment_status":"open","ping_status":"open","sticky":false,"template":"","format":"standard","meta":{"footnotes":""},"categories":[22],"tags":[],"class_list":["post-5748","post","type-post","status-publish","format-standard","has-post-thumbnail","hentry","category-kultursanat"],"_links":{"self":[{"href":"https:\/\/www.mallandmotto.com\/index.php\/wp-json\/wp\/v2\/posts\/5748","targetHints":{"allow":["GET"]}}],"collection":[{"href":"https:\/\/www.mallandmotto.com\/index.php\/wp-json\/wp\/v2\/posts"}],"about":[{"href":"https:\/\/www.mallandmotto.com\/index.php\/wp-json\/wp\/v2\/types\/post"}],"author":[{"embeddable":true,"href":"https:\/\/www.mallandmotto.com\/index.php\/wp-json\/wp\/v2\/users\/6"}],"replies":[{"embeddable":true,"href":"https:\/\/www.mallandmotto.com\/index.php\/wp-json\/wp\/v2\/comments?post=5748"}],"version-history":[{"count":1,"href":"https:\/\/www.mallandmotto.com\/index.php\/wp-json\/wp\/v2\/posts\/5748\/revisions"}],"predecessor-version":[{"id":5750,"href":"https:\/\/www.mallandmotto.com\/index.php\/wp-json\/wp\/v2\/posts\/5748\/revisions\/5750"}],"wp:featuredmedia":[{"embeddable":true,"href":"https:\/\/www.mallandmotto.com\/index.php\/wp-json\/wp\/v2\/media\/5749"}],"wp:attachment":[{"href":"https:\/\/www.mallandmotto.com\/index.php\/wp-json\/wp\/v2\/media?parent=5748"}],"wp:term":[{"taxonomy":"category","embeddable":true,"href":"https:\/\/www.mallandmotto.com\/index.php\/wp-json\/wp\/v2\/categories?post=5748"},{"taxonomy":"post_tag","embeddable":true,"href":"https:\/\/www.mallandmotto.com\/index.php\/wp-json\/wp\/v2\/tags?post=5748"}],"curies":[{"name":"wp","href":"https:\/\/api.w.org\/{rel}","templated":true}]}}