{"id":5855,"date":"2025-09-26T13:27:30","date_gmt":"2025-09-26T13:27:30","guid":{"rendered":"https:\/\/www.mallandmotto.com\/?p=5855"},"modified":"2025-09-26T13:27:31","modified_gmt":"2025-09-26T13:27:31","slug":"metro-turkiyenin-yeni-iletisim-muduru-pinar-ozistanbullu-demir","status":"publish","type":"post","link":"https:\/\/www.mallandmotto.com\/index.php\/2025\/09\/26\/metro-turkiyenin-yeni-iletisim-muduru-pinar-ozistanbullu-demir\/","title":{"rendered":"Metro T\u00fcrkiye\u2019nin Yeni \u0130leti\u015fim M\u00fcd\u00fcr\u00fc P\u0131nar \u00d6zistanbullu Demir"},"content":{"rendered":"\n<h3 class=\"wp-block-heading\">T\u00fcrk mutfa\u011f\u0131n\u0131n s\u00fcrd\u00fcr\u00fclebilirli\u011fi ve gastronomi k\u00fclt\u00fcr\u00fcn\u00fcn gelece\u011fi i\u00e7in \u00e7al\u0131\u015fmalar\u0131n\u0131 s\u00fcrd\u00fcren Metro T\u00fcrkiye, 1 Eyl\u00fcl 2025 itibar\u0131yla Kurumsal \u0130leti\u015fim M\u00fcd\u00fcrl\u00fc\u011f\u00fc g\u00f6revine \u015firketin deneyimli y\u00f6neticilerinden P\u0131nar \u00d6zistanbullu Demir\u2019i getirdi.<\/h3>\n\n\n\n<p>T\u00fcrk mutfa\u011f\u0131n\u0131n s\u00fcrd\u00fcr\u00fclebilirli\u011fi ve gastronomi k\u00fclt\u00fcr\u00fcn\u00fcn gelece\u011fi i\u00e7in \u00e7al\u0131\u015fmalar\u0131n\u0131 s\u00fcrd\u00fcren Metro T\u00fcrkiye\u2019nin Kurumsal \u0130leti\u015fim M\u00fcd\u00fcrl\u00fc\u011f\u00fc g\u00f6revine, 1 Eyl\u00fcl 2025 itibar\u0131yla P\u0131nar \u00d6zistanbullu Demir atand\u0131.<\/p>\n\n\n\n<p>\u00dclkemizde 1990 y\u0131l\u0131ndan bu yana yeme i\u00e7me sekt\u00f6r\u00fcn\u00fcn \u00f6nc\u00fc i\u015f orta\u011f\u0131 olarak faaliyet g\u00f6steren Metro T\u00fcrkiye\u2019de \u00f6nemli bir atama ger\u00e7ekle\u015fti. \u015eirkete 2006 y\u0131l\u0131nda yeni mezun olarak kat\u0131lan ve kariyeri boyunca kategori y\u00f6netimi, hedef grup m\u00fc\u015fteri y\u00f6netimi, pazarlama ile etkinlik ve sponsorluklar alanlar\u0131nda y\u00f6netici pozisyonlar\u0131nda \u00f6nemli g\u00f6revler alan P\u0131nar \u00d6zistanbullu Demir, 1 Eyl\u00fcl 2025 tarihi itibar\u0131yla Metro T\u00fcrkiye\u2019nin yeni Kurumsal \u0130leti\u015fim M\u00fcd\u00fcr\u00fc oldu.<\/p>\n\n\n\n<p>\u0130T\u00dc G\u0131da M\u00fchendisli\u011fi B\u00f6l\u00fcm\u00fc\u2019nden 2005 y\u0131l\u0131nda mezun olan \u00d6zistanbullu Demir, Metro T\u00fcrkiye\u2019deki uzun y\u0131llara dayanan deneyimiyle hem \u00fcr\u00fcn y\u00f6netimi hem de sekt\u00f6r ve m\u00fc\u015fteri bilgisi sayesinde farkl\u0131 bak\u0131\u015f a\u00e7\u0131lar\u0131n\u0131 bir arada de\u011ferlendirme yetkinli\u011fi kazand\u0131. Yeni g\u00f6revinde Metro T\u00fcrkiye\u2019nin kurumsal ileti\u015fim stratejilerine liderlik edecek olan \u00d6zistanbullu Demir, \u015firketin T\u00fcrk mutfa\u011f\u0131na ve gastronomi ekosistemine katk\u0131lar\u0131n\u0131 ve s\u00fcrd\u00fcr\u00fclebilirlik \u00e7al\u0131\u015fmalar\u0131n\u0131 kamuoyu ile bulu\u015fturacak.<\/p>\n","protected":false},"excerpt":{"rendered":"<p>T\u00fcrk mutfa\u011f\u0131n\u0131n s\u00fcrd\u00fcr\u00fclebilirli\u011fi ve gastronomi k\u00fclt\u00fcr\u00fcn\u00fcn gelece\u011fi i\u00e7in \u00e7al\u0131\u015fmalar\u0131n\u0131 s\u00fcrd\u00fcren Metro T\u00fcrkiye, 1 Eyl\u00fcl 2025 itibar\u0131yla Kurumsal \u0130leti\u015fim M\u00fcd\u00fcrl\u00fc\u011f\u00fc g\u00f6revine \u015firketin deneyimli y\u00f6neticilerinden P\u0131nar \u00d6zistanbullu&hellip;<\/p>\n","protected":false},"author":6,"featured_media":5856,"comment_status":"open","ping_status":"open","sticky":false,"template":"","format":"standard","meta":{"footnotes":""},"categories":[18],"tags":[],"class_list":["post-5855","post","type-post","status-publish","format-standard","has-post-thumbnail","hentry","category-atamalar"],"_links":{"self":[{"href":"https:\/\/www.mallandmotto.com\/index.php\/wp-json\/wp\/v2\/posts\/5855","targetHints":{"allow":["GET"]}}],"collection":[{"href":"https:\/\/www.mallandmotto.com\/index.php\/wp-json\/wp\/v2\/posts"}],"about":[{"href":"https:\/\/www.mallandmotto.com\/index.php\/wp-json\/wp\/v2\/types\/post"}],"author":[{"embeddable":true,"href":"https:\/\/www.mallandmotto.com\/index.php\/wp-json\/wp\/v2\/users\/6"}],"replies":[{"embeddable":true,"href":"https:\/\/www.mallandmotto.com\/index.php\/wp-json\/wp\/v2\/comments?post=5855"}],"version-history":[{"count":1,"href":"https:\/\/www.mallandmotto.com\/index.php\/wp-json\/wp\/v2\/posts\/5855\/revisions"}],"predecessor-version":[{"id":5857,"href":"https:\/\/www.mallandmotto.com\/index.php\/wp-json\/wp\/v2\/posts\/5855\/revisions\/5857"}],"wp:featuredmedia":[{"embeddable":true,"href":"https:\/\/www.mallandmotto.com\/index.php\/wp-json\/wp\/v2\/media\/5856"}],"wp:attachment":[{"href":"https:\/\/www.mallandmotto.com\/index.php\/wp-json\/wp\/v2\/media?parent=5855"}],"wp:term":[{"taxonomy":"category","embeddable":true,"href":"https:\/\/www.mallandmotto.com\/index.php\/wp-json\/wp\/v2\/categories?post=5855"},{"taxonomy":"post_tag","embeddable":true,"href":"https:\/\/www.mallandmotto.com\/index.php\/wp-json\/wp\/v2\/tags?post=5855"}],"curies":[{"name":"wp","href":"https:\/\/api.w.org\/{rel}","templated":true}]}}