{"id":6368,"date":"2025-10-10T08:03:49","date_gmt":"2025-10-10T08:03:49","guid":{"rendered":"https:\/\/www.mallandmotto.com\/?p=6368"},"modified":"2025-10-10T08:03:51","modified_gmt":"2025-10-10T08:03:51","slug":"samsung-electronics-turkiyede-ust-duzey-atama","status":"publish","type":"post","link":"https:\/\/www.mallandmotto.com\/index.php\/2025\/10\/10\/samsung-electronics-turkiyede-ust-duzey-atama\/","title":{"rendered":"Samsung Electronics T\u00fcrkiye\u2019de \u00dcst D\u00fczey Atama"},"content":{"rendered":"\n<h3 class=\"wp-block-heading\"><strong>Samsung Electronics T\u00fcrkiye\u2019de T\u00fcketici Elektroni\u011fi K\u0131demli Pazarlama Direkt\u00f6rl\u00fc\u011f\u00fc g\u00f6revine Osman Badur atand\u0131.<\/strong><\/h3>\n\n\n\n<p>Samsung Electronics T\u00fcrkiye\u2019de \u00fcst d\u00fczey bir atama ger\u00e7ekle\u015fti. T\u00fcrkiye\u2019de beyaz e\u015fya ve elektronik sekt\u00f6r\u00fcnde 20 y\u0131l\u0131 a\u015fk\u0131n deneyimiyle \u00f6nemli ba\u015far\u0131lara imza atan Osman Badur, Samsung T\u00fcrkiye Beyaz E\u015fya K\u0131demli Pazarlama Direkt\u00f6r\u00fc olarak g\u00f6revine ba\u015flad\u0131. Yeni g\u00f6reviyle birlikte sekt\u00f6r\u00fcn dinamiklerini daha da ileri ta\u015f\u0131yacak projelere odaklanaca\u011f\u0131n\u0131 s\u00f6yleyen Badur, sekt\u00f6rde edindi\u011fi bilgi birikimi ve deneyimle Samsung T\u00fcrkiye\u2019de g\u00fc\u00e7l\u00fc bir de\u011fer yaratmay\u0131 hedefledi\u011fini belirtti.<\/p>\n\n\n\n<p><strong>D\u00f6n\u00fc\u015f\u00fcme liderlik eden, deneyimli isim<\/strong><\/p>\n\n\n\n<p>Lisans e\u011fitimini \u0130stanbul Teknik \u00dcniversitesi \u0130\u015fletme M\u00fchendisli\u011fi\u2019nde, y\u00fcksek lisans e\u011fitimini (MBA) Yeditepe \u00dcniversitesi\u2019nde tamamlayan Osman Badur, profesyonel i\u015f hayat\u0131na 2002 y\u0131l\u0131nda ba\u015flad\u0131. 23 y\u0131ll\u0131k i\u015f ya\u015fam\u0131 boyunca pazarlama, \u00fcr\u00fcn y\u00f6netimi, marka, ileti\u015fim, e-ticaret y\u00f6netimi, strateji ve i\u015f geli\u015ftirme alanlar\u0131nda farkl\u0131 pozisyonlarda g\u00f6rev alan ve son olarak Genel M\u00fcd\u00fcr Yard\u0131mc\u0131s\u0131 (GMY) rol\u00fcnde ba\u015far\u0131l\u0131 i\u015flere imza atan Badur, farkl\u0131 i\u015f kollar\u0131nda edindi\u011fi tecr\u00fcbeler ve d\u00f6n\u00fc\u015f\u00fcm s\u00fcre\u00e7lerindeki liderli\u011fiyle tan\u0131n\u0131yor.<\/p>\n","protected":false},"excerpt":{"rendered":"<p>Samsung Electronics T\u00fcrkiye\u2019de T\u00fcketici Elektroni\u011fi K\u0131demli Pazarlama Direkt\u00f6rl\u00fc\u011f\u00fc g\u00f6revine Osman Badur atand\u0131. Samsung Electronics T\u00fcrkiye\u2019de \u00fcst d\u00fczey bir atama ger\u00e7ekle\u015fti. T\u00fcrkiye\u2019de beyaz e\u015fya ve elektronik&hellip;<\/p>\n","protected":false},"author":6,"featured_media":6369,"comment_status":"open","ping_status":"open","sticky":false,"template":"","format":"standard","meta":{"footnotes":""},"categories":[18],"tags":[],"class_list":["post-6368","post","type-post","status-publish","format-standard","has-post-thumbnail","hentry","category-atamalar"],"_links":{"self":[{"href":"https:\/\/www.mallandmotto.com\/index.php\/wp-json\/wp\/v2\/posts\/6368","targetHints":{"allow":["GET"]}}],"collection":[{"href":"https:\/\/www.mallandmotto.com\/index.php\/wp-json\/wp\/v2\/posts"}],"about":[{"href":"https:\/\/www.mallandmotto.com\/index.php\/wp-json\/wp\/v2\/types\/post"}],"author":[{"embeddable":true,"href":"https:\/\/www.mallandmotto.com\/index.php\/wp-json\/wp\/v2\/users\/6"}],"replies":[{"embeddable":true,"href":"https:\/\/www.mallandmotto.com\/index.php\/wp-json\/wp\/v2\/comments?post=6368"}],"version-history":[{"count":1,"href":"https:\/\/www.mallandmotto.com\/index.php\/wp-json\/wp\/v2\/posts\/6368\/revisions"}],"predecessor-version":[{"id":6370,"href":"https:\/\/www.mallandmotto.com\/index.php\/wp-json\/wp\/v2\/posts\/6368\/revisions\/6370"}],"wp:featuredmedia":[{"embeddable":true,"href":"https:\/\/www.mallandmotto.com\/index.php\/wp-json\/wp\/v2\/media\/6369"}],"wp:attachment":[{"href":"https:\/\/www.mallandmotto.com\/index.php\/wp-json\/wp\/v2\/media?parent=6368"}],"wp:term":[{"taxonomy":"category","embeddable":true,"href":"https:\/\/www.mallandmotto.com\/index.php\/wp-json\/wp\/v2\/categories?post=6368"},{"taxonomy":"post_tag","embeddable":true,"href":"https:\/\/www.mallandmotto.com\/index.php\/wp-json\/wp\/v2\/tags?post=6368"}],"curies":[{"name":"wp","href":"https:\/\/api.w.org\/{rel}","templated":true}]}}