{"id":6531,"date":"2025-10-13T06:21:35","date_gmt":"2025-10-13T06:21:35","guid":{"rendered":"https:\/\/www.mallandmotto.com\/?p=6531"},"modified":"2025-10-13T06:21:36","modified_gmt":"2025-10-13T06:21:36","slug":"20-yilda-bir-koleksiyon-incelemesi","status":"publish","type":"post","link":"https:\/\/www.mallandmotto.com\/index.php\/2025\/10\/13\/20-yilda-bir-koleksiyon-incelemesi\/","title":{"rendered":"20. Y\u0131lda Bir Koleksiyon \u0130ncelemesi"},"content":{"rendered":"\n<h3 class=\"wp-block-heading\"><strong>Pera M\u00fczesi, 20. y\u0131l\u0131 kapsam\u0131nda, Anadolu\u2019nun ticari ve k\u00fclt\u00fcrel tarihine ve bu alandaki bilimsel ara\u015ft\u0131rmalara \u0131\u015f\u0131k tutacak \u201c20. Y\u0131lda Bir Koleksiyon \u0130ncelemesi: Anadolu A\u011f\u0131rl\u0131k ve \u00d6l\u00e7\u00fcleri\u201d ba\u015fl\u0131kl\u0131 bir kolokyum d\u00fczenliyor. 17 Ekim Cuma g\u00fcn\u00fc ger\u00e7ekle\u015fecek ve farkl\u0131 disiplinlerden ara\u015ft\u0131rmac\u0131lar\u0131 bir araya getirecek etkinlik, Anadolu A\u011f\u0131rl\u0131k ve \u00d6l\u00e7\u00fcleri Koleksiyonu\u2019nun tarihsel metroloji alan\u0131ndaki \u00f6nemini ve k\u00fclt\u00fcrel miras\u0131n korunmas\u0131na sundu\u011fu katk\u0131lar\u0131 yeniden de\u011ferlendirecek.<\/strong><\/h3>\n\n\n\n<p><strong>Suna ve \u0130nan K\u0131ra\u00e7 Vakf\u0131 Pera M\u00fczesi,&nbsp;<\/strong>kurulu\u015funun 20. y\u0131l\u0131 kapsam\u0131nda Anadolu A\u011f\u0131rl\u0131k ve \u00d6l\u00e7\u00fcleri Koleksiyonu\u2019nu oda\u011f\u0131na alan \u00f6zel bir kolokyum d\u00fczenliyor.&nbsp;<strong>\u201c<\/strong><a href=\"https:\/\/www.peramuzesi.org.tr\/etkinlik\/20-yilda-bir-koleksiyon-incelemesi-anadolu-agirlik-ve-olculeri\/7576\"><strong>20. Y\u0131lda Bir Koleksiyon \u0130ncelemesi: Anadolu A\u011f\u0131rl\u0131k ve \u00d6l\u00e7\u00fcleri<\/strong><\/a><strong>\u201d<\/strong>&nbsp;ba\u015fl\u0131kl\u0131 etkinlik,&nbsp;<strong>17 Ekim Cuma saat 11.00\u2019de<\/strong>&nbsp;<strong>Pera M\u00fczesi\u2019nde<\/strong>&nbsp;ger\u00e7ekle\u015fecek. M\u00fczenin yirmi y\u0131ll\u0131k yolculu\u011funda koleksiyon ara\u015ft\u0131rmalar\u0131n\u0131n ve bilimsel i\u015f birliklerinin \u00f6nemini vurgulayan kolokyum, k\u00fclt\u00fcrel miras\u0131n korunmas\u0131 ve payla\u015f\u0131lmas\u0131na y\u00f6nelik yeni bir tart\u0131\u015fma alan\u0131 a\u00e7acak.<\/p>\n\n\n\n<p><strong>Tarihsel metrolojinin izinde<\/strong><\/p>\n\n\n\n<p>Etkinli\u011fin merkezinde yer alan tarihsel metroloji, antik \u00e7a\u011fdan g\u00fcn\u00fcm\u00fcze a\u011f\u0131rl\u0131k ve \u00f6l\u00e7\u00fc sistemlerinin geli\u015fimini inceleyen disiplinleraras\u0131 bir ara\u015ft\u0131rma alan\u0131. Arkeoloji, tarih, sanat tarihi, epigrafi ve n\u00fcmismatik gibi alanlarla kurdu\u011fu ba\u011flant\u0131lar sayesinde, yaln\u0131zca antik ticaretin ve ekonominin de\u011fil, k\u00fclt\u00fcrel tarih yaz\u0131m\u0131n\u0131n da yeni a\u00e7\u0131lardan de\u011ferlendirilmesine olanak tan\u0131yor.<\/p>\n\n\n\n<p><strong>Farkl\u0131 co\u011frafyalardan ara\u015ft\u0131rmac\u0131lar bir araya geliyor<\/strong><\/p>\n\n\n\n<p>Pera M\u00fczesi\u2019nin 20. y\u0131l\u0131 vesilesiyle d\u00fczenlenen kolokyum,&nbsp;<a href=\"https:\/\/www.peramuzesi.org.tr\/koleksiyon\/anadolu-agirlik-ve-olculeri-koleksiyonu\/2\">Anadolu A\u011f\u0131rl\u0131k ve \u00d6l\u00e7\u00fcleri Koleksiyonu<\/a>\u2019nun tarihsel metroloji alan\u0131ndaki yeri ile T\u00fcrkiye\u2019de ve d\u00fcnyada a\u011f\u0131rl\u0131k ve \u00f6l\u00e7\u00fc ara\u015ft\u0131rmalar\u0131na sundu\u011fu katk\u0131lar\u0131 yeniden de\u011ferlendirmeye a\u00e7\u0131yor.&nbsp;<\/p>\n\n\n\n<p>Kolokyumda, Ko\u00e7 \u00dcniversitesi\u2019nden&nbsp;<strong>O\u011fuz Tekin<\/strong>&nbsp;\u201c<strong>Terazi A\u011f\u0131rl\u0131klar\u0131: Bir Ke\u015fif Yolculu\u011funun \u00d6yk\u00fcs\u00fc<\/strong>\u201d ba\u015fl\u0131kl\u0131 sunumuyla yer alacak. Louvain-la-Neuve \u00dcniversitesi doktora \u00f6\u011frencisi&nbsp;<strong>Thomas Leblanc<\/strong>, \u201c<strong>Sembol ve Anlam: Antik Yunan D\u00fcnyas\u0131nda A\u011f\u0131rl\u0131klar \u00dczerindeki&nbsp;<em>Parasema<\/em>\u2019y\u0131 Yeniden D\u00fc\u015f\u00fcnmek<\/strong>\u201d adl\u0131 konu\u015fmas\u0131nda Antik Yunan metrolojisine yeni bir bak\u0131\u015f sunacak. Avusturya Arkeoloji Enstit\u00fcs\u00fc doktora sonras\u0131 ara\u015ft\u0131rmac\u0131s\u0131&nbsp;<strong>Eleni Theodorou<\/strong>&nbsp;ise \u201c<strong>Roma \u0130mparatorluk \u00c7a\u011f\u0131\u2019nda Bat\u0131 Anadolu \u015eehir Devletlerinin Damgal\u0131 A\u011f\u0131rl\u0131klar\u0131<\/strong>\u201d \u00fczerine ger\u00e7ekle\u015ftirdi\u011fi \u00e7al\u0131\u015fmay\u0131 payla\u015facak. Pera M\u00fczesi Anadolu A\u011f\u0131rl\u0131k ve \u00d6l\u00e7\u00fcleri ile K\u00fctahya \u00c7ini ve Seramikleri Koleksiyonu Sorumlusu&nbsp;<strong>Yavuz Selim G\u00fcler<\/strong>&nbsp;de \u201c<strong>Pera M\u00fczesi\u2019nde Tarihsel Metroloji \u00c7al\u0131\u015fmalar\u0131n\u0131n \u0130lk 20 Y\u0131l\u0131<\/strong>\u201d ba\u015fl\u0131kl\u0131 sunumunda koleksiyonun ge\u00e7mi\u015ften g\u00fcn\u00fcm\u00fcze bilim d\u00fcnyas\u0131ndaki etkilerini kendi perspektifinden aktaracak.<\/p>\n\n\n\n<p><strong>Bilimsel bir referans olarak koleksiyonun yolculu\u011fu<\/strong><\/p>\n\n\n\n<p>Suna ve \u0130nan K\u0131ra\u00e7 Vakf\u0131 taraf\u0131ndan 1980\u2019li y\u0131llarda olu\u015fturulmaya ba\u015flanan Anadolu A\u011f\u0131rl\u0131k ve \u00d6l\u00e7\u00fcleri Koleksiyonu, T\u00fcrkiye\u2019de tarihsel metroloji \u00e7al\u0131\u015fmalar\u0131na y\u00f6n veren \u00f6nc\u00fc bir referans koleksiyon konumunda. 2005 y\u0131l\u0131nda Pera M\u00fczesi\u2019nin a\u00e7\u0131lmas\u0131yla birlikte \u00f6zel bir koleksiyondan m\u00fcze koleksiyonuna d\u00f6n\u00fc\u015fen bu se\u00e7ki, kapsaml\u0131 i\u00e7eri\u011fiyle hem T\u00fcrkiye\u2019de hem de uluslararas\u0131 \u00f6l\u00e7ekte yap\u0131lan ara\u015ft\u0131rmalara kaynakl\u0131k ediyor. Koleksiyon, tarihsel metrolojiye dair bilimsel \u00e7al\u0131\u015fmalar\u0131 desteklemenin yan\u0131 s\u0131ra, k\u00fclt\u00fcr varl\u0131klar\u0131n\u0131n korunmas\u0131 ve belgelenmesine y\u00f6nelik katk\u0131lar\u0131yla da dikkat \u00e7ekiyor.<\/p>\n","protected":false},"excerpt":{"rendered":"<p>Pera M\u00fczesi, 20. y\u0131l\u0131 kapsam\u0131nda, Anadolu\u2019nun ticari ve k\u00fclt\u00fcrel tarihine ve bu alandaki bilimsel ara\u015ft\u0131rmalara \u0131\u015f\u0131k tutacak \u201c20. Y\u0131lda Bir Koleksiyon \u0130ncelemesi: Anadolu A\u011f\u0131rl\u0131k ve&hellip;<\/p>\n","protected":false},"author":6,"featured_media":6532,"comment_status":"open","ping_status":"open","sticky":false,"template":"","format":"standard","meta":{"footnotes":""},"categories":[22],"tags":[],"class_list":["post-6531","post","type-post","status-publish","format-standard","has-post-thumbnail","hentry","category-kultursanat"],"_links":{"self":[{"href":"https:\/\/www.mallandmotto.com\/index.php\/wp-json\/wp\/v2\/posts\/6531","targetHints":{"allow":["GET"]}}],"collection":[{"href":"https:\/\/www.mallandmotto.com\/index.php\/wp-json\/wp\/v2\/posts"}],"about":[{"href":"https:\/\/www.mallandmotto.com\/index.php\/wp-json\/wp\/v2\/types\/post"}],"author":[{"embeddable":true,"href":"https:\/\/www.mallandmotto.com\/index.php\/wp-json\/wp\/v2\/users\/6"}],"replies":[{"embeddable":true,"href":"https:\/\/www.mallandmotto.com\/index.php\/wp-json\/wp\/v2\/comments?post=6531"}],"version-history":[{"count":1,"href":"https:\/\/www.mallandmotto.com\/index.php\/wp-json\/wp\/v2\/posts\/6531\/revisions"}],"predecessor-version":[{"id":6533,"href":"https:\/\/www.mallandmotto.com\/index.php\/wp-json\/wp\/v2\/posts\/6531\/revisions\/6533"}],"wp:featuredmedia":[{"embeddable":true,"href":"https:\/\/www.mallandmotto.com\/index.php\/wp-json\/wp\/v2\/media\/6532"}],"wp:attachment":[{"href":"https:\/\/www.mallandmotto.com\/index.php\/wp-json\/wp\/v2\/media?parent=6531"}],"wp:term":[{"taxonomy":"category","embeddable":true,"href":"https:\/\/www.mallandmotto.com\/index.php\/wp-json\/wp\/v2\/categories?post=6531"},{"taxonomy":"post_tag","embeddable":true,"href":"https:\/\/www.mallandmotto.com\/index.php\/wp-json\/wp\/v2\/tags?post=6531"}],"curies":[{"name":"wp","href":"https:\/\/api.w.org\/{rel}","templated":true}]}}