{"id":6751,"date":"2025-10-17T07:03:45","date_gmt":"2025-10-17T07:03:45","guid":{"rendered":"https:\/\/www.mallandmotto.com\/?p=6751"},"modified":"2025-10-17T07:03:46","modified_gmt":"2025-10-17T07:03:46","slug":"iki-ozel-mekan-arasinda-sanat-koprusu-kuruldu","status":"publish","type":"post","link":"https:\/\/www.mallandmotto.com\/index.php\/2025\/10\/17\/iki-ozel-mekan-arasinda-sanat-koprusu-kuruldu\/","title":{"rendered":"\u0130ki \u00d6zel Mekan Aras\u0131nda Sanat K\u00f6pr\u00fcs\u00fc Kuruldu"},"content":{"rendered":"\n<h3 class=\"wp-block-heading\"><strong>\u0130stanbul&#8217;un sanat haritas\u0131n\u0131 yeniden \u00e7izen Artweeks Istanbul, UBS ana sponsorlu\u011funda ve Bilgili Holding\u2019in kurucu sponsorlu\u011funda, 12\u2019nci edisyonuyla sanatseverlere kap\u0131lar\u0131n\u0131 a\u00e7t\u0131. Bilgili Sanat taraf\u0131ndan d\u00fczenlenen ve 10 g\u00fcn boyunca \u015fehrin k\u00fclt\u00fcrel ritmini belirleyecek olan Artweeks Istanbul\u2019un 12. Edisyonu, 15 &#8211; 26 Ekim 2025 tarihleri aras\u0131nda sanat\u0131n en g\u00fcncel ve dinamik \u00f6rneklerini iki ana lokasyonda bir araya getiriyor.<\/strong>\u00a0<br><br><span style=\"font-family: Calibri, sans-serif; font-size: 15px; caret-color: rgb(28, 43, 40); color: rgb(28, 43, 40); font-weight: 400; text-align: justify; white-space: normal;\">Bu y\u0131l The Ritz-Carlton Residences, \u0130stanbul B Blok ve Akaretler S\u0131raevler aras\u0131nda bir sanat k\u00f6pr\u00fcs\u00fc kuran Artweeks Istanbul 12. Edisyon, ziyaret\u00e7ilere galeri se\u00e7kilerinden solo projelere, kurumsal koleksiyonlardan, ba\u011f\u0131ms\u0131z sanat\u00e7\u0131lara, enstalasyonlara uzanan zengin ve \u00e7ok katmanl\u0131 bir ke\u015fif deneyimi vaat ediyor.<\/span><p style=\"font-size: 16px; font-weight: 400; white-space: normal; padding: 0px; caret-color: rgb(28, 43, 40); color: rgb(28, 43, 40); margin: 0cm 0cm 8pt; line-height: 17.120001px; font-family: Aptos, sans-serif; text-align: justify;\"><strong><span style=\"font-size: 15px; line-height: 16.049999px; font-family: Calibri, sans-serif;\">\u015eehrin \u0130ki Noktas\u0131nda Sanat \u015e\u00f6leni<\/span><\/strong><\/p><p style=\"font-size: 16px; font-weight: 400; white-space: normal; padding: 0px; caret-color: rgb(28, 43, 40); color: rgb(28, 43, 40); margin: 0cm 0cm 8pt; line-height: 17.120001px; font-family: Aptos, sans-serif; text-align: justify;\"><span style=\"font-size: 15px; line-height: 16.049999px; font-family: Calibri, sans-serif;\">Artweeks Istanbul 12. Edisyonu ile ziyaret\u00e7ilerine iki farkl\u0131 karakterde ancak birbirini tamamlayan bir sanat deneyimi sunuyor. The Ritz-Carlton Residences, \u0130stanbul B Blok, T\u00fcrkiye\u2019nin \u00f6nde gelen modern ve \u00e7a\u011fda\u015f sanat galerilerinin \u00f6zenle haz\u0131rlad\u0131\u011f\u0131 se\u00e7kilerine ev sahipli\u011fi yaparak koleksiyonerler ve sanat profesyonelleri i\u00e7in bir \u00e7ekim merkezi olu\u015fturuyor. Akaretler S\u0131raevler ise solo sergiler, gen\u00e7 sanat\u00e7\u0131lar\u0131n ba\u011f\u0131ms\u0131z projeleri, kurumsal koleksiyonlardan \u00f6zel se\u00e7kiler ve sanat\u0131n yenilik\u00e7i \u00f6rnekleriyle daha dinamik ve ke\u015ffe a\u00e7\u0131k bir rota \u00e7iziyor.<\/span><\/p><p style=\"font-size: 16px; font-weight: 400; white-space: normal; padding: 0px; caret-color: rgb(28, 43, 40); color: rgb(28, 43, 40); margin: 0cm 0cm 8pt; line-height: 17.120001px; font-family: Aptos, sans-serif; text-align: justify;\"><span style=\"font-size: 15px; line-height: 16.049999px; font-family: Calibri, sans-serif;\">Bu y\u0131l Artweeks Istanbul&#8217;da yer alan galeri, sanat\u00e7\u0131 ve kurumlar aras\u0131nda;\u00a0<strong>Ambidexter, Artopol Art Gallery, ArtHan Gallery, As\u0131m \u0130\u015fler, Baks\u0131 M\u00fczesi, Bilgili Sanat, Bosfor, B\u00fclent Eczac\u0131ba\u015f\u0131, Bursa B\u00fcy\u00fck\u015fehir Belediyesi, BB Projectt, Cem G\u00fcvent\u00fcrk, Eart Gallery, EV\u0130N, Frank Art Studio, Galeri Siyah Beyaz, Galerist, Gallery G-Art, Hasan Sar\u0131ta\u015f Art Gallery, Horozart, Taksim Sanat, \u0130yilik \u0130\u00e7in Sanat Derne\u011fi, \u0130moga Art Space, Istanbul Concept Gallery, Kun Art Space, Martch Art Project, MERKUR, Mine Sanat Galerisi, Nihat Odaba\u015f\u0131, \u00d6ktem Aykut, Pi Artworks, Red Art \u0130stanbul, Sanatorium, \u015eerife Bilgili Ercant\u00fcrk, Taksim Sanat, Tamer Y\u0131lmaz, UZ Gallery, Versus Art Project<\/strong>\u00a0ve\u00a0<strong>X-IST<\/strong>\u00a0bulunuyor.<\/span><\/p><p style=\"font-size: 16px; font-weight: 400; white-space: normal; padding: 0px; caret-color: rgb(28, 43, 40); color: rgb(28, 43, 40); margin: 0cm 0cm 8pt; line-height: 17.120001px; font-family: Aptos, sans-serif; text-align: justify;\"><strong><span style=\"font-size: 15px; line-height: 16.049999px; font-family: Calibri, sans-serif;\">Sanat Ekosistemini G\u00fc\u00e7lendiren Vizyon<\/span><\/strong><\/p><p style=\"font-size: 16px; font-weight: 400; white-space: normal; padding: 0px; caret-color: rgb(28, 43, 40); color: rgb(28, 43, 40); margin: 0cm 0cm 8pt; line-height: 17.120001px; font-family: Aptos, sans-serif; text-align: justify;\"><span style=\"font-size: 15px; line-height: 16.049999px; font-family: Calibri, sans-serif;\">Sanat\u0131n, Bilgili Holding kurumsal kimli\u011finin temel par\u00e7alar\u0131ndan biri oldu\u011funu vurgulayan Bilgili Holding CEO\u2019su Sinan Temo, Artweeks Istanbul&#8217;un arkas\u0131ndaki vizyonu \u015fu s\u00f6zlerle detayland\u0131rd\u0131:\u00a0<\/span><\/p><p style=\"font-size: 16px; font-weight: 400; white-space: normal; padding: 0px; caret-color: rgb(28, 43, 40); color: rgb(28, 43, 40); margin: 0cm 0cm 8pt; line-height: 17.120001px; font-family: Aptos, sans-serif; text-align: justify;\"><span style=\"font-size: 15px; line-height: 16.049999px; font-family: Calibri, sans-serif;\">\u201cSanat, Bilgili Holding\u2019in DNA\u2019s\u0131na i\u015flemi\u015f, ku\u015faklar boyunca g\u00fc\u00e7lenerek devam eden bir de\u011ferdir. Bu vizyonu kurumsal bir \u00e7er\u00e7eveye ta\u015f\u0131mak \u00fczere 2021&#8217;de kurdu\u011fumuz Bilgili Sanat ile yaln\u0131zca sergiler d\u00fczenlemiyor; \u00fcretimle ve sanat\u00e7\u0131yla do\u011frudan ba\u011f kuran, fikir ve yeniliklere hamilik yapan \u00e7ok y\u00f6nl\u00fc bir destek modeli sunuyoruz. T\u00fcrkiye\u2019de sanat\u0131n ve \u00f6zellikle de gen\u00e7, dinamik sanat\u00e7\u0131 potansiyelinin \u00e7ok y\u00fcksek oldu\u011funa inan\u0131yoruz. Ancak bu potansiyelin daha fazla platformla desteklenmesi gerekiyor.<\/span><\/p><p style=\"font-size: 16px; font-weight: 400; white-space: normal; padding: 0px; caret-color: rgb(28, 43, 40); color: rgb(28, 43, 40); margin: 0cm 0cm 8pt; line-height: 17.120001px; font-family: Aptos, sans-serif; text-align: justify;\"><span style=\"font-size: 15px; line-height: 16.049999px; font-family: Calibri, sans-serif;\">Artweeks Istanbul ise hi\u00e7 \u015f\u00fcphesiz bu vizyonumuzun en somut \u00f6rne\u011fidir. 7 Y\u0131l \u00f6nce iki sergi ile ba\u015flayan Artweeks Istanbul, g\u00f6rd\u00fc\u011f\u00fc yo\u011fun ilgi ve talep ile bug\u00fcn 12\u2019nci edisyonunda iki ayr\u0131 lokasyonda 8.300 metrekarelere ula\u015ft\u0131. Onu, bir fuar tan\u0131m\u0131n\u0131n d\u0131\u015f\u0131nda, k\u00e2r amac\u0131 g\u00fctmeyen, kolektif \u00fcretim ve dayan\u0131\u015fma ekseninde konumland\u0131rd\u0131k. Bu yap\u0131da, galeriler ve k\u00fcrat\u00f6rler i\u00e7in alan kiralama fiyatlar\u0131n\u0131 sadece maliyet bazl\u0131 tutarak eri\u015filebilir bir platform sa\u011flarken; gen\u00e7 ve ba\u011f\u0131ms\u0131z sanat\u00e7\u0131lara ise geli\u015fimlerini desteklemek \u00fczere \u00fccretsiz alanlar sunuyoruz. En temel \u00f6nceli\u011fimiz, gen\u00e7 sanat\u00e7\u0131lar\u0131n, ba\u011f\u0131ms\u0131z yap\u0131lar\u0131n ve galerilerin s\u00fcrd\u00fcr\u00fclebilirli\u011fini g\u00fc\u00e7lendirerek sanat piyasas\u0131n\u0131n geli\u015fim ivmesini art\u0131rmak ve sanat\u0131 herkes i\u00e7in eri\u015filebilir k\u0131lmakt\u0131r. Akaretler\u2019den The Ritz-Carlton Residences\u2019a uzanan bu sanat k\u00f6pr\u00fcs\u00fc de bu misyonun en somut ad\u0131m\u0131d\u0131r.\u00a0<\/span><\/p><p style=\"font-size: 16px; font-weight: 400; white-space: normal; padding: 0px; caret-color: rgb(28, 43, 40); color: rgb(28, 43, 40); margin: 0cm 0cm 8pt; line-height: 17.120001px; font-family: Aptos, sans-serif; text-align: justify;\"><span style=\"font-size: 15px; line-height: 16.049999px; font-family: Calibri, sans-serif;\">Her ge\u00e7en y\u0131l b\u00fcy\u00fcyerek daha g\u00fc\u00e7l\u00fc bir misyonu \u00fcstlenen Artweeks Istanbul\u2019da t\u00fcm payda\u015flar\u0131m\u0131z\u0131n katk\u0131s\u0131 b\u00fcy\u00fck, ancak 4. Edisyondan bu yana s\u00fcregelen UBS ile i\u015f birli\u011fimiz farkl\u0131 a\u00e7\u0131lardan \u00e7ok de\u011ferli. UBS gibi global, g\u00fc\u00e7l\u00fc bir kurumun deste\u011fi, yaln\u0131zca finansal a\u00e7\u0131dan sanat\u0131n s\u00fcrd\u00fcr\u00fclebilirli\u011fi ile s\u0131n\u0131rl\u0131 de\u011fil; ayn\u0131 zamanda uluslararas\u0131 sanat d\u00fcnyas\u0131nda g\u00fcvenilir bir ortakl\u0131k anlam\u0131 ta\u015f\u0131yor. UBS\u2019in sanat alan\u0131ndaki g\u00fc\u00e7l\u00fc vizyonu ve k\u00fcresel deneyimleri, Artweeks Istanbul\u2019un s\u0131n\u0131rlar\u0131 a\u015fmas\u0131na, uluslararas\u0131 boyutta ve farkl\u0131 payda\u015flarla eri\u015fimine de olanak sa\u011fl\u0131yor.\u201d<\/span><\/p><p style=\"font-size: 16px; font-weight: 400; white-space: normal; padding: 0px; caret-color: rgb(28, 43, 40); color: rgb(28, 43, 40); margin: 0cm 0cm 8pt; line-height: 17.120001px; font-family: Aptos, sans-serif; text-align: justify;\"><strong><span style=\"font-size: 15px; line-height: 16.049999px; font-family: Calibri, sans-serif;\">Bilgili Holding Sanat ve K\u00fclt\u00fcr Direkt\u00f6r\u00fc Beg\u00fcm G\u00fcney<\/span><\/strong><span style=\"font-size: 15px; line-height: 16.049999px; font-family: Calibri, sans-serif;\">, bu y\u0131lki \u00e7ift lokasyonlu yap\u0131n\u0131n ard\u0131ndaki vizyonu \u015f\u00f6yle a\u00e7\u0131klad\u0131:<\/span><\/p><p style=\"font-size: 16px; font-weight: 400; white-space: normal; padding: 0px; caret-color: rgb(28, 43, 40); color: rgb(28, 43, 40); margin: 0cm 0cm 8pt; line-height: 17.120001px; font-family: Aptos, sans-serif; text-align: justify;\"><span style=\"font-size: 15px; line-height: 16.049999px; font-family: Calibri, sans-serif;\">\u201c12. edisyonla birlikte Artweeks\u2019i \u015fehrin iki farkl\u0131 dinami\u011fine sahip noktas\u0131na ta\u015f\u0131yarak bir sanat maratonu yaratmay\u0131 hedefledik. Bu yap\u0131, bize hem yerle\u015fik galeri sistemini destekleme hem de ba\u011f\u0131ms\u0131z projelere ve yeni sanat formlar\u0131na alan a\u00e7ma esnekli\u011fi tan\u0131yor. Bir yanda The Ritz-Carlton Residences\u2019da galerilerin \u00f6zenli se\u00e7kilerini sunarken, di\u011fer yanda Akaretler S\u0131raevler\u2019in tarihi atmosferinde solo sergilere, \u00f6zel koleksiyonlara ve dinamik projelere ev sahipli\u011fi yap\u0131yoruz. Amac\u0131m\u0131z, ziyaret\u00e7ilere nefes alan, ya\u015fayan ve her k\u00f6\u015fesinde farkl\u0131 bir diyalog ba\u015flatan zengin bir deneyim sunmak.\u201d<\/span><\/p><p style=\"font-size: 16px; font-weight: 400; white-space: normal; padding: 0px; caret-color: rgb(28, 43, 40); color: rgb(28, 43, 40); margin: 0cm 0cm 8pt; line-height: 17.120001px; font-family: Aptos, sans-serif; text-align: justify;\"><strong><span style=\"font-size: 15px; line-height: 16.049999px; font-family: Calibri, sans-serif;\">Artweeks Istanbul Dan\u0131\u015fman\u0131 Sabiha Kurtulmu\u015f<\/span><\/strong><span style=\"font-size: 15px; line-height: 16.049999px; font-family: Calibri, sans-serif;\">, etkinli\u011fin sanat ekonomisindeki rol\u00fcn\u00fc \u015fu s\u00f6zlerle vurgulad\u0131:<\/span><\/p><p style=\"font-size: 16px; font-weight: 400; white-space: normal; padding: 0px; caret-color: rgb(28, 43, 40); color: rgb(28, 43, 40); margin: 0cm 0cm 8pt; line-height: 17.120001px; font-family: Aptos, sans-serif; text-align: justify;\"><span style=\"font-size: 15px; line-height: 16.049999px; font-family: Calibri, sans-serif;\">\u201cArtweeks Istanbul, sanat ekonomisinin en temel akt\u00f6rlerini\u2014sanat\u00e7\u0131lar, galeriler, koleksiyonerler ve sanatseverler\u2014bir araya getiren dinamik bir pazar yeri i\u015flevi g\u00f6r\u00fcyor. Bu platform, sadece eserlerin sergilendi\u011fi bir fuar olman\u0131n \u00f6tesinde, k\u00fclt\u00fcrel \u00fcretimin s\u00fcrd\u00fcr\u00fclebilirli\u011fine hizmet eden, yeni diyaloglar ba\u015flatan ve sanat piyasas\u0131na taze bir enerji getiren kritik bir rol \u00fcstleniyor. Sanat\u0131n eri\u015filebilirli\u011fini art\u0131rarak yeni izleyici ve koleksiyoner kitleleri olu\u015fturmas\u0131, ekosistemin sa\u011fl\u0131kl\u0131 b\u00fcy\u00fcmesi i\u00e7in hayati \u00f6nem ta\u015f\u0131yor.\u201d<\/span><\/p><p style=\"font-size: 16px; font-weight: 400; white-space: normal; padding: 0px; caret-color: rgb(28, 43, 40); color: rgb(28, 43, 40); margin: 0cm 0cm 8pt; line-height: 17.120001px; font-family: Aptos, sans-serif; text-align: justify;\"><strong><span style=\"font-size: 15px; line-height: 16.049999px; font-family: Calibri, sans-serif;\">Sanat Herkes \u0130\u00e7in, T\u00fcm Sergiler \u00dccretsiz<\/span><\/strong><\/p><p style=\"font-size: 16px; font-weight: 400; white-space: normal; padding: 0px; caret-color: rgb(28, 43, 40); color: rgb(28, 43, 40); margin: 0cm 0cm 8pt; line-height: 17.120001px; font-family: Aptos, sans-serif; text-align: justify;\"><span style=\"font-size: 15px; line-height: 16.049999px; font-family: Calibri, sans-serif;\">Sanat\u00e7\u0131lar, galeriler ve kurumlar aras\u0131nda kurdu\u011fu k\u00f6pr\u00fc ile sanat ekosistemine canl\u0131l\u0131k katan Artweeks Istanbul, en temel misyonlar\u0131ndan birini 12. edisyonunda da s\u00fcrd\u00fcr\u00fcyor: T\u00fcm sergiler, daha \u00f6nceki y\u0131llarda oldu\u011fu gibi yine herkese a\u00e7\u0131k ve tamamen \u00fccretsizdir. Bu yakla\u015f\u0131m, Artweeks Istanbul&#8217;un sanat\u0131 geni\u015f kitlelerle bulu\u015fturma, toplumsal diyalo\u011fu te\u015fvik etme ve \u015fehrin k\u00fclt\u00fcrel ya\u015fam\u0131na kat\u0131l\u0131m\u0131 art\u0131rma hedefinin temel ta\u015f\u0131n\u0131 olu\u015fturmaktad\u0131r.<\/span><\/p><p style=\"font-size: 16px; font-weight: 400; white-space: normal; padding: 0px; caret-color: rgb(28, 43, 40); color: rgb(28, 43, 40); margin: 0cm 0cm 8pt; line-height: 17.120001px; font-family: Aptos, sans-serif; text-align: justify;\"><strong><span style=\"font-size: 15px; line-height: 16.049999px; font-family: Calibri, sans-serif;\">\u00d6zel Bir Ke\u015fif Alan\u0131 \u2018Curation Space\u2019<\/span><\/strong><\/p><p style=\"font-size: 16px; font-weight: 400; white-space: normal; padding: 0px; caret-color: rgb(28, 43, 40); color: rgb(28, 43, 40); margin: 0cm 0cm 8pt; line-height: 17.120001px; font-family: Aptos, sans-serif; text-align: justify;\"><span style=\"font-size: 15px; line-height: 16.049999px; font-family: Calibri, sans-serif;\">The Ritz-Carlton Residences, B Blok\u2019un farkl\u0131 katlar\u0131na yay\u0131lan Curation Space, bu y\u0131lki edisyonun en dikkat \u00e7ekici yeniliklerinden birini olu\u015fturuyor. Bu \u00f6zel alanlar, ba\u011f\u0131ms\u0131z gen\u00e7 k\u00fcrat\u00f6rlere kendi se\u00e7ki ve k\u00fcrasyonlar\u0131n\u0131 sunma imkan\u0131 tan\u0131yarak, T\u00fcrkiye sanat ekonomisinin dinamik yap\u0131s\u0131n\u0131 besleyen s\u00fcrd\u00fcr\u00fclebilir bir ekosistem yaratma hedefine katk\u0131da bulunuyor. Geleneksel galeri sunumlar\u0131n\u0131n \u00f6tesine ge\u00e7erek, sanat\u00e7\u0131lar ve eserler aras\u0131nda yeni diyaloglar kurmay\u0131 ama\u00e7layan Curation Space, ziyaret\u00e7ilere daha derinlikli bir entelekt\u00fcel ke\u015fif ve farkl\u0131 bak\u0131\u015f a\u00e7\u0131lar\u0131 sunarak Artweeks Istanbul deneyimini zenginle\u015ftiriyor.<\/span><\/p><p style=\"font-size: 16px; font-weight: 400; white-space: normal; padding: 0px; caret-color: rgb(28, 43, 40); color: rgb(28, 43, 40); margin: 0cm 0cm 8pt; line-height: 17.120001px; font-family: Aptos, sans-serif; text-align: justify;\"><strong><span style=\"font-size: 15px; line-height: 16.049999px; font-family: Calibri, sans-serif;\">Sanat\u0131n D\u00fc\u015f\u00fcnsel Platformu: Art-talks<\/span><\/strong><\/p><p style=\"font-size: 16px; font-weight: 400; white-space: normal; padding: 0px; caret-color: rgb(28, 43, 40); color: rgb(28, 43, 40); margin: 0cm 0cm 8pt; line-height: 17.120001px; font-family: Aptos, sans-serif; text-align: justify;\"><span style=\"font-size: 15px; line-height: 16.049999px; font-family: Calibri, sans-serif;\">Artweeks Istanbul, eserleri sergilemenin \u00f6tesinde, Art-talks program\u0131 ile sanat d\u00fcnyas\u0131n\u0131n g\u00fcncel dinamiklerini ve entelekt\u00fcel tart\u0131\u015fmalar\u0131n\u0131 da g\u00fcndeme ta\u015f\u0131yor. Sanat\u00e7\u0131lar, k\u00fcrat\u00f6rler, koleksiyonerler ve kurum y\u00f6neticilerinin kat\u0131l\u0131m\u0131yla ger\u00e7ekle\u015fecek panellerde &#8220;Sanat ve S\u00fcrd\u00fcr\u00fclebilirlik&#8221;, &#8220;Sanat Ekonomisinin Gelece\u011fi&#8221;, &#8220;Koleksiyonerli\u011fin De\u011fi\u015fen Y\u00fcz\u00fc&#8221; ve &#8220;Dijital Sanat ve Yeni Ufuklar&#8221; gibi ba\u015fl\u0131klar ele al\u0131nacak.<\/span><\/p><p style=\"font-size: 16px; font-weight: 400; white-space: normal; padding: 0px; caret-color: rgb(28, 43, 40); color: rgb(28, 43, 40); margin: 0cm 0cm 8pt; line-height: 17.120001px; font-family: Aptos, sans-serif; text-align: justify;\"><strong><span style=\"font-size: 15px; line-height: 16.049999px; font-family: Calibri, sans-serif;\">KATILIMCILAR &amp; PROJELER: K\u0130M, NEREDE?<\/span><\/strong><\/p><p style=\"font-size: 16px; font-weight: 400; white-space: normal; padding: 0px; caret-color: rgb(28, 43, 40); color: rgb(28, 43, 40); margin: 0cm 0cm 8pt; line-height: 17.120001px; font-family: Aptos, sans-serif; text-align: justify;\"><span style=\"font-size: 15px; line-height: 16.049999px; font-family: Calibri, sans-serif;\">Artweeks Istanbul 12. Edisyonu, iki ana lokasyona yay\u0131lan zengin kat\u0131l\u0131mc\u0131 listesiyle dikkat \u00e7ekiyor.<\/span><\/p><p style=\"font-size: 16px; font-weight: 400; white-space: normal; padding: 0px; caret-color: rgb(28, 43, 40); color: rgb(28, 43, 40); margin: 0cm 0cm 8pt; line-height: 17.120001px; font-family: Aptos, sans-serif; text-align: justify;\"><strong><span style=\"font-size: 15px; line-height: 16.049999px; font-family: Calibri, sans-serif;\">The Ritz-Carlton Residences, \u0130stanbul B Blok: Galerilerin Se\u00e7kin Sunumu<\/span><\/strong><span style=\"font-size: 15px; line-height: 16.049999px; font-family: Calibri, sans-serif;\">\u00a0<\/span><\/p><p style=\"font-size: 16px; font-weight: 400; white-space: normal; padding: 0px; caret-color: rgb(28, 43, 40); color: rgb(28, 43, 40); margin: 0cm 0cm 8pt; line-height: 17.120001px; font-family: Aptos, sans-serif; text-align: justify;\"><span style=\"font-size: 15px; line-height: 16.049999px; font-family: Calibri, sans-serif;\">Modern ve \u00e7a\u011fda\u015f sanat\u0131n T\u00fcrkiye&#8217;deki en \u00f6nemli temsilcileri, \u00f6zenle haz\u0131rlad\u0131klar\u0131 se\u00e7kilerini The Ritz-Carlton Residences, Istanbul\u2019un rafine atmosferinde sunuyor. Bu lokasyon, \u00f6zellikle koleksiyonerler ve sanat profesyonelleri i\u00e7in odaklanm\u0131\u015f bir ke\u015fif ve diyalog ortam\u0131 yarat\u0131rken, galerilerin usta ve gen\u00e7 sanat\u00e7\u0131lar\u0131n\u0131n eserlerini bir arada g\u00f6rme imkan\u0131 tan\u0131yor.<\/span><\/p><p style=\"font-size: 16px; font-weight: 400; white-space: normal; padding: 0px; caret-color: rgb(28, 43, 40); color: rgb(28, 43, 40); margin: 0cm 0cm 8pt; line-height: 17.120001px; font-family: Aptos, sans-serif; text-align: justify;\"><span style=\"font-size: 15px; line-height: 16.049999px; font-family: Calibri, sans-serif;\">The Ritz-Carlton Residences, \u0130stanbul B Blok, \u00e7a\u011fda\u015f sanat galerilerini, \u00f6zel projeleri ve sanat\u00e7\u0131lar\u0131 katlara yay\u0131lan bir sergi d\u00fczeninde a\u011f\u0131rl\u0131yor:<\/span><\/p><ul style=\"font-weight: 400; white-space: normal; caret-color: rgb(28, 43, 40); color: rgb(28, 43, 40); font-family: Helvetica, Arial, sans-serif; font-size: 14px; margin-left: 7.85px;\"><li><strong><span style=\"font-size: 15px; line-height: 1.2;\">-1. Kat:<\/span><\/strong><span style=\"line-height: 16.049999px; font-family: Calibri, sans-serif; font-size: 15px;\">\u00a0\u0130yilik \u0130\u00e7in Sanat Derne\u011fi<\/span><\/li><li><strong><span style=\"font-size: 15px; line-height: 1.2;\">Zemin Kat:<\/span><\/strong><span style=\"line-height: 16.049999px; font-family: Calibri, sans-serif; font-size: 15px;\">\u00a0Bilgili Sanat<\/span><\/li><li><strong><span style=\"font-size: 15px; line-height: 1.2;\">1. Kat:<\/span><\/strong><span style=\"line-height: 16.049999px; font-family: Calibri, sans-serif; font-size: 15px;\">\u00a0Curation Space, UZ Gallery, BB Projectt, As\u0131m \u0130\u015fler, MERKUR, Mine Sanat Galerisi, A\u00e7\u0131k \u00c7a\u011fr\u0131<\/span><\/li><li><strong><span style=\"font-size: 15px; line-height: 1.2;\">2. Kat:<\/span><\/strong><span style=\"line-height: 16.049999px; font-family: Calibri, sans-serif; font-size: 15px;\">\u00a0Curation Space, Taksim Sanat, \u0130moga Art Space, Artopol Art Gallery, Bursa B\u00fcy\u00fck\u015fehir Belediyesi<\/span><\/li><li><strong><span style=\"font-size: 15px; line-height: 1.2;\">3. Kat:<\/span><\/strong><span style=\"line-height: 16.049999px; font-family: Calibri, sans-serif; font-size: 15px;\">\u00a0ArtHan Gallery, Hasan Sar\u0131ta\u015f Art Gallery, Frank Art Studio, Istanbul Concept Gallery, Kun Art Space, Red Art \u0130stanbul, Horozart<\/span><\/li><\/ul><ul style=\"font-weight: 400; white-space: normal; caret-color: rgb(28, 43, 40); color: rgb(28, 43, 40); font-family: Helvetica, Arial, sans-serif; font-size: 14px; margin-left: 8px;\"><li><strong><span style=\"font-size: 15px; line-height: 1.2;\">4. Kat:<\/span><\/strong><span style=\"line-height: 16.049999px; font-family: Calibri, sans-serif; font-size: 15px;\">\u00a0Curation Space, Gallery G-Art, Eart Gallery, Martch Art Project, Cem G\u00fcvent\u00fcrk<\/span><\/li><\/ul><p style=\"font-size: 16px; font-weight: 400; white-space: normal; padding: 0px; caret-color: rgb(28, 43, 40); color: rgb(28, 43, 40); margin: 0cm 0cm 8pt; line-height: 17.120001px; font-family: Aptos, sans-serif; text-align: justify;\"><strong><span style=\"font-size: 15px; line-height: 16.049999px; font-family: Calibri, sans-serif;\">\u00a0Akaretler S\u0131raevler: Sanat\u0131n Dinamik ve \u00c7ok Sesli Kalbi<\/span><\/strong><span style=\"font-size: 15px; line-height: 16.049999px; font-family: Calibri, sans-serif;\">\u00a0<\/span><\/p><p style=\"font-size: 16px; font-weight: 400; white-space: normal; padding: 0px; caret-color: rgb(28, 43, 40); color: rgb(28, 43, 40); margin: 0cm 0cm 8pt; line-height: 17.120001px; font-family: Aptos, sans-serif; text-align: justify;\"><span style=\"font-size: 15px; line-height: 16.049999px; font-family: Calibri, sans-serif;\">Bilgili Holding\u2019in restorasyon projesiyle \u015fehre geri kazand\u0131rd\u0131\u011f\u0131 tarihi Akaretler S\u0131raevler, Artweeks Istanbul\u2019un en dinamik ve \u00e7ok katmanl\u0131 y\u00fcz\u00fcn\u00fc olu\u015fturuyor. Tarihi dokuyla i\u00e7 i\u00e7e ge\u00e7en sergiler; sanat\u00e7\u0131lar\u0131n ki\u015fisel d\u00fcnyalar\u0131na derinlemesine bir bak\u0131\u015f sunan solo projeleri, ba\u011f\u0131ms\u0131z sanat\u00e7\u0131lar\u0131n yenilik\u00e7i i\u015flerini, kurumsal koleksiyonlardan ve \u00f6zel se\u00e7kilerle sanat\u0131n heyecan verici \u00f6rneklerini bir araya getirerek Akaretler\u2019i ya\u015fayan bir sanat soka\u011f\u0131na d\u00f6n\u00fc\u015ft\u00fcr\u00fcyor.<\/span><\/p><p style=\"font-size: 16px; font-weight: 400; white-space: normal; padding: 0px; caret-color: rgb(28, 43, 40); color: rgb(28, 43, 40); margin: 0cm 0cm 8pt; line-height: 17.120001px; font-family: Aptos, sans-serif; text-align: justify;\"><span style=\"font-size: 15px; line-height: 16.049999px; font-family: Calibri, sans-serif;\">Tarihi Akaretler S\u0131raevler\u2019in farkl\u0131 binalar\u0131nda solo sergilere, galeri sunumlar\u0131na ve \u00f6zel projelere ev sahipli\u011fi yaparak sanat\u0131n soka\u011fa ta\u015ft\u0131\u011f\u0131 dinamik bir atmosfer sunuyor:<\/span><\/p><ul style=\"font-weight: 400; white-space: normal; caret-color: rgb(28, 43, 40); color: rgb(28, 43, 40); font-family: Helvetica, Arial, sans-serif; font-size: 14px; margin-left: 8px;\"><li><strong><span style=\"font-size: 15px; line-height: 1.2;\">A47:<\/span><\/strong><\/li><\/ul><ol style=\"font-weight: 400; white-space: normal; padding-inline-start: 2.5em; caret-color: rgb(28, 43, 40); color: rgb(28, 43, 40); font-family: Helvetica, Arial, sans-serif; font-size: 14px; list-style-type: circle; margin-left: 25.7px;\"><li><strong><span style=\"line-height: 16.049999px; font-family: Calibri, sans-serif; font-size: 15px;\">Zemin Kat:<\/span><\/strong><span style=\"line-height: 16.049999px; font-family: Calibri, sans-serif; font-size: 15px;\">\u00a0X-IST, Mine Sanat Galerisi<\/span><\/li><li><strong><span style=\"line-height: 16.049999px; font-family: Calibri, sans-serif; font-size: 15px;\">1. Kat:<\/span><\/strong><span style=\"line-height: 16.049999px; font-family: Calibri, sans-serif; font-size: 15px;\">\u00a0Sanatorium, EV\u0130N<\/span><\/li><li><strong><span style=\"line-height: 16.049999px; font-family: Calibri, sans-serif; font-size: 15px;\">2. Kat:<\/span><\/strong><span style=\"line-height: 16.049999px; font-family: Calibri, sans-serif; font-size: 15px;\">\u00a0Galeri Siyah Beyaz, Ambidexter, \u00d6ktem Aykut<\/span><\/li><\/ol><ul style=\"font-weight: 400; white-space: normal; caret-color: rgb(28, 43, 40); color: rgb(28, 43, 40); font-family: Helvetica, Arial, sans-serif; font-size: 14px; margin-left: 8px;\"><li><strong><span style=\"font-size: 15px; line-height: 1.2;\">A49:<\/span><\/strong><ol style=\"padding-inline-start: 2.5em; list-style-type: circle;\"><li><strong><span style=\"font-size: 15px; line-height: 1.2;\">Zemin Kat:<\/span><\/strong><span style=\"line-height: 16.049999px; font-family: Calibri, sans-serif; font-size: 15px;\">\u00a0Pi Artworks, MERKUR<\/span><\/li><li><strong><span style=\"font-size: 15px; line-height: 1.2;\">1. Kat:<\/span><\/strong><span style=\"line-height: 16.049999px; font-family: Calibri, sans-serif; font-size: 15px;\">\u00a0Martch Art Project, Versus Art Project, B\u00fclent Eczac\u0131ba\u015f\u0131 Koleksiyonu\u2019ndan \u00f6zel bir se\u00e7ki<\/span><\/li><li><strong><span style=\"font-size: 15px; line-height: 1.2;\">2. Kat:<\/span><\/strong><span style=\"line-height: 16.049999px; font-family: Calibri, sans-serif; font-size: 15px;\">\u00a0\u015eerife Bilgili Ercant\u00fcrk\u2019\u00fcn \u00f6zel projesi, Bosfor<\/span><\/li><\/ol><\/li><li><strong><span style=\"font-size: 15px; line-height: 1.2;\">F12:<\/span><\/strong><span style=\"line-height: 14.98px; font-family: Calibri, sans-serif;\">\u00a0Galerist<\/span><\/li><li><strong><span style=\"font-size: 15px; line-height: 1.2;\">B1 D7:<\/span><\/strong><span style=\"line-height: 14.98px; font-family: Calibri, sans-serif;\">\u00a0Nihat Odaba\u015f\u0131 ve Baks\u0131 K\u00fclt\u00fcr Sanat Vakf\u0131<\/span><\/li><li><strong><span style=\"font-size: 15px; line-height: 1.2;\">F2 D9:<\/span><\/strong><span style=\"line-height: 14.98px; font-family: Calibri, sans-serif;\">\u00a0Kun Art Space<\/span><\/li><\/ul><\/h3>\n","protected":false},"excerpt":{"rendered":"<p>\u0130stanbul&#8217;un sanat haritas\u0131n\u0131 yeniden \u00e7izen Artweeks Istanbul, UBS ana sponsorlu\u011funda ve Bilgili Holding\u2019in kurucu sponsorlu\u011funda, 12\u2019nci edisyonuyla sanatseverlere kap\u0131lar\u0131n\u0131 a\u00e7t\u0131. Bilgili Sanat taraf\u0131ndan d\u00fczenlenen ve&hellip;<\/p>\n","protected":false},"author":6,"featured_media":6752,"comment_status":"open","ping_status":"open","sticky":false,"template":"","format":"standard","meta":{"footnotes":""},"categories":[22],"tags":[],"class_list":["post-6751","post","type-post","status-publish","format-standard","has-post-thumbnail","hentry","category-kultursanat"],"_links":{"self":[{"href":"https:\/\/www.mallandmotto.com\/index.php\/wp-json\/wp\/v2\/posts\/6751","targetHints":{"allow":["GET"]}}],"collection":[{"href":"https:\/\/www.mallandmotto.com\/index.php\/wp-json\/wp\/v2\/posts"}],"about":[{"href":"https:\/\/www.mallandmotto.com\/index.php\/wp-json\/wp\/v2\/types\/post"}],"author":[{"embeddable":true,"href":"https:\/\/www.mallandmotto.com\/index.php\/wp-json\/wp\/v2\/users\/6"}],"replies":[{"embeddable":true,"href":"https:\/\/www.mallandmotto.com\/index.php\/wp-json\/wp\/v2\/comments?post=6751"}],"version-history":[{"count":1,"href":"https:\/\/www.mallandmotto.com\/index.php\/wp-json\/wp\/v2\/posts\/6751\/revisions"}],"predecessor-version":[{"id":6753,"href":"https:\/\/www.mallandmotto.com\/index.php\/wp-json\/wp\/v2\/posts\/6751\/revisions\/6753"}],"wp:featuredmedia":[{"embeddable":true,"href":"https:\/\/www.mallandmotto.com\/index.php\/wp-json\/wp\/v2\/media\/6752"}],"wp:attachment":[{"href":"https:\/\/www.mallandmotto.com\/index.php\/wp-json\/wp\/v2\/media?parent=6751"}],"wp:term":[{"taxonomy":"category","embeddable":true,"href":"https:\/\/www.mallandmotto.com\/index.php\/wp-json\/wp\/v2\/categories?post=6751"},{"taxonomy":"post_tag","embeddable":true,"href":"https:\/\/www.mallandmotto.com\/index.php\/wp-json\/wp\/v2\/tags?post=6751"}],"curies":[{"name":"wp","href":"https:\/\/api.w.org\/{rel}","templated":true}]}}