{"id":6779,"date":"2025-10-17T07:57:40","date_gmt":"2025-10-17T07:57:40","guid":{"rendered":"https:\/\/www.mallandmotto.com\/?p=6779"},"modified":"2025-10-17T07:57:40","modified_gmt":"2025-10-17T07:57:40","slug":"yenilenmis-telefonlara-1-yil-garanti","status":"publish","type":"post","link":"https:\/\/www.mallandmotto.com\/index.php\/2025\/10\/17\/yenilenmis-telefonlara-1-yil-garanti\/","title":{"rendered":"Yenilenmi\u015f Telefonlara +1 Y\u0131l Garanti!"},"content":{"rendered":"\n<h3 class=\"wp-block-heading\"><strong>MediaMarkt T\u00fcrkiye, BNP Paribas Cardif T\u00fcrkiye i\u015f birli\u011fiyle m\u00fc\u015fterilerine yenilenmi\u015f cep telefonlar\u0131nda +1 y\u0131l uzat\u0131lm\u0131\u015f garanti opsiyonu sunarak sekt\u00f6rde \u00f6nemli bir ad\u0131m at\u0131yor. Bu i\u015f birli\u011fi sayesinde t\u00fcketiciler hem cihazlar\u0131n\u0131 g\u00fcvence alt\u0131na al\u0131yor hem de \u00e7evresel etkiyi azaltarak ekolojik sorumlulu\u011fa katk\u0131 sa\u011fl\u0131yor.<\/strong><\/h3>\n\n\n\n<p>\u201cDaha \u0130yiye\u201d vizyonu do\u011frultusunda yenilenmi\u015f cep telefonlar\u0131n\u0131n s\u00fcrd\u00fcr\u00fclebilir bir \u015fekilde kullan\u0131m\u0131n\u0131 destekleyen MediaMarkt T\u00fcrkiye, BNP Paribas Cardif T\u00fcrkiye i\u015f birli\u011fiyle art\u0131k MediaMarkt ma\u011fazalar\u0131ndan ve online kanallar\u0131ndan al\u0131nan yenilenmi\u015f cep telefonlar\u0131 i\u00e7in yasal 1 y\u0131ll\u0131k garantiye ek olarak \u00fccretli +1 y\u0131l uzat\u0131lm\u0131\u015f garanti se\u00e7ene\u011fi sunuyor. Bu kapsamda, t\u00fcketiciler ilk y\u0131lda \u00fcretici\/yasal garanti alt\u0131nda, ikinci y\u0131lda ise Cardif\u2019in uzat\u0131lm\u0131\u015f garanti teminat\u0131 ile koruma alt\u0131nda olacak.<\/p>\n\n\n\n<p><strong>T\u00fcketici g\u00fcveni ve \u00fcr\u00fcn \u00f6mr\u00fc oda\u011f\u0131nda<\/strong><\/p>\n\n\n\n<p>Yenilenmi\u015f cep telefonlar\u0131n\u0131n kullan\u0131m\u0131n\u0131 te\u015fvik eden bu uygulama hem MediaMarkt T\u00fcrkiye\u2019nin hem de BNP Paribas Cardif T\u00fcrkiye\u2019nin s\u00fcrd\u00fcr\u00fclebilirlik hedefleriyle de uyumlu bir de\u011fer yarat\u0131yor. MediaMarkt T\u00fcrkiye Ticari Operasyonlar\u0131ndan Sorumlu Y\u00f6netim Kurulu \u00dcyesi (CCO) Mete Usluk\u0131l\u0131n\u00e7, \u201cM\u00fc\u015fterilerimiz yeni ancak daha alt model cihaz almak yerine, daha \u00fcst model yenilenmi\u015f cihazlar\u0131 hem ekonomik ko\u015fullarda hem de kredi kart\u0131na sunulan taksit avantaj\u0131 ile sat\u0131n alabiliyor. Yeni uygulamam\u0131z ile art\u0131k 2 y\u0131l boyunca garantili olarak cihazlar\u0131n\u0131 g\u00fcvenle kullanabilecekler. Hem s\u00fcrd\u00fcr\u00fclebilirli\u011fe hem \u00fclke ekonomisine hem de b\u00fct\u00e7eye katk\u0131 sa\u011flayan bu yeni uygulamam\u0131z ile yeni teknolojilere daha ekonomik alternatiflerle ula\u015fmaya istekli t\u00fcm m\u00fc\u015fterilerimizi ma\u011fazalar\u0131m\u0131za bekliyoruz\u201d dedi.&nbsp;BNP Paribas Cardif T\u00fcrkiye \u0130\u015f Ortakl\u0131klar\u0131ndan Sorumlu Genel M\u00fcd\u00fcr Yard\u0131mc\u0131s\u0131 G\u00f6khan \u00d6z\u00fcm, \u201cArtan ak\u0131ll\u0131 telefon fiyatlar\u0131 kar\u015f\u0131s\u0131nda, yenilenmi\u015f cihaz tercih etmek t\u00fcketiciler i\u00e7in hem ak\u0131ll\u0131ca hem de ekonomik bir se\u00e7im konumuna geldi. Bu cihazlar art\u0131k 2 y\u0131l garanti kapsam\u0131nda\u201d dedi.<\/p>\n\n\n\n<p><strong>Uzat\u0131lm\u0131\u015f Garanti Teminat\u0131\u2019ndan nas\u0131l yararlan\u0131l\u0131yor?<\/strong><\/p>\n\n\n\n<p>Uzat\u0131lm\u0131\u015f Garanti Teminat\u0131, yenilenmi\u015f cihazlarda 1 y\u0131l olan yasal garanti s\u00fcresi sona erdikten sonra ayn\u0131 \u015fartlarla devreye giriyor ve 1 y\u0131l daha ge\u00e7erli oluyor. Uzat\u0131lm\u0131\u015f garanti d\u00f6neminde \u00fcr\u00fcn\u00fcn ar\u0131zalanmas\u0131 durumunda \u00fcr\u00fcn\u00fcn poli\u00e7e teminat limitleri i\u00e7erisinde \u00fccretsiz onar\u0131m\u0131 sa\u011flan\u0131yor. \u00dcr\u00fcn\u00fcn ar\u0131za durumunda teminat limitleri i\u00e7erisinde onar\u0131lamamas\u0131 halinde ise poli\u00e7e \u015fartlar\u0131na g\u00f6re zarar\u0131n tazmini sa\u011flan\u0131yor. Ayr\u0131ca, onar\u0131m s\u00fcre\u00e7lerinde kullan\u0131c\u0131dan ek \u00fccret al\u0131nm\u0131yor ve uzat\u0131lm\u0131\u015f garanti d\u00f6neminde muafiyet kesintisi uygulanmadan hizmet veriliyor. Cihazlara ayr\u0131ca sat\u0131n alma tarihinden itibaren ilk 1 y\u0131l boyunca da kazaen olu\u015fabilecek teminatlar kapsam\u0131ndaki hasarlara kar\u015f\u0131 da g\u00fcvence sa\u011flan\u0131yor.<\/p>\n\n\n\n<p>Poli\u00e7e sahipleri, olas\u0131 bir hasar durumunda BNP Paribas Cardif\u2019in Online Hasar Sistemi veya M\u00fc\u015fteri \u0130leti\u015fim Merkezi (444 98 76) \u00fczerinden kolayca ba\u015fvuru yapabiliyor.<\/p>\n","protected":false},"excerpt":{"rendered":"<p>MediaMarkt T\u00fcrkiye, BNP Paribas Cardif T\u00fcrkiye i\u015f birli\u011fiyle m\u00fc\u015fterilerine yenilenmi\u015f cep telefonlar\u0131nda +1 y\u0131l uzat\u0131lm\u0131\u015f garanti opsiyonu sunarak sekt\u00f6rde \u00f6nemli bir ad\u0131m at\u0131yor. Bu i\u015f&hellip;<\/p>\n","protected":false},"author":6,"featured_media":6780,"comment_status":"open","ping_status":"open","sticky":false,"template":"","format":"standard","meta":{"footnotes":""},"categories":[12],"tags":[],"class_list":["post-6779","post","type-post","status-publish","format-standard","has-post-thumbnail","hentry","category-perakende"],"_links":{"self":[{"href":"https:\/\/www.mallandmotto.com\/index.php\/wp-json\/wp\/v2\/posts\/6779","targetHints":{"allow":["GET"]}}],"collection":[{"href":"https:\/\/www.mallandmotto.com\/index.php\/wp-json\/wp\/v2\/posts"}],"about":[{"href":"https:\/\/www.mallandmotto.com\/index.php\/wp-json\/wp\/v2\/types\/post"}],"author":[{"embeddable":true,"href":"https:\/\/www.mallandmotto.com\/index.php\/wp-json\/wp\/v2\/users\/6"}],"replies":[{"embeddable":true,"href":"https:\/\/www.mallandmotto.com\/index.php\/wp-json\/wp\/v2\/comments?post=6779"}],"version-history":[{"count":1,"href":"https:\/\/www.mallandmotto.com\/index.php\/wp-json\/wp\/v2\/posts\/6779\/revisions"}],"predecessor-version":[{"id":6781,"href":"https:\/\/www.mallandmotto.com\/index.php\/wp-json\/wp\/v2\/posts\/6779\/revisions\/6781"}],"wp:featuredmedia":[{"embeddable":true,"href":"https:\/\/www.mallandmotto.com\/index.php\/wp-json\/wp\/v2\/media\/6780"}],"wp:attachment":[{"href":"https:\/\/www.mallandmotto.com\/index.php\/wp-json\/wp\/v2\/media?parent=6779"}],"wp:term":[{"taxonomy":"category","embeddable":true,"href":"https:\/\/www.mallandmotto.com\/index.php\/wp-json\/wp\/v2\/categories?post=6779"},{"taxonomy":"post_tag","embeddable":true,"href":"https:\/\/www.mallandmotto.com\/index.php\/wp-json\/wp\/v2\/tags?post=6779"}],"curies":[{"name":"wp","href":"https:\/\/api.w.org\/{rel}","templated":true}]}}