{"id":6794,"date":"2025-10-17T12:39:04","date_gmt":"2025-10-17T12:39:04","guid":{"rendered":"https:\/\/www.mallandmotto.com\/?p=6794"},"modified":"2025-10-17T12:39:05","modified_gmt":"2025-10-17T12:39:05","slug":"marks-spencerdan-meme-kanserine-dair-guclu-bir-cagri-farkinda-msin","status":"publish","type":"post","link":"https:\/\/www.mallandmotto.com\/index.php\/2025\/10\/17\/marks-spencerdan-meme-kanserine-dair-guclu-bir-cagri-farkinda-msin\/","title":{"rendered":"Marks &amp; Spencer\u2019dan Meme Kanserine Dair G\u00fc\u00e7l\u00fc Bir \u00c7a\u011fr\u0131: \u201cFark\u0131nda M&amp;S\u0131n?&#8221;"},"content":{"rendered":"\n<h3 class=\"wp-block-heading\">Kad\u0131nlar\u0131n ya\u015fam\u0131na yaln\u0131zca modayla de\u011fil, bilin\u00e7le dokunan Marks &amp; Spencer, ge\u00e7ti\u011fimiz y\u0131l ba\u015flatt\u0131\u011f\u0131 fark\u0131ndal\u0131k projesi \u201cFark\u0131nda M&amp;S\u0131n?\u201d ile bu y\u0131l da meme kanserine dair g\u00fc\u00e7l\u00fc bir \u00e7a\u011fr\u0131y\u0131 s\u00fcrd\u00fcr\u00fcyor.\u00a0<\/h3>\n\n\n\n<p>Proje, erken te\u015fhisin hayati \u00f6nemine dikkat \u00e7ekerken kad\u0131nlara kendi bedenlerini tan\u0131malar\u0131, d\u00fczenli kontrollerini yapt\u0131rmalar\u0131 ve sa\u011fl\u0131klar\u0131na sahip \u00e7\u0131kmalar\u0131 y\u00f6n\u00fcnde anlaml\u0131 bir hat\u0131rlatma sunuyor.<br><br>&nbsp;Y\u00fczy\u0131l\u0131 a\u015fk\u0131n s\u00fcredir s\u00fctyen ve i\u00e7 giyim alan\u0131ndaki uzmanl\u0131\u011f\u0131yla kad\u0131nlar\u0131n ya\u015fam\u0131na dokunan Marks &amp; Spencer, bu birikimini kad\u0131n sa\u011fl\u0131\u011f\u0131na y\u00f6nelik fark\u0131ndal\u0131kla birle\u015ftirerek moday\u0131 bilin\u00e7le bulu\u015fturuyor. \u00d6zellikle ameliyat sonras\u0131 s\u00fctyen kategorisinde sundu\u011fu yenilik\u00e7i \u00fcr\u00fcnlerle, hem d\u00fcnyada hem de T\u00fcrkiye\u2019de kad\u0131nlar\u0131n g\u00fcvenle tercih etti\u011fi \u00f6nc\u00fc markalar aras\u0131nda yer al\u0131yor.<\/p>\n\n\n\n<p>Bu \u00f6zel tasar\u0131mlar; hassas d\u00f6nemlerde konfor, destek ve zarafeti bir araya getirerek kad\u0131nlar\u0131n yeniden g\u00fc\u00e7l\u00fc, \u00f6zg\u00fcvenli ve rahat hissetmelerine yard\u0131mc\u0131 oluyor.<\/p>\n\n\n\n<p>&nbsp;<br>M&amp;S, i\u00e7 giyim alan\u0131ndaki derin uzmanl\u0131\u011f\u0131n\u0131 sa\u011fl\u0131kla bulu\u015ftururken, bu alanda ihtiyaca y\u00f6nelik \u00e7\u00f6z\u00fcmler sunan, en \u00e7ok tercih edilen global markalardan biri olarak fark yarat\u0131yor. Kad\u0131nlar\u0131n yaln\u0131zca iyi g\u00f6r\u00fcnmelerini de\u011fil, kendilerini g\u00fcvende ve sa\u011fl\u0131kl\u0131 hissetmelerini de \u00f6nemseyen marka, bu projeyle moday\u0131 bir bilin\u00e7 arac\u0131na d\u00f6n\u00fc\u015ft\u00fcr\u00fcyor.<br><br><strong>Bilincin ve Dayan\u0131\u015fman\u0131n G\u00fcc\u00fc<\/strong><br><br>&nbsp;\u201cFark\u0131nda M&amp;S\u0131n?\u201d projesi, kad\u0131nlar\u0131 kendi bedenlerini tan\u0131maya, de\u011fi\u015fimleri fark etmeye ve erken te\u015fhisin \u00f6nemini kavramaya te\u015fvik eden bir sosyal sorumluluk hareketi olarak \u00f6ne \u00e7\u0131k\u0131yor. M&amp;S, bu kapsamda T\u00fcrkiye\u2019nin meme sa\u011fl\u0131\u011f\u0131 alan\u0131nda \u00f6nc\u00fc kurulu\u015fu olan Memeder (Meme Sa\u011fl\u0131\u011f\u0131 Derne\u011fi) ile i\u015f birli\u011fi yap\u0131yor ve derne\u011fin fark\u0131ndal\u0131k projelerine destek veriyor.&nbsp;<\/p>\n\n\n\n<p><br>Marks &amp; Spencer, meme kanseri fark\u0131ndal\u0131\u011f\u0131n\u0131 art\u0131rmak ve erken te\u015fhis ile tedavi s\u00fcre\u00e7lerine destek olmak amac\u0131yla Memeder\u2019in \u00e7al\u0131\u015fmalar\u0131n\u0131 desteklemektedir.&nbsp;<br>Bu ortakl\u0131k, bilimin rehberli\u011finde y\u00fcr\u00fct\u00fclen toplumsal bilin\u00e7 \u00e7al\u0131\u015fmalar\u0131n\u0131n markalarla g\u00fc\u00e7lendi\u011fi \u00f6rnek bir birliktelik yarat\u0131yor.<br><br><strong>Fark\u0131ndal\u0131kla B\u00fct\u00fcnle\u015fen Bir Deneyim<br>&nbsp;<\/strong><br>\u201cFark\u0131nda M&amp;S\u0131n?\u201d projesini dijital kanallar\u0131nda, ma\u011fazalar\u0131nda ve t\u00fcm ileti\u015fim mecralar\u0131nda \u00f6ne \u00e7\u0131karan Marks &amp; Spencer, bu fark\u0131ndal\u0131k yolculu\u011funu \u00c7\u0131ra\u011fan Palace Kempinski \u0130stanbul\u2019daki \u00f6zel etkinli\u011fiyle ta\u00e7land\u0131rd\u0131.&nbsp;<br>Bo\u011faz\u2019\u0131n b\u00fcy\u00fcleyici manzaras\u0131 e\u015fli\u011finde ger\u00e7ekle\u015fen etkinlikte moda, sa\u011fl\u0131k ve bilincin bir araya geldi\u011fi \u00f6zel bir deneyim ya\u015fand\u0131.&nbsp;<br>&nbsp;Kat\u0131l\u0131mc\u0131lar, Marks &amp; Spencer\u2019\u0131n s\u00fctyen uzmanl\u0131\u011f\u0131n\u0131 yak\u0131ndan tan\u0131ma f\u0131rsat\u0131 bulurken, \u201cFark\u0131nda M&amp;S\u0131n?\u201d mesaj\u0131n\u0131n duygusal g\u00fcc\u00fcn\u00fc birebir hissetti.&nbsp;<\/p>\n\n\n\n<p><br>M&amp;S\u2019in \u00f6zel olarak tasarlad\u0131\u011f\u0131 alanlarda fark\u0131ndal\u0131k temas\u0131n\u0131 yans\u0131tan pembe tonlar, zarafeti ve duyarl\u0131l\u0131\u011f\u0131 bir araya getirdi.&nbsp;<br>Etkinlik, markan\u0131n kad\u0131nlar\u0131n ya\u015fam\u0131na dokunan de\u011fer odakl\u0131 yakla\u015f\u0131m\u0131n\u0131 somut bi\u00e7imde yans\u0131tt\u0131.<br><br><strong>Bir Moda Markas\u0131ndan Fazlas\u0131<\/strong><br><br>Marks &amp; Spencer, \u201cFark\u0131nda M&amp;S\u0131n?\u201d projesiyle yaln\u0131zca bir moda markas\u0131 olarak de\u011fil; kad\u0131nlar\u0131n ya\u015fam\u0131nda de\u011fer yaratan, topluma umut ve ilham veren bir bilin\u00e7 el\u00e7isi olarak konumlan\u0131yor.&nbsp;<br>Ge\u00e7ti\u011fimiz y\u0131l ba\u015flatt\u0131\u011f\u0131 bu anlaml\u0131 yolculu\u011fu s\u00fcrd\u00fcr\u00fcrken, kad\u0131nlar\u0131n her g\u00fcn biraz daha fark\u0131nda, biraz daha g\u00fc\u00e7l\u00fc ve \u00e7ok daha sa\u011fl\u0131kl\u0131 bir gelece\u011fe y\u00fcr\u00fcmelerine destek oluyor.<br>&nbsp;<\/p>\n","protected":false},"excerpt":{"rendered":"<p>Kad\u0131nlar\u0131n ya\u015fam\u0131na yaln\u0131zca modayla de\u011fil, bilin\u00e7le dokunan Marks &amp; Spencer, ge\u00e7ti\u011fimiz y\u0131l ba\u015flatt\u0131\u011f\u0131 fark\u0131ndal\u0131k projesi \u201cFark\u0131nda M&amp;S\u0131n?\u201d ile bu y\u0131l da meme kanserine dair g\u00fc\u00e7l\u00fc&hellip;<\/p>\n","protected":false},"author":6,"featured_media":6795,"comment_status":"open","ping_status":"open","sticky":false,"template":"","format":"standard","meta":{"footnotes":""},"categories":[12],"tags":[],"class_list":["post-6794","post","type-post","status-publish","format-standard","has-post-thumbnail","hentry","category-perakende"],"_links":{"self":[{"href":"https:\/\/www.mallandmotto.com\/index.php\/wp-json\/wp\/v2\/posts\/6794","targetHints":{"allow":["GET"]}}],"collection":[{"href":"https:\/\/www.mallandmotto.com\/index.php\/wp-json\/wp\/v2\/posts"}],"about":[{"href":"https:\/\/www.mallandmotto.com\/index.php\/wp-json\/wp\/v2\/types\/post"}],"author":[{"embeddable":true,"href":"https:\/\/www.mallandmotto.com\/index.php\/wp-json\/wp\/v2\/users\/6"}],"replies":[{"embeddable":true,"href":"https:\/\/www.mallandmotto.com\/index.php\/wp-json\/wp\/v2\/comments?post=6794"}],"version-history":[{"count":1,"href":"https:\/\/www.mallandmotto.com\/index.php\/wp-json\/wp\/v2\/posts\/6794\/revisions"}],"predecessor-version":[{"id":6796,"href":"https:\/\/www.mallandmotto.com\/index.php\/wp-json\/wp\/v2\/posts\/6794\/revisions\/6796"}],"wp:featuredmedia":[{"embeddable":true,"href":"https:\/\/www.mallandmotto.com\/index.php\/wp-json\/wp\/v2\/media\/6795"}],"wp:attachment":[{"href":"https:\/\/www.mallandmotto.com\/index.php\/wp-json\/wp\/v2\/media?parent=6794"}],"wp:term":[{"taxonomy":"category","embeddable":true,"href":"https:\/\/www.mallandmotto.com\/index.php\/wp-json\/wp\/v2\/categories?post=6794"},{"taxonomy":"post_tag","embeddable":true,"href":"https:\/\/www.mallandmotto.com\/index.php\/wp-json\/wp\/v2\/tags?post=6794"}],"curies":[{"name":"wp","href":"https:\/\/api.w.org\/{rel}","templated":true}]}}