{"id":6867,"date":"2025-10-20T10:08:59","date_gmt":"2025-10-20T10:08:59","guid":{"rendered":"https:\/\/www.mallandmotto.com\/?p=6867"},"modified":"2025-10-29T16:59:28","modified_gmt":"2025-10-29T16:59:28","slug":"is-sanat-anadolu-sergileri-midyatta","status":"publish","type":"post","link":"https:\/\/www.mallandmotto.com\/index.php\/2025\/10\/20\/is-sanat-anadolu-sergileri-midyatta\/","title":{"rendered":"\u0130\u015f Sanat Anadolu Sergileri Midyat\u2019ta"},"content":{"rendered":"\n<h3 class=\"wp-block-heading\"><strong>Anadolu Sergileri\u2019nin \u201c\u00c7ar\u015f\u0131-Pazar\u201d se\u00e7kisi, usta ressamlar\u0131m\u0131z\u0131n g\u00fcndelik ya\u015fam\u0131n en hareketli mek\u00e2nlar\u0131ndan sundu\u011fu manzaralar\u0131 bir araya getiriyor<\/strong><br><br><\/h3>\n\n\n\n<p>T\u00fcrkiye \u0130\u015f Bankas\u0131 Sanat Eserleri Koleksiyonu\u2019ndan yap\u0131lan \u00f6zel se\u00e7kiler, \u0130\u015f Sanat Anadolu Sergileri\u2019nde sanatseverlerle bulu\u015fmay\u0131 s\u00fcrd\u00fcr\u00fcyor.&nbsp;<strong>25-26 Ekim<\/strong>&nbsp;tarihlerinde \u0130\u015f Bankas\u0131&nbsp;<strong>Midyat \u015eubesi<\/strong>\u2019nde sergilenecek&nbsp;<strong>\u201c\u00c7ar\u015f\u0131-Pazar\u201d<\/strong>&nbsp;se\u00e7kisi, g\u00fcndelik hayat\u0131n t\u00fcm renkleriyle ya\u015fam\u0131n i\u00e7inden bir kesit sunacak.<\/p>\n\n\n\n<p>Bereketi, \u00e7e\u015fitlili\u011fi ve canl\u0131l\u0131\u011f\u0131yla her zaman ressamlar\u0131n ilgisini \u00e7eken \u00e7ar\u015f\u0131lar ve pazar yerleri sanat\u00e7\u0131lar i\u00e7in yaln\u0131zca al\u0131\u015fveri\u015fin yap\u0131ld\u0131\u011f\u0131 alanlar de\u011fil; toplumun nabz\u0131n\u0131 tutan, fig\u00fcrl\u00fc manzaralara konu olan sahnelerdir. Manav tezg\u00e2hlar\u0131n\u0131n renk c\u00fcmb\u00fc\u015f\u00fc, f\u0131r\u0131n vitrinleri, bakkallar\u0131n \u00e7e\u015fitlili\u011fi ya da seyyar sat\u0131c\u0131lar\u0131n hareketlili\u011fi gibi ayr\u0131nt\u0131lar resim sanat\u0131na yans\u0131yan g\u00fc\u00e7l\u00fc g\u00f6rsel \u00f6\u011feler olu\u015fturur.<\/p>\n\n\n\n<p>T\u00fcrkiye \u0130\u015f Bankas\u0131 Sanat Eserleri Koleksiyonu\u2019ndan eserlerin bir araya geldi\u011fi&nbsp;<strong>\u201c\u00c7ar\u015f\u0131-Pazar\u201d<\/strong>se\u00e7kisi, sanat\u00e7\u0131lar\u0131m\u0131z\u0131n bu canl\u0131 mek\u00e2nlara getirdi\u011fi yorumlar\u0131 sanatseverlerle payla\u015f\u0131rken, T\u00fcrk resim sanat\u0131nda bu teman\u0131n ne denli zengin ve s\u00fcreklilik ta\u015f\u0131yan bir ilham kayna\u011f\u0131 oldu\u011funu da ortaya konacak.&nbsp;<strong>\u0130lhami Demirci<\/strong>\u2019nin yaln\u0131zca bir al\u0131\u015fveri\u015f sahnesini de\u011fil, ayn\u0131 zamanda y\u00f6re insan\u0131n\u0131n g\u00fcnl\u00fck ya\u015fam\u0131n\u0131 ve k\u00fclt\u00fcrel dokusunu yans\u0131tt\u0131\u011f\u0131 \u201c<em>Kompozisyon: Midyat Pazar\u0131\u201d<\/em>&nbsp;tablosu ile T\u00fcrk resim sanat\u0131n\u0131n \u00f6nde gelen sanat\u00e7\u0131lar\u0131ndan&nbsp;<strong>Eren Ey\u00fcbo\u011flu<\/strong>,&nbsp;<strong>Hulusi Mercan<\/strong>,&nbsp;<strong>\u00dclk\u00fc Uludo\u011fan<\/strong>,&nbsp;<strong>Mehmet Ba\u015fbu\u011f<\/strong>,&nbsp;<strong>\u015eadan Bezeyi\u015f<\/strong>,&nbsp;<strong>Nedim G\u00fcns\u00fcr<\/strong>,&nbsp;<strong>Fahir Aksoy<\/strong>&nbsp;ve&nbsp;<strong>Mehmet Pesen<\/strong>\u2019in farkl\u0131 y\u00f6relerin \u00e7ar\u015f\u0131 ve pazar temal\u0131 resimleri bu sergide izlenebilecek.<\/p>\n\n\n\n<p><strong>Ortak K\u00fclt\u00fcrel Miras\u0131m\u0131z Bug\u00fcn\u00fcn Ku\u015faklar\u0131yla Bir Arada<\/strong><\/p>\n\n\n\n<p><strong>Anadolu Sergileri<\/strong>, estetik nitelikleriyle oldu\u011fu kadar, tarihsel ve k\u00fclt\u00fcrel tan\u0131kl\u0131klar\u0131yla da b\u00fcy\u00fck bir \u00f6nem ta\u015f\u0131yan sanat eserlerinin \u00fclkemizin her k\u00f6\u015fesinde eri\u015filebilir olmas\u0131n\u0131 ama\u00e7l\u0131yor. \u0130\u015f Bankas\u0131 \u015fubelerini ge\u00e7ici sanat mek\u00e2nlar\u0131na d\u00f6n\u00fc\u015ft\u00fcren Anadolu Sergileri\u2019nin \u00f6zenle haz\u0131rlanan se\u00e7kileri, \u00e7ocuk at\u00f6lyeleri ve uzman sanat tarih\u00e7ilerinin anlat\u0131m\u0131yla desteklenerek kapsay\u0131c\u0131 bir sanat deneyimi yarat\u0131yor.<\/p>\n\n\n\n<p>Anadolu Sergileri\u2019nin ilk dura\u011f\u0131,&nbsp;<strong>\u0130brahim \u00c7all\u0131<\/strong>\u2019n\u0131n eserlerinin sergilendi\u011fi Denizli\u2019nin \u00c7al il\u00e7esi oldu. Bedri Rahmi Ey\u00fcbo\u011flu, Turan Erol ve Yal\u00e7\u0131n G\u00f6k\u00e7eba\u011f\u2019\u0131n resimlerinden olu\u015fan&nbsp;<strong>Hocalar ve \u00d6\u011frenciler&nbsp;<\/strong>se\u00e7kisi Mu\u011fla\u2019n\u0131n Milas il\u00e7esinde sergilendi. T\u00fcrkiye \u0130\u015f Bankas\u0131 Sanat Eserleri Koleksiyonu\u2019ndan se\u00e7ilen deniz peyzajlar\u0131n\u0131n yer ald\u0131\u011f\u0131&nbsp;<strong>Mavinin \u0130zinde&nbsp;<\/strong>ba\u015fl\u0131kl\u0131 se\u00e7ki Gelibolu\u2019da; koleksiyondaki Atat\u00fcrk portrelerinin ve B\u00fcy\u00fck Taarruz betimlemelerinin yer ald\u0131\u011f\u0131&nbsp;<strong>B\u00fcy\u00fck Zafer<\/strong>&nbsp;se\u00e7kisi Kocatepe\u2019de; usta ressamlar\u0131m\u0131z\u0131n imzas\u0131n\u0131 ta\u015f\u0131yan portrelerin yer ald\u0131\u011f\u0131&nbsp;<strong>A\u015fina Y\u00fczler&nbsp;<\/strong>se\u00e7kisi ise Antakya\u2019da<strong>&nbsp;<\/strong>sanatseverlerle bulu\u015ftu.<\/p>\n\n\n\n<p><strong>T\u00fcrkiye \u0130\u015f Bankas\u0131 Resim Heykel M\u00fczesi<\/strong>\u2019nin \u00f6\u011frenme programlar\u0131n\u0131n d\u00fczenli faaliyetlerinden biri olan ve sanatseverlerin yo\u011fun ilgisiyle kar\u015f\u0131lanan Anadolu Sergileri, ortak k\u00fclt\u00fcrel miras\u0131m\u0131z\u0131 do\u011fdu\u011fu topraklarda bug\u00fcn\u00fcn ku\u015faklar\u0131yla bulu\u015fturmay\u0131 s\u00fcrd\u00fcrecek.<\/p>\n","protected":false},"excerpt":{"rendered":"<p>Anadolu Sergileri\u2019nin \u201c\u00c7ar\u015f\u0131-Pazar\u201d se\u00e7kisi, usta ressamlar\u0131m\u0131z\u0131n g\u00fcndelik ya\u015fam\u0131n en hareketli mek\u00e2nlar\u0131ndan sundu\u011fu manzaralar\u0131 bir araya getiriyor T\u00fcrkiye \u0130\u015f Bankas\u0131 Sanat Eserleri Koleksiyonu\u2019ndan yap\u0131lan \u00f6zel se\u00e7kiler,&hellip;<\/p>\n","protected":false},"author":6,"featured_media":6868,"comment_status":"open","ping_status":"open","sticky":false,"template":"","format":"standard","meta":{"footnotes":""},"categories":[1],"tags":[],"class_list":["post-6867","post","type-post","status-publish","format-standard","has-post-thumbnail","hentry","category-serbest"],"_links":{"self":[{"href":"https:\/\/www.mallandmotto.com\/index.php\/wp-json\/wp\/v2\/posts\/6867","targetHints":{"allow":["GET"]}}],"collection":[{"href":"https:\/\/www.mallandmotto.com\/index.php\/wp-json\/wp\/v2\/posts"}],"about":[{"href":"https:\/\/www.mallandmotto.com\/index.php\/wp-json\/wp\/v2\/types\/post"}],"author":[{"embeddable":true,"href":"https:\/\/www.mallandmotto.com\/index.php\/wp-json\/wp\/v2\/users\/6"}],"replies":[{"embeddable":true,"href":"https:\/\/www.mallandmotto.com\/index.php\/wp-json\/wp\/v2\/comments?post=6867"}],"version-history":[{"count":1,"href":"https:\/\/www.mallandmotto.com\/index.php\/wp-json\/wp\/v2\/posts\/6867\/revisions"}],"predecessor-version":[{"id":6869,"href":"https:\/\/www.mallandmotto.com\/index.php\/wp-json\/wp\/v2\/posts\/6867\/revisions\/6869"}],"wp:featuredmedia":[{"embeddable":true,"href":"https:\/\/www.mallandmotto.com\/index.php\/wp-json\/wp\/v2\/media\/6868"}],"wp:attachment":[{"href":"https:\/\/www.mallandmotto.com\/index.php\/wp-json\/wp\/v2\/media?parent=6867"}],"wp:term":[{"taxonomy":"category","embeddable":true,"href":"https:\/\/www.mallandmotto.com\/index.php\/wp-json\/wp\/v2\/categories?post=6867"},{"taxonomy":"post_tag","embeddable":true,"href":"https:\/\/www.mallandmotto.com\/index.php\/wp-json\/wp\/v2\/tags?post=6867"}],"curies":[{"name":"wp","href":"https:\/\/api.w.org\/{rel}","templated":true}]}}