{"id":6926,"date":"2025-10-21T08:59:07","date_gmt":"2025-10-21T08:59:07","guid":{"rendered":"https:\/\/www.mallandmotto.com\/?p=6926"},"modified":"2025-10-21T08:59:07","modified_gmt":"2025-10-21T08:59:07","slug":"istanbul-devlet-senfoni-orkestrasi-denizbank-konserlerinde-bu-hafta-cumhuriyet-var","status":"publish","type":"post","link":"https:\/\/www.mallandmotto.com\/index.php\/2025\/10\/21\/istanbul-devlet-senfoni-orkestrasi-denizbank-konserlerinde-bu-hafta-cumhuriyet-var\/","title":{"rendered":"\u0130stanbul Devlet Senfoni Orkestras\u0131\u00a0DenizBank Konserleri\u2019nde Bu Hafta \u201cCumhuriyet\u201d Var"},"content":{"rendered":"\n<h3 class=\"wp-block-heading\"><strong>DenizBank\u2019\u0131n 21 y\u0131ld\u0131r destekledi\u011fi \u0130stanbul Devlet Senfoni Orkestras\u0131 (\u0130DSO), 24 Ekim Cuma ak\u015fam\u0131 Atat\u00fcrk K\u00fclt\u00fcr Merkezi\u2019nde verece\u011fi \u201cCumhuriyet Bayram\u0131 Konseri\u201d ile T\u00fcrkiye Cumhuriyeti\u2019nin kurulu\u015funun 102. y\u0131l\u0131n\u0131 kutlayacak.\u00a0<\/strong><\/h3>\n\n\n\n<p>\u0130stanbul Devlet Senfoni Orkestras\u0131 (\u0130DSO) DenizBank Konserleri, T\u00fcrkiye Cumhuriyeti&#8217;nin kurulu\u015funun 102. y\u0131l\u0131n\u0131 kutlamak \u00fczere haz\u0131rlanan&nbsp;<strong>\u201cCumhuriyet Bayram\u0131 Konseri\u201d<\/strong>&nbsp;ile devam ediyor.&nbsp;<\/p>\n\n\n\n<p>Zorlu ko\u015fullar alt\u0131nda kazan\u0131lan&nbsp;ba\u011f\u0131ms\u0131zl\u0131k m\u00fccadelesiyle elde edilen ve Ulu \u00d6nder Mustafa Kemal Atat\u00fcrk\u2019\u00fcn milletimize en b\u00fcy\u00fck emaneti olan Cumhuriyet co\u015fkusunun iki b\u00fcy\u00fck T\u00fcrk bestecinin eseriyle ya\u015fat\u0131laca\u011f\u0131 konser, 24 Ekim Cuma ak\u015fam\u0131 saat 20.00\u2019da Atat\u00fcrk K\u00fclt\u00fcr Merkezi T\u00fcrk Telekom Opera Salonu\u2019nda ger\u00e7ekle\u015ftirilecek.&nbsp;<strong>\u015eef Hasan Niyazi Tura<\/strong>&nbsp;y\u00f6netiminde sahneye \u00e7\u0131kacak olan \u0130stanbul Devlet Senfoni Orkestras\u0131, bu \u00f6zel gecede T\u00fcrk klasik m\u00fczik tarihinin iki b\u00fcy\u00fck isminin,&nbsp;<strong>Ulvi Cemal Erkin<\/strong>&nbsp;ve&nbsp;<strong>Cemal Re\u015fit Rey<\/strong>\u2019in eserlerini icra edecek.&nbsp;<\/p>\n\n\n\n<p>\u015eef Hasan Niyazi Tura y\u00f6netimindeki orkestra, konserin ilk b\u00f6l\u00fcm\u00fcnde T\u00fcrkiye Cumhuriyeti&#8217;nin ilk bestecilerinden Ulvi Cemal Erkin\u2019in&nbsp;<strong><em>K\u00f6\u00e7ek\u00e7e&nbsp;<\/em><\/strong>adl\u0131<strong><\/strong>eserini icra edecek. Konserin solistli\u011fini ise hen\u00fcz on sekiz ya\u015f\u0131nda olmas\u0131na ra\u011fmen kariyerini ulusal ve uluslararas\u0131 alanda bir\u00e7ok de\u011ferli \u00f6d\u00fclle ta\u00e7land\u0131rm\u0131\u015f piyanist&nbsp;<strong>Can Sara\u00e7<\/strong>\u00fcstlenecek. Sara\u00e7, ikinci b\u00f6l\u00fcmde Ulvi Cemal Erkin\u2019in<strong>&nbsp;<em>Piyano Kon\u00e7ertosu&#8217;<\/em><\/strong><em>nu<\/em>yorumlayacak.<\/p>\n\n\n\n<p>Konserin ikinci b\u00f6l\u00fcm\u00fcnde ise \u0130stanbul Devlet Senfoni Orkestras\u0131\u2019n\u0131n kurucusu ve klasik m\u00fczik tarihimizin \u00f6l\u00fcms\u00fcz eserlerle an\u0131lan bestecisi Cemal Re\u015fit Rey\u2019in<strong><em>&nbsp;Bebek Efsanesi Senfonik \u015eiiri<\/em>&nbsp;&nbsp;<\/strong>yer alacak<strong>.<\/strong>&nbsp;\u00dclkemizin ilk programl\u0131 senfonik \u015fiiri olarak m\u00fczik literat\u00fcr\u00fcne ge\u00e7mi\u015f olan&nbsp;<em>eser,<\/em>&nbsp;orkestra taraf\u0131ndan \u015eef Tura y\u00f6netiminde seslendirilecek.<\/p>\n\n\n\n<p>\u0130stanbul Devlet Senfoni Orkestras\u0131 DenizBank Konserleri, 7 Kas\u0131m Cuma g\u00fcn\u00fc ger\u00e7ekle\u015ftirilecek \u201cAtat\u00fcrk\u2019\u00fc Anma Konseri\u201d ile sanatseverlerle bulu\u015fmaya devam edecek.<\/p>\n","protected":false},"excerpt":{"rendered":"<p>DenizBank\u2019\u0131n 21 y\u0131ld\u0131r destekledi\u011fi \u0130stanbul Devlet Senfoni Orkestras\u0131 (\u0130DSO), 24 Ekim Cuma ak\u015fam\u0131 Atat\u00fcrk K\u00fclt\u00fcr Merkezi\u2019nde verece\u011fi \u201cCumhuriyet Bayram\u0131 Konseri\u201d ile T\u00fcrkiye Cumhuriyeti\u2019nin kurulu\u015funun 102.&hellip;<\/p>\n","protected":false},"author":6,"featured_media":6927,"comment_status":"open","ping_status":"open","sticky":false,"template":"","format":"standard","meta":{"footnotes":""},"categories":[22],"tags":[],"class_list":["post-6926","post","type-post","status-publish","format-standard","has-post-thumbnail","hentry","category-kultursanat"],"_links":{"self":[{"href":"https:\/\/www.mallandmotto.com\/index.php\/wp-json\/wp\/v2\/posts\/6926","targetHints":{"allow":["GET"]}}],"collection":[{"href":"https:\/\/www.mallandmotto.com\/index.php\/wp-json\/wp\/v2\/posts"}],"about":[{"href":"https:\/\/www.mallandmotto.com\/index.php\/wp-json\/wp\/v2\/types\/post"}],"author":[{"embeddable":true,"href":"https:\/\/www.mallandmotto.com\/index.php\/wp-json\/wp\/v2\/users\/6"}],"replies":[{"embeddable":true,"href":"https:\/\/www.mallandmotto.com\/index.php\/wp-json\/wp\/v2\/comments?post=6926"}],"version-history":[{"count":1,"href":"https:\/\/www.mallandmotto.com\/index.php\/wp-json\/wp\/v2\/posts\/6926\/revisions"}],"predecessor-version":[{"id":6928,"href":"https:\/\/www.mallandmotto.com\/index.php\/wp-json\/wp\/v2\/posts\/6926\/revisions\/6928"}],"wp:featuredmedia":[{"embeddable":true,"href":"https:\/\/www.mallandmotto.com\/index.php\/wp-json\/wp\/v2\/media\/6927"}],"wp:attachment":[{"href":"https:\/\/www.mallandmotto.com\/index.php\/wp-json\/wp\/v2\/media?parent=6926"}],"wp:term":[{"taxonomy":"category","embeddable":true,"href":"https:\/\/www.mallandmotto.com\/index.php\/wp-json\/wp\/v2\/categories?post=6926"},{"taxonomy":"post_tag","embeddable":true,"href":"https:\/\/www.mallandmotto.com\/index.php\/wp-json\/wp\/v2\/tags?post=6926"}],"curies":[{"name":"wp","href":"https:\/\/api.w.org\/{rel}","templated":true}]}}