{"id":7077,"date":"2025-10-28T07:22:18","date_gmt":"2025-10-28T07:22:18","guid":{"rendered":"https:\/\/www.mallandmotto.com\/?p=7077"},"modified":"2025-10-28T07:22:19","modified_gmt":"2025-10-28T07:22:19","slug":"m1-konya-avmde-cumhuriyetin-102-yili-coskuyla-kutlaniyor","status":"publish","type":"post","link":"https:\/\/www.mallandmotto.com\/index.php\/2025\/10\/28\/m1-konya-avmde-cumhuriyetin-102-yili-coskuyla-kutlaniyor\/","title":{"rendered":"M1 Konya AVM\u2019de Cumhuriyet\u2019in 102. Y\u0131l\u0131 Co\u015fkuyla Kutlan\u0131yor"},"content":{"rendered":"\n<h3 class=\"wp-block-heading\"><strong>Konya\u2019n\u0131n \u00f6nde gelen al\u0131\u015fveri\u015f ve ya\u015fam merkezlerinden M1 Konya Al\u0131\u015fveri\u015f Merkezi, Cumhuriyetimizin 102. y\u0131l\u0131n\u0131 co\u015fkuyla kutlamaya haz\u0131rlan\u0131yor.<\/strong><\/h3>\n\n\n\n<p>Fiba Commercial Properties taraf\u0131ndan y\u00f6netilen M1 Konya AVM, 28-29 Ekim tarihlerinde iki g\u00fcn boyunca s\u00fcrecek dopdolu ve renkli bir etkinlik program\u0131yla ziyaret\u00e7ilerini a\u011f\u0131rlayacak.<\/p>\n\n\n\n<p>Cumhuriyet Bayram\u0131\u2019n\u0131n co\u015fkusunu aileler ve \u00e7ocuklarla bir arada ya\u015fatmak amac\u0131yla haz\u0131rlanan program kapsam\u0131nda; \u00f6d\u00fcll\u00fc ill\u00fczyonist Domino Adam\u2019\u0131n b\u00fcy\u00fcleyici performans\u0131, Renkli Dev Bubble Show, E\u011flenceli Sosis Balon At\u00f6lyesi, sevimli maskot karakterler ve ne\u015feli \u00e7ocuk dans g\u00f6sterileri yer alacak.&nbsp;<\/p>\n\n\n\n<p>T\u00fcm bu etkinliklerin yan\u0131 s\u0131ra, etkinli\u011fe kat\u0131lan M1 Konya Al\u0131\u015fveri\u015f Merkezi ziyaret\u00e7ilerine \u00fccretsiz pamuk \u015feker ikram\u0131 yap\u0131lacak.<\/p>\n\n\n\n<p>Etkinlikler, 28-29 Ekim tarihlerinde g\u00fcn boyunca 4 ayr\u0131 seansta ger\u00e7ekle\u015ftirilecek. M1 Konya AVM, bu \u00f6zel organizasyonla Cumhuriyet Bayram\u0131\u2019n\u0131n milli ruhunu ya\u015fat\u0131rken, ailelere keyifli ve unutulmaz anlar sunacak.<\/p>\n","protected":false},"excerpt":{"rendered":"<p>Konya\u2019n\u0131n \u00f6nde gelen al\u0131\u015fveri\u015f ve ya\u015fam merkezlerinden M1 Konya Al\u0131\u015fveri\u015f Merkezi, Cumhuriyetimizin 102. y\u0131l\u0131n\u0131 co\u015fkuyla kutlamaya haz\u0131rlan\u0131yor. Fiba Commercial Properties taraf\u0131ndan y\u00f6netilen M1 Konya AVM,&hellip;<\/p>\n","protected":false},"author":6,"featured_media":7078,"comment_status":"open","ping_status":"open","sticky":false,"template":"","format":"standard","meta":{"footnotes":""},"categories":[11],"tags":[],"class_list":["post-7077","post","type-post","status-publish","format-standard","has-post-thumbnail","hentry","category-avm"],"_links":{"self":[{"href":"https:\/\/www.mallandmotto.com\/index.php\/wp-json\/wp\/v2\/posts\/7077","targetHints":{"allow":["GET"]}}],"collection":[{"href":"https:\/\/www.mallandmotto.com\/index.php\/wp-json\/wp\/v2\/posts"}],"about":[{"href":"https:\/\/www.mallandmotto.com\/index.php\/wp-json\/wp\/v2\/types\/post"}],"author":[{"embeddable":true,"href":"https:\/\/www.mallandmotto.com\/index.php\/wp-json\/wp\/v2\/users\/6"}],"replies":[{"embeddable":true,"href":"https:\/\/www.mallandmotto.com\/index.php\/wp-json\/wp\/v2\/comments?post=7077"}],"version-history":[{"count":1,"href":"https:\/\/www.mallandmotto.com\/index.php\/wp-json\/wp\/v2\/posts\/7077\/revisions"}],"predecessor-version":[{"id":7079,"href":"https:\/\/www.mallandmotto.com\/index.php\/wp-json\/wp\/v2\/posts\/7077\/revisions\/7079"}],"wp:featuredmedia":[{"embeddable":true,"href":"https:\/\/www.mallandmotto.com\/index.php\/wp-json\/wp\/v2\/media\/7078"}],"wp:attachment":[{"href":"https:\/\/www.mallandmotto.com\/index.php\/wp-json\/wp\/v2\/media?parent=7077"}],"wp:term":[{"taxonomy":"category","embeddable":true,"href":"https:\/\/www.mallandmotto.com\/index.php\/wp-json\/wp\/v2\/categories?post=7077"},{"taxonomy":"post_tag","embeddable":true,"href":"https:\/\/www.mallandmotto.com\/index.php\/wp-json\/wp\/v2\/tags?post=7077"}],"curies":[{"name":"wp","href":"https:\/\/api.w.org\/{rel}","templated":true}]}}