{"id":7109,"date":"2025-10-28T13:30:30","date_gmt":"2025-10-28T13:30:30","guid":{"rendered":"https:\/\/www.mallandmotto.com\/?p=7109"},"modified":"2025-10-28T13:30:33","modified_gmt":"2025-10-28T13:30:33","slug":"cumhuriyetin-102-yili-enntepede-coskuyla-kutlanacak","status":"publish","type":"post","link":"https:\/\/www.mallandmotto.com\/index.php\/2025\/10\/28\/cumhuriyetin-102-yili-enntepede-coskuyla-kutlanacak\/","title":{"rendered":"Cumhuriyet\u2019in 102. Y\u0131l\u0131 Enntepe\u2019de Co\u015fkuyla Kutlanacak"},"content":{"rendered":"\n<h3 class=\"wp-block-heading\">Cumhuriyetimizin 102. y\u0131l\u0131, Enntepe Al\u0131\u015fveri\u015f ve E\u011flence Merkezi\u2019nde b\u00fcy\u00fck bir co\u015fku ve gururla kutlanacak.<br><\/h3>\n\n\n\n<p>Ziyaret\u00e7ilere hem e\u011flenceli hem de anlaml\u0131 bir g\u00fcn ya\u015fatmay\u0131 hedefleyen Enntepe Al\u0131\u015fveri\u015f ve E\u011flence Merkezi, 29 Ekim \u00c7ar\u015famba g\u00fcn\u00fc \u00e7e\u015fitli etkinliklere ev sahipli\u011fi yapacak.<\/p>\n\n\n\n<p>Etkinlikler kapsam\u0131nda;<strong>&nbsp;<\/strong>Cumhuriyet temal\u0131 \u00f6d\u00fcll\u00fc mandala yar\u0131\u015fmas\u0131, y\u00fcz boyama etkinli\u011fi, bando y\u00fcr\u00fcy\u00fc\u015f\u00fc ve balon ya\u011fmuru g\u00f6sterisi gibi renkli aktivitelerle ziyaret\u00e7iler, Cumhuriyet Bayram\u0131\u2019n\u0131n co\u015fkusunu hep birlikte ya\u015fayacak. G\u00fcn boyu s\u00fcrecek etkinliklerde, her ya\u015f grubundan misafire hitap eden deneyimler sunulacak.<\/p>\n\n\n\n<p>Ayr\u0131ca, ayn\u0131 g\u00fcn D&amp;R i\u015f birli\u011fiyle d\u00fczenlenecek imza g\u00fcn\u00fc etkinli\u011finde sevilen yazar Sinan Ya\u011fmur, okurlar\u0131yla Enntepe Al\u0131\u015fveri\u015f ve E\u011flence Merkezi\u2019nde bir araya gelecek.<\/p>\n\n\n\n<p>Cumhuriyetimizin 102. y\u0131l\u0131na \u00f6zel haz\u0131rlanan bu anlaml\u0131 etkinlik program\u0131, milli birlik ve beraberlik duygusunu peki\u015ftirirken ziyaret\u00e7ilere unutulmaz anlar ya\u015fatacak.<\/p>\n","protected":false},"excerpt":{"rendered":"<p>Cumhuriyetimizin 102. y\u0131l\u0131, Enntepe Al\u0131\u015fveri\u015f ve E\u011flence Merkezi\u2019nde b\u00fcy\u00fck bir co\u015fku ve gururla kutlanacak. Ziyaret\u00e7ilere hem e\u011flenceli hem de anlaml\u0131 bir g\u00fcn ya\u015fatmay\u0131 hedefleyen Enntepe&hellip;<\/p>\n","protected":false},"author":6,"featured_media":7110,"comment_status":"open","ping_status":"open","sticky":false,"template":"","format":"standard","meta":{"footnotes":""},"categories":[11],"tags":[],"class_list":["post-7109","post","type-post","status-publish","format-standard","has-post-thumbnail","hentry","category-avm"],"_links":{"self":[{"href":"https:\/\/www.mallandmotto.com\/index.php\/wp-json\/wp\/v2\/posts\/7109","targetHints":{"allow":["GET"]}}],"collection":[{"href":"https:\/\/www.mallandmotto.com\/index.php\/wp-json\/wp\/v2\/posts"}],"about":[{"href":"https:\/\/www.mallandmotto.com\/index.php\/wp-json\/wp\/v2\/types\/post"}],"author":[{"embeddable":true,"href":"https:\/\/www.mallandmotto.com\/index.php\/wp-json\/wp\/v2\/users\/6"}],"replies":[{"embeddable":true,"href":"https:\/\/www.mallandmotto.com\/index.php\/wp-json\/wp\/v2\/comments?post=7109"}],"version-history":[{"count":1,"href":"https:\/\/www.mallandmotto.com\/index.php\/wp-json\/wp\/v2\/posts\/7109\/revisions"}],"predecessor-version":[{"id":7111,"href":"https:\/\/www.mallandmotto.com\/index.php\/wp-json\/wp\/v2\/posts\/7109\/revisions\/7111"}],"wp:featuredmedia":[{"embeddable":true,"href":"https:\/\/www.mallandmotto.com\/index.php\/wp-json\/wp\/v2\/media\/7110"}],"wp:attachment":[{"href":"https:\/\/www.mallandmotto.com\/index.php\/wp-json\/wp\/v2\/media?parent=7109"}],"wp:term":[{"taxonomy":"category","embeddable":true,"href":"https:\/\/www.mallandmotto.com\/index.php\/wp-json\/wp\/v2\/categories?post=7109"},{"taxonomy":"post_tag","embeddable":true,"href":"https:\/\/www.mallandmotto.com\/index.php\/wp-json\/wp\/v2\/tags?post=7109"}],"curies":[{"name":"wp","href":"https:\/\/api.w.org\/{rel}","templated":true}]}}