{"id":7220,"date":"2025-10-29T13:45:49","date_gmt":"2025-10-29T13:45:49","guid":{"rendered":"https:\/\/www.mallandmotto.com\/?p=7220"},"modified":"2025-10-29T13:45:50","modified_gmt":"2025-10-29T13:45:50","slug":"camper-istinyepark-magazasi-yenilendi","status":"publish","type":"post","link":"https:\/\/www.mallandmotto.com\/index.php\/2025\/10\/29\/camper-istinyepark-magazasi-yenilendi\/","title":{"rendered":"Camper \u0130stinyePark Ma\u011fazas\u0131 Yenilendi"},"content":{"rendered":"\n<h3 class=\"wp-block-heading\">Oda\u011f\u0131nda net ama ayn\u0131 zamanda \u00e7e\u015fitlilik sunan Camper\u2019\u0131n Sonbahar\/K\u0131\u015f 2025\u201326 koleksiyonu, markan\u0131n k\u00f6klerine geri d\u00f6n\u00fcyor. Temel konsept ve siluetlerden yola \u00e7\u0131kan koleksiyon, \u00f6zg\u00fcn karakterini ve kendine has kimli\u011fini, zamans\u0131z klasik serilerin yan\u0131 s\u0131ra d\u00f6rt yeni modelle zenginle\u015ftirerek ortaya koyuyor.<br><br><\/h3>\n\n\n\n<p>Camper\u2019\u0131n \u00f6zg\u00fcn ruhunu ortay koyan Sonbahar\/K\u0131\u015f 2025\u201326 koleksiyonu yenilenen Camper \u0130stinyepark ma\u011fazas\u0131nda davetlilerin kat\u0131l\u0131m\u0131 ile tan\u0131t\u0131ld\u0131. D\u00fcnya\u2019n\u0131n her yerinde farkl\u0131 ma\u011faza konseptleri bulunan marka, \u0130stinyepark ma\u011fazas\u0131n\u0131n yenilenmesi a\u015famas\u0131nda heykel ve i\u00e7 mimari \u00e7al\u0131\u015fmalar\u0131yla \u00f6ne \u00e7\u0131kan tasar\u0131mc\u0131&nbsp;<strong><em>Savvas Laz<\/em><\/strong>&nbsp;ile \u00e7al\u0131\u015ft\u0131.&nbsp;<\/p>\n\n\n\n<p>Camper\u2019\u0131n \u0130stanbul\u2019daki yeni amiral ma\u011fazas\u0131 i\u00e7in, Savvas Laz Osmanl\u0131 \u0130mparatorlu\u011fu\u2019nun saraylar\u0131ndan ve o d\u00f6nemin \u00f6nemli bir mimari unsuru olan \u0130znik \u00c7inilerinden ilham al\u0131yor.<\/p>\n\n\n\n<p>16. y\u00fczy\u0131ldan itibaren Osmanl\u0131 \u0130mparatorlu\u011fu d\u00f6neminde Marmara B\u00f6lgesi\u2019nde yer alan \u0130znik \u015fehrinde \u00fcretilmeye ba\u015flayan tarih\u00ee bir yap\u0131 malzemesi olan \u0130znik \u00c7inileri Camper ma\u011fazas\u0131n\u0131n tasar\u0131m\u0131n\u0131n da yeni ilham kayna\u011f\u0131 oldu. Osmanl\u0131 d\u00f6neminde zengin, geometrik ve do\u011fadan esinlenen desenleri ile derin ve canl\u0131 renkleri sayesinde, \u0130znik \u00c7inileri Osmanl\u0131 tasar\u0131m k\u00fclt\u00fcr\u00fcn\u00fcn en geli\u015fmi\u015f sanat dallar\u0131ndan biri haline geldi.<\/p>\n\n\n\n<p>Geleneksel ve yerel zanaatk\u00e2rl\u0131\u011f\u0131n zenginli\u011fini ke\u015ffeden Savvas, \u00f6zel tasar\u0131m \u0130znik \u00c7inileri\u2019nin geli\u015ftirilmesi ve \u00fcretilmesi i\u00e7in \u0130znik Vakf\u0131 ile i\u015f birli\u011fi yapt\u0131. B\u00f6ylece, T\u00fcrk Saraylar\u0131n\u0131 ve geleneksel T\u00fcrk hamamlar\u0131n\u0131 an\u0131msatan, k\u0131rm\u0131z\u0131 \u0130znik \u00c7inileriyle kapl\u0131 merkezi bir yap\u0131n\u0131n \u00f6ne \u00e7\u0131kt\u0131\u011f\u0131, cesur ve etkileyici bir k\u0131rm\u0131z\u0131 i\u00e7 mek\u00e2n tasarlad\u0131.<\/p>\n\n\n\n<p><br><strong><em>Sonbahar\/K\u0131\u015f 2025\u201326 koleksiyonunda Camper tutkunlar\u0131n\u0131 neler bekliyor?<\/em><\/strong><\/p>\n\n\n\n<p>Cesur hacimler; sade hatlar, zengin detaylar ve konfor odakl\u0131 yap\u0131larla bulu\u015fuyor. Koleksiyon, markan\u0131n ikonik ve zamans\u0131z \u00fcr\u00fcn ailelerinin do\u011fal evrimini yans\u0131t\u0131rken \u015fehir ya\u015fam\u0131na uygun Mary Jane\u2019lerden Loafer\u2019lara, babetlerden ba\u011fc\u0131kl\u0131 Derbi\u2019lere; do\u011fadan ilham alan sneaker\u2019lardan trekking ayakkab\u0131lar\u0131na ve botlara kadar geni\u015f bir yelpaze sunuyor. Koleksiyon, siyah, gri ve ten rengi gibi n\u00f6tr bir renk paletinde sunulurken, koyu ye\u015fil, mor, pembe, neon sar\u0131 ve k\u0131rm\u0131z\u0131n\u0131n canl\u0131 dokunu\u015flar\u0131yla hareketleniyor.<\/p>\n\n\n\n<p>Her zaman oldu\u011fu gibi sorumlu \u00fcretim anlay\u0131\u015f\u0131n\u0131 merkezine alan Camper, bu sezon \u00fcr\u00fcnlerinin %99\u2019unda sertifikal\u0131 malzemeler kullan\u0131yor.&nbsp; Bu oran ge\u00e7ti\u011fimiz sezona g\u00f6re bu alanda %2 art\u0131\u015f anlam\u0131na geliyor. Koleksiyona yeni bir modelin eklenmesiyle koleksiyonun %17&#8217;si tamamen d\u00f6ng\u00fcsel hale gelirken, 2019&#8217;a k\u0131yasla CO2 emisyonlar\u0131nda sa\u011flanan %36&#8217;l\u0131k bir azalma, Camper&#8217;\u0131n etkiyi en aza indirirken dayan\u0131kl\u0131l\u0131\u011f\u0131 en \u00fcst d\u00fczeye \u00e7\u0131karma konusundaki s\u00fcregelen taahh\u00fcd\u00fcn\u00fc vurguluyor.<br><br>Camper Sonbahar\/K\u0131\u015f 25 koleksiyonunda be\u015f yeni model daha tan\u0131t\u0131l\u0131yor. Do\u011fadan ilham alan, teknolojiden g\u00fc\u00e7 alan yeni&nbsp;<strong>Karst 2<\/strong>, Karst ailesinden t\u00fcretilmi\u015f yenilik\u00e7i bir sneaker. Maksimum konfor ve dayan\u0131kl\u0131l\u0131k i\u00e7in tasarlanan bu model, yast\u0131klama i\u00e7in ReXarge k\u00f6p\u00fck teknolojili orta tabanlara, zemin tutu\u015fu i\u00e7in ultra hafif bir Vibram d\u0131\u015f tabana ve yumu\u015fak deri \u00fcst k\u0131s\u0131mlara sahip.&nbsp;<strong>Karst 2,<\/strong>&nbsp;hem ba\u011fc\u0131kl\u0131 hem de Mary Jane versiyonlar\u0131yla sunuluyor.<br>&nbsp;<br>Sevilen Pix Ailesi ise bu sezon \u00fc\u00e7 yeni modelle geni\u015fliyor:&nbsp;<strong>Pix Berlin<\/strong>,&nbsp;<strong>Pix BCN<\/strong>&nbsp;ve&nbsp;<strong>Pix London<\/strong>.&nbsp;<br>Sava\u015f botlar\u0131ndan esinlenen di\u015fli ve g\u00fc\u00e7l\u00fc taban\u0131, modern ve iddial\u0131 duru\u015fuyla dikkat \u00e7eken Pix, \u015fehir ya\u015fam\u0131n\u0131n \u00f6zg\u00fcr ruhlu, kal\u0131plara s\u0131\u011fmayan kullan\u0131c\u0131lar\u0131 i\u00e7in tasarland\u0131. Koleksiyon; XL EXTRALIGHT\u00ae EVA taban, yast\u0131klamal\u0131 i\u00e7 taban ve sertifikal\u0131 deri saya \u00f6zellikleriyle \u00f6ne \u00e7\u0131k\u0131yor.<br>&nbsp;Pix ailesinin sevenleri, Pix Berlin&#8217;in sade Derby tasar\u0131m\u0131 , Pix BCN&#8217;in b\u00fcy\u00fck hacmi ve br\u00fctalist esintili geometrisi ile Pix London&#8217;\u0131n zahmetsiz, feminen topuklu loafer&#8217;\u0131 aras\u0131nda se\u00e7im yapabilirler.<\/p>\n\n\n\n<p><br>Camper\u2019\u0131n klasikle\u015fmi\u015f modelleri ise bu sezon yeni yorumlarla geri d\u00f6n\u00fcyor. \u00c7ok y\u00f6nl\u00fc&nbsp;<strong>Junction Runner<\/strong>, sezonun yeni renk kombinasyonlar\u0131 ve de\u011fi\u015ftirilebilir burun kapaklar\u0131yla g\u00fcncelleniyor.<br><strong>Karst Trek<\/strong>, bu kez daha teknik ve performans odakl\u0131 bir tasar\u0131mla kar\u015f\u0131m\u0131zda; \u00e7oklu malzeme kullan\u0131m\u0131 ve haki-neon renk paletiyle dikkat \u00e7ekiyor.&nbsp;<strong>Billie<\/strong>&nbsp;ise \u00e7ift tokal\u0131 Mary Jane yap\u0131s\u0131n\u0131, kal\u0131n ama hafif EVA tabanla harmanlayarak yeni bir siluet yarat\u0131yor. Camper\u2019\u0131n her koleksiyonda yer verdi\u011fi temel serilerden&nbsp;<strong>Pelotas Ariel<\/strong>&nbsp;ve&nbsp;<strong>Peu Terreno<\/strong>, bu sezon yeni dokulu kahverengi renk paleti ve kau\u00e7uk bilekte botlarla g\u00fcncellenerek ikonik stat\u00fclerini beklenmedik ve yepyeni \u015fekillerde koruyor.<\/p>\n\n\n\n<p>Camper&#8217;\u0131n Sonbahar\/K\u0131\u015f 25 koleksiyonunui ke\u015ffetmek i\u00e7in Camper ma\u011fazalar\u0131n\u0131 veya&nbsp;<a href=\"http:\/\/www.camper.com.tr\/\" target=\"_blank\" rel=\"noreferrer noopener\">www.camper.com.tr<\/a>&nbsp;\u2018yi ziyaret edebilirsiniz.<\/p>\n","protected":false},"excerpt":{"rendered":"<p>Oda\u011f\u0131nda net ama ayn\u0131 zamanda \u00e7e\u015fitlilik sunan Camper\u2019\u0131n Sonbahar\/K\u0131\u015f 2025\u201326 koleksiyonu, markan\u0131n k\u00f6klerine geri d\u00f6n\u00fcyor. Temel konsept ve siluetlerden yola \u00e7\u0131kan koleksiyon, \u00f6zg\u00fcn karakterini ve&hellip;<\/p>\n","protected":false},"author":6,"featured_media":7221,"comment_status":"open","ping_status":"open","sticky":false,"template":"","format":"standard","meta":{"footnotes":""},"categories":[11],"tags":[],"class_list":["post-7220","post","type-post","status-publish","format-standard","has-post-thumbnail","hentry","category-avm"],"_links":{"self":[{"href":"https:\/\/www.mallandmotto.com\/index.php\/wp-json\/wp\/v2\/posts\/7220","targetHints":{"allow":["GET"]}}],"collection":[{"href":"https:\/\/www.mallandmotto.com\/index.php\/wp-json\/wp\/v2\/posts"}],"about":[{"href":"https:\/\/www.mallandmotto.com\/index.php\/wp-json\/wp\/v2\/types\/post"}],"author":[{"embeddable":true,"href":"https:\/\/www.mallandmotto.com\/index.php\/wp-json\/wp\/v2\/users\/6"}],"replies":[{"embeddable":true,"href":"https:\/\/www.mallandmotto.com\/index.php\/wp-json\/wp\/v2\/comments?post=7220"}],"version-history":[{"count":1,"href":"https:\/\/www.mallandmotto.com\/index.php\/wp-json\/wp\/v2\/posts\/7220\/revisions"}],"predecessor-version":[{"id":7222,"href":"https:\/\/www.mallandmotto.com\/index.php\/wp-json\/wp\/v2\/posts\/7220\/revisions\/7222"}],"wp:featuredmedia":[{"embeddable":true,"href":"https:\/\/www.mallandmotto.com\/index.php\/wp-json\/wp\/v2\/media\/7221"}],"wp:attachment":[{"href":"https:\/\/www.mallandmotto.com\/index.php\/wp-json\/wp\/v2\/media?parent=7220"}],"wp:term":[{"taxonomy":"category","embeddable":true,"href":"https:\/\/www.mallandmotto.com\/index.php\/wp-json\/wp\/v2\/categories?post=7220"},{"taxonomy":"post_tag","embeddable":true,"href":"https:\/\/www.mallandmotto.com\/index.php\/wp-json\/wp\/v2\/tags?post=7220"}],"curies":[{"name":"wp","href":"https:\/\/api.w.org\/{rel}","templated":true}]}}