{"id":7242,"date":"2025-10-29T14:03:38","date_gmt":"2025-10-29T14:03:38","guid":{"rendered":"https:\/\/www.mallandmotto.com\/?p=7242"},"modified":"2025-10-29T14:03:39","modified_gmt":"2025-10-29T14:03:39","slug":"sahibinden-com-otomobil-piyasasi-gorunumu-raporuna-goreotomobil-piyasasinda-fiyatlar-tuketici-lehine","status":"publish","type":"post","link":"https:\/\/www.mallandmotto.com\/index.php\/2025\/10\/29\/sahibinden-com-otomobil-piyasasi-gorunumu-raporuna-goreotomobil-piyasasinda-fiyatlar-tuketici-lehine\/","title":{"rendered":"sahibinden.com\u00a0\u2018\u2019Otomobil Piyasas\u0131 G\u00f6r\u00fcn\u00fcm\u00fc\u2019\u2019 Raporuna G\u00f6re:Otomobil Piyasas\u0131nda Fiyatlar T\u00fcketici Lehine"},"content":{"rendered":"\n<p><strong>\u00a0<\/strong><\/p>\n\n\n\n<h3 class=\"wp-block-heading\"><strong>Bah\u00e7e\u015fehir \u00dcniversitesi Ekonomik ve Toplumsal Ara\u015ft\u0131rmalar Merkezi (BETAM) taraf\u0131ndan\u00a0<a href=\"http:\/\/sahibinden.com\/\" target=\"_blank\" rel=\"noreferrer noopener\">sahibinden.com<\/a>&#8216;da yay\u0131nlanan ilanlardan hareketle haz\u0131rlanan ve ikinci el otomobil piyasas\u0131n\u0131n genel durumunu analiz eden &#8220;Otomobil Piyasas\u0131 G\u00f6r\u00fcn\u00fcm\u00fc&#8221; raporunun yenisi yay\u0131mland\u0131.\u00a0<\/strong><\/h3>\n\n\n\n<p>Eyl\u00fcl ay\u0131 verileri incelenerek haz\u0131rlanan rapora g\u00f6re, otomobil piyasas\u0131 istikrarl\u0131 seyrini s\u00fcrd\u00fcr\u00fcyor. Reel fiyatlar ge\u00e7en y\u0131l\u0131n ayn\u0131 d\u00f6nemine g\u00f6re y\u00fczde 9,8 gerileme g\u00f6stererek al\u0131c\u0131lar i\u00e7in sat\u0131n alma g\u00fcc\u00fc avantaj\u0131 sa\u011flad\u0131. Otomobil talep endeksi ge\u00e7en y\u0131l\u0131n ayn\u0131 ay\u0131na k\u0131yasla y\u00fczde 3,9 daha y\u00fcksek seviyede yer ald\u0131.<\/p>\n\n\n\n<p><strong>Reel Fiyatlar T\u00fcketici Lehine Geli\u015fti<\/strong><\/p>\n\n\n\n<p>Eyl\u00fcl ay\u0131nda otomobil reel fiyatlar\u0131 ge\u00e7en y\u0131l\u0131n ayn\u0131 d\u00f6nemine k\u0131yasla y\u00fczde 9,8 d\u00fc\u015f\u00fc\u015f g\u00f6sterdi. Bu durum, enflasyon kar\u015f\u0131s\u0131nda ara\u00e7lar\u0131n sat\u0131n alma g\u00fcc\u00fc cinsinden de\u011ferinin t\u00fcketici lehine geli\u015fti\u011fine i\u015faret ediyor. Bir \u00f6nceki aya g\u00f6re ise reel fiyatlar yatay seyretti.<\/p>\n\n\n\n<p><strong>Ortalama otomobil reel fiyat\u0131 (2020 Ocak=100) (Sol panel), ortalama otomobil reel fiyat\u0131n\u0131n y\u0131ll\u0131k de\u011fi\u015fimi (%) (Sa\u011f panel)<\/strong><\/p>\n\n\n\n<figure class=\"wp-block-image\"><img decoding=\"async\" src=\"content-blocker:\/\/\" alt=\"Resim\"\/><\/figure>\n\n\n\n<p>Kaynak:&nbsp;<a href=\"http:\/\/sahibinden.com\/\" target=\"_blank\" rel=\"noreferrer noopener\">sahibinden.com<\/a>, Betam<\/p>\n\n\n\n<figure class=\"wp-block-image size-full\"><img fetchpriority=\"high\" decoding=\"async\" width=\"565\" height=\"175\" src=\"https:\/\/www.mallandmotto.com\/wp-content\/uploads\/2025\/10\/1761038582_1.jpg.jpg\" alt=\"\" class=\"wp-image-7243\" srcset=\"https:\/\/www.mallandmotto.com\/wp-content\/uploads\/2025\/10\/1761038582_1.jpg.jpg 565w, https:\/\/www.mallandmotto.com\/wp-content\/uploads\/2025\/10\/1761038582_1.jpg-300x93.jpg 300w\" sizes=\"(max-width: 565px) 100vw, 565px\" \/><\/figure>\n\n\n\n<p><\/p>\n\n\n\n<p><strong>T\u00fcm Yak\u0131t T\u00fcrlerinde Geni\u015f \u00dcr\u00fcn Yelpazesi<\/strong><\/p>\n\n\n\n<p>Raporda 6 farkl\u0131 yak\u0131t t\u00fcr\u00fcndeki ara\u00e7lar\u0131n fiyat performanslar\u0131 da de\u011ferlendirildi. 2025 Eyl\u00fcl verilerine g\u00f6re, her yak\u0131t t\u00fcr\u00fcnde al\u0131c\u0131lara \u00e7e\u015fitli se\u00e7enekler sunuluyor. Eyl\u00fcl ay\u0131 ortalama fiyatlar\u0131 benzinli ara\u00e7larda 1 milyon 311 bin TL, benzin &amp; LPG&#8217;li ara\u00e7larda 562 bin 113 TL, dizel ara\u00e7larda 1 milyon 41 bin TL, hibrit t\u00fcr\u00fcnde 2 milyon 420 bin TL ve elektrikli ara\u00e7larda 3 milyon 740 bin TL olarak ger\u00e7ekle\u015fti. Ge\u00e7en y\u0131l\u0131n ayn\u0131 d\u00f6nemine g\u00f6re nominal art\u0131\u015f oranlar\u0131 benzinli ara\u00e7larda y\u00fczde 20,2, benzin &amp; LPG&#8217;de y\u00fczde 14,2, dizel ara\u00e7larda y\u00fczde 16,8, hibrit ara\u00e7larda y\u00fczde 15,8 ve elektrikli ara\u00e7larda y\u00fczde 13,6 olarak kaydedildi.<\/p>\n\n\n\n<p><\/p>\n\n\n\n<figure class=\"wp-block-image size-full\"><img decoding=\"async\" width=\"559\" height=\"216\" src=\"https:\/\/www.mallandmotto.com\/wp-content\/uploads\/2025\/10\/1761038606_2.jpg.jpg\" alt=\"\" class=\"wp-image-7244\" srcset=\"https:\/\/www.mallandmotto.com\/wp-content\/uploads\/2025\/10\/1761038606_2.jpg.jpg 559w, https:\/\/www.mallandmotto.com\/wp-content\/uploads\/2025\/10\/1761038606_2.jpg-300x116.jpg 300w\" sizes=\"(max-width: 559px) 100vw, 559px\" \/><\/figure>\n\n\n\n<p><strong>Yak\u0131t t\u00fcr\u00fcne g\u00f6re ortalama otomobil fiyat\u0131 (TL) (Sol panel), yak\u0131t t\u00fcr\u00fcne g\u00f6re ortalama otomobil fiyat\u0131n\u0131n y\u0131ll\u0131k de\u011fi\u015fimi (%) (Sa\u011f panel)<\/strong><\/p>\n\n\n\n<p><strong><\/strong>Kaynak:&nbsp;<a href=\"http:\/\/sahibinden.com\/\" target=\"_blank\" rel=\"noreferrer noopener\">sahibinden.com<\/a>, Betam<\/p>\n\n\n\n<p><\/p>\n\n\n\n<figure class=\"wp-block-image size-full\"><img decoding=\"async\" width=\"572\" height=\"245\" src=\"https:\/\/www.mallandmotto.com\/wp-content\/uploads\/2025\/10\/1761038634_3.jpg.jpg\" alt=\"\" class=\"wp-image-7245\" srcset=\"https:\/\/www.mallandmotto.com\/wp-content\/uploads\/2025\/10\/1761038634_3.jpg.jpg 572w, https:\/\/www.mallandmotto.com\/wp-content\/uploads\/2025\/10\/1761038634_3.jpg-300x128.jpg 300w\" sizes=\"(max-width: 572px) 100vw, 572px\" \/><\/figure>\n\n\n\n<p><strong>Her Ya\u015f Grubundaki Ara\u00e7lara Talep Devam Ediyor<\/strong><\/p>\n\n\n\n<p>Bir \u00f6nceki aya g\u00f6re ya\u015f grubu fiyat analizinde, t\u00fcm ya\u015f segmentlerinde hareketlilik g\u00f6r\u00fcl\u00fcyor. Ortalama fiyatlar 2004-2008 model ara\u00e7larda 465 bin 530 TL, 2009-2013 model ara\u00e7larda 753 bin 724 TL, 2014-2018 model ara\u00e7larda ise 1 milyon 184 bin TL seviyesinde. Ge\u00e7en y\u0131l\u0131n ayn\u0131 d\u00f6nemine g\u00f6re nominal fiyat de\u011fi\u015fimleri s\u0131ras\u0131yla y\u00fczde 3,9, y\u00fczde 11,7 ve y\u00fczde 16,2 olarak ger\u00e7ekle\u015fti.<\/p>\n\n\n\n<p><strong>Ya\u015f gruplar\u0131na g\u00f6re ortalama otomobil fiyat\u0131 (TL) (Sol panel), ya\u015f gruplar\u0131na g\u00f6re ortalama otomobil fiyat\u0131n\u0131n y\u0131ll\u0131k de\u011fi\u015fimi (%) (Sa\u011f panel)<\/strong><\/p>\n\n\n\n<figure class=\"wp-block-image\"><img decoding=\"async\" src=\"content-blocker:\/\/\" alt=\"Resim\"\/><\/figure>\n\n\n\n<p>Kaynak:&nbsp;<a href=\"http:\/\/sahibinden.com\/\" target=\"_blank\" rel=\"noreferrer noopener\">sahibinden.com<\/a>, Betam<\/p>\n\n\n\n<p><strong>Piyasada H\u0131zl\u0131 \u0130\u015flem S\u00fcreci<\/strong><\/p>\n\n\n\n<p>Yay\u0131mlanan rapora g\u00f6re, sat\u0131l\u0131k otomobillerin piyasada kalma s\u00fcresi h\u0131zl\u0131 seyrediyor. Kapat\u0131lan ilanlar\u0131n ortalama ya\u015f\u0131 bir \u00f6nceki aya g\u00f6re 0,7 g\u00fcn azalarak 19,1 g\u00fcn olarak ger\u00e7ekle\u015fti. Bu durum, al\u0131c\u0131 ve sat\u0131c\u0131lar aras\u0131nda e\u015fle\u015fme s\u00fcrecinin verimli i\u015fledi\u011fini g\u00f6steriyor.<\/p>\n\n\n\n<p>Raporda ayr\u0131ca otomobil talep endeksi ve piyasa dinamiklerine ili\u015fkin veriler de payla\u015f\u0131ld\u0131. Buna g\u00f6re, otomobil talep endeksi ge\u00e7en y\u0131l\u0131n ayn\u0131 d\u00f6nemine g\u00f6re y\u00fczde 3,9 art\u0131\u015f g\u00f6sterdi. Piyasa aktivitesini g\u00f6steren sat\u0131lan otomobil say\u0131s\u0131n\u0131n toplam ilan say\u0131s\u0131na oran\u0131 y\u00fczde 24 seviyesinde ger\u00e7ekle\u015fti.<\/p>\n\n\n\n<p><strong>Sat\u0131l\u0131k otomobil kapat\u0131lan ilan ya\u015f\u0131 (G\u00fcn)<\/strong><\/p>\n\n\n\n<figure class=\"wp-block-image\"><img decoding=\"async\" src=\"content-blocker:\/\/\" alt=\"Resim\"\/><\/figure>\n\n\n\n<p>Kaynak:&nbsp;<a href=\"http:\/\/sahibinden.com\/\" target=\"_blank\" rel=\"noreferrer noopener\">sahibinden.com<\/a>, Betam<\/p>\n\n\n\n<p>Raporun devam\u0131na&nbsp;<a href=\"https:\/\/www.sahibinden.com\/kurumsal\/arac-raporlari\/sahibindex-otomobil-piyasasi-gorunumu---eylul-2025\" target=\"_blank\" rel=\"noreferrer noopener\">buradan<\/a>&nbsp;ula\u015fabilirsiniz.<\/p>\n\n\n\n<figure class=\"wp-block-image size-full\"><img loading=\"lazy\" decoding=\"async\" width=\"297\" height=\"206\" src=\"https:\/\/www.mallandmotto.com\/wp-content\/uploads\/2025\/10\/1761038654_4.jpg.jpg\" alt=\"\" class=\"wp-image-7246\"\/><\/figure>\n\n\n\n<p><\/p>\n","protected":false},"excerpt":{"rendered":"<p>\u00a0 Bah\u00e7e\u015fehir \u00dcniversitesi Ekonomik ve Toplumsal Ara\u015ft\u0131rmalar Merkezi (BETAM) taraf\u0131ndan\u00a0sahibinden.com&#8216;da yay\u0131nlanan ilanlardan hareketle haz\u0131rlanan ve ikinci el otomobil piyasas\u0131n\u0131n genel durumunu analiz eden &#8220;Otomobil Piyasas\u0131&hellip;<\/p>\n","protected":false},"author":6,"featured_media":7247,"comment_status":"open","ping_status":"open","sticky":false,"template":"","format":"standard","meta":{"footnotes":""},"categories":[28],"tags":[],"class_list":["post-7242","post","type-post","status-publish","format-standard","has-post-thumbnail","hentry","category-arastirma"],"_links":{"self":[{"href":"https:\/\/www.mallandmotto.com\/index.php\/wp-json\/wp\/v2\/posts\/7242","targetHints":{"allow":["GET"]}}],"collection":[{"href":"https:\/\/www.mallandmotto.com\/index.php\/wp-json\/wp\/v2\/posts"}],"about":[{"href":"https:\/\/www.mallandmotto.com\/index.php\/wp-json\/wp\/v2\/types\/post"}],"author":[{"embeddable":true,"href":"https:\/\/www.mallandmotto.com\/index.php\/wp-json\/wp\/v2\/users\/6"}],"replies":[{"embeddable":true,"href":"https:\/\/www.mallandmotto.com\/index.php\/wp-json\/wp\/v2\/comments?post=7242"}],"version-history":[{"count":1,"href":"https:\/\/www.mallandmotto.com\/index.php\/wp-json\/wp\/v2\/posts\/7242\/revisions"}],"predecessor-version":[{"id":7248,"href":"https:\/\/www.mallandmotto.com\/index.php\/wp-json\/wp\/v2\/posts\/7242\/revisions\/7248"}],"wp:featuredmedia":[{"embeddable":true,"href":"https:\/\/www.mallandmotto.com\/index.php\/wp-json\/wp\/v2\/media\/7247"}],"wp:attachment":[{"href":"https:\/\/www.mallandmotto.com\/index.php\/wp-json\/wp\/v2\/media?parent=7242"}],"wp:term":[{"taxonomy":"category","embeddable":true,"href":"https:\/\/www.mallandmotto.com\/index.php\/wp-json\/wp\/v2\/categories?post=7242"},{"taxonomy":"post_tag","embeddable":true,"href":"https:\/\/www.mallandmotto.com\/index.php\/wp-json\/wp\/v2\/tags?post=7242"}],"curies":[{"name":"wp","href":"https:\/\/api.w.org\/{rel}","templated":true}]}}