{"id":7296,"date":"2025-10-30T08:42:11","date_gmt":"2025-10-30T08:42:11","guid":{"rendered":"https:\/\/www.mallandmotto.com\/?p=7296"},"modified":"2025-10-30T08:42:12","modified_gmt":"2025-10-30T08:42:12","slug":"avm-metrekare-verimlilik-endeksi-eylul-2025te-yuzde-265-artti","status":"publish","type":"post","link":"https:\/\/www.mallandmotto.com\/index.php\/2025\/10\/30\/avm-metrekare-verimlilik-endeksi-eylul-2025te-yuzde-265-artti\/","title":{"rendered":"AVM Metrekare Verimlilik Endeksi Eyl\u00fcl 2025\u2019te Y\u00fczde 26,5 Artt\u0131"},"content":{"rendered":"\n<h3 class=\"wp-block-heading\">Al\u0131\u015fveri\u015f Merkezleri ve Yat\u0131r\u0131mc\u0131lar\u0131 Derne\u011fi (AYD)\u00a0ile\u00a0Akademetre Research\u00a0taraf\u0131ndan ortakla\u015fa olu\u015fturulan\u00a0AVM Endeksi\u2019nin Eyl\u00fcl ay\u0131 sonu\u00e7lar\u0131 a\u00e7\u0131kland\u0131.<\/h3>\n\n\n\n<p>Her ay d\u00fczenli olarak yay\u0131nlanan verilere g\u00f6re ciro endeksi, Eyl\u00fcl 2025 d\u00f6neminde, bir \u00f6nceki y\u0131l\u0131n ayn\u0131 ay\u0131 ile kar\u015f\u0131la\u015ft\u0131r\u0131ld\u0131\u011f\u0131nda ve enflasyondan ar\u0131nd\u0131r\u0131lmam\u0131\u015f olarak incelendi\u011finde y\u00fczde 26,5 oran\u0131nda artarak 4264 puana y\u00fckseldi. Ancak, Eyl\u00fcl 2025 i\u00e7in a\u00e7\u0131klanan y\u0131ll\u0131k enflasyon oran\u0131n\u0131n %33,29 oldu\u011fu dikkate al\u0131nd\u0131\u011f\u0131nda, metrekare verimlilik endeksindeki art\u0131\u015f\u0131n enflasyonun alt\u0131nda kald\u0131\u011f\u0131 g\u00f6r\u00fcl\u00fcyor. Bu durum, reel anlamda AVM cirolar\u0131nda s\u0131n\u0131rl\u0131 bir daralmaya i\u015faret ediyor. Bir \u00f6nceki aya g\u00f6re de\u011ferlendirildi\u011finde, AVM metrekare verimlili\u011fi %2,8 oran\u0131nda daralma g\u00f6sterdi. Kategoriler baz\u0131nda incelendi\u011finde, teknoloji kategorisinde %10,8 oran\u0131nda art\u0131\u015f ya\u015fan\u0131rken, yiyecek-i\u00e7ecek kategorisinde %7,7 oran\u0131nda d\u00fc\u015f\u00fc\u015f kaydedildi. Bu veriler, t\u00fcketicinin \u00f6zellikle g\u0131da d\u0131\u015f\u0131 harcamalarda teknolojiye \u00f6ncelik verdi\u011fini, ancak artan ya\u015fam maliyetleri nedeniyle yeme-i\u00e7me harcamalar\u0131n\u0131 k\u0131smaya y\u00f6neldi\u011fini g\u00f6steriyor.<\/p>\n\n\n\n<p><strong>Ekonomist Fatih Keresteci<\/strong>, Eyl\u00fcl endeks d\u00f6nemine y\u00f6nelik \u015fu a\u00e7\u0131klamalar\u0131 yapt\u0131:\u201d&nbsp;AVM ciro endeksi 2025 y\u0131l\u0131 Eyl\u00fcl ay\u0131nda, ge\u00e7en y\u0131l\u0131n ayn\u0131 d\u00f6nemine g\u00f6re nominal olarak %26,5 b\u00fcy\u00fcd\u00fc. T\u00dcFE enflasyonu ile ar\u0131nd\u0131r\u0131ld\u0131\u011f\u0131nda reel olarak %5\u2019lik bir daralma var. Kategori baz\u0131nda bak\u0131nca, son d\u00f6nemde s\u0131kl\u0131kla oldu\u011fu \u00fczere, keskin ayr\u0131\u015fmalar var. \u015e\u00f6yle ki, y\u0131ll\u0131k de\u011fi\u015fim oranlar\u0131na g\u00f6re giyim %33,4 b\u00fcy\u00fcme ile ilk s\u0131rada yer al\u0131yor ve reel olarak da pozitif b\u00fcy\u00fcyen tek kategori. Onu %29 art\u0131\u015f ile teknoloji, %27,7 ile yiyecek-i\u00e7ecek ve %26,2 ile hipermarket kategorileri takip ediyor&#8230;..&#8221;<\/p>\n","protected":false},"excerpt":{"rendered":"<p>Al\u0131\u015fveri\u015f Merkezleri ve Yat\u0131r\u0131mc\u0131lar\u0131 Derne\u011fi (AYD)\u00a0ile\u00a0Akademetre Research\u00a0taraf\u0131ndan ortakla\u015fa olu\u015fturulan\u00a0AVM Endeksi\u2019nin Eyl\u00fcl ay\u0131 sonu\u00e7lar\u0131 a\u00e7\u0131kland\u0131. Her ay d\u00fczenli olarak yay\u0131nlanan verilere g\u00f6re ciro endeksi, Eyl\u00fcl 2025&hellip;<\/p>\n","protected":false},"author":6,"featured_media":7297,"comment_status":"open","ping_status":"open","sticky":false,"template":"","format":"standard","meta":{"footnotes":""},"categories":[28],"tags":[],"class_list":["post-7296","post","type-post","status-publish","format-standard","has-post-thumbnail","hentry","category-arastirma"],"_links":{"self":[{"href":"https:\/\/www.mallandmotto.com\/index.php\/wp-json\/wp\/v2\/posts\/7296","targetHints":{"allow":["GET"]}}],"collection":[{"href":"https:\/\/www.mallandmotto.com\/index.php\/wp-json\/wp\/v2\/posts"}],"about":[{"href":"https:\/\/www.mallandmotto.com\/index.php\/wp-json\/wp\/v2\/types\/post"}],"author":[{"embeddable":true,"href":"https:\/\/www.mallandmotto.com\/index.php\/wp-json\/wp\/v2\/users\/6"}],"replies":[{"embeddable":true,"href":"https:\/\/www.mallandmotto.com\/index.php\/wp-json\/wp\/v2\/comments?post=7296"}],"version-history":[{"count":1,"href":"https:\/\/www.mallandmotto.com\/index.php\/wp-json\/wp\/v2\/posts\/7296\/revisions"}],"predecessor-version":[{"id":7298,"href":"https:\/\/www.mallandmotto.com\/index.php\/wp-json\/wp\/v2\/posts\/7296\/revisions\/7298"}],"wp:featuredmedia":[{"embeddable":true,"href":"https:\/\/www.mallandmotto.com\/index.php\/wp-json\/wp\/v2\/media\/7297"}],"wp:attachment":[{"href":"https:\/\/www.mallandmotto.com\/index.php\/wp-json\/wp\/v2\/media?parent=7296"}],"wp:term":[{"taxonomy":"category","embeddable":true,"href":"https:\/\/www.mallandmotto.com\/index.php\/wp-json\/wp\/v2\/categories?post=7296"},{"taxonomy":"post_tag","embeddable":true,"href":"https:\/\/www.mallandmotto.com\/index.php\/wp-json\/wp\/v2\/tags?post=7296"}],"curies":[{"name":"wp","href":"https:\/\/api.w.org\/{rel}","templated":true}]}}