{"id":7467,"date":"2025-11-07T07:30:30","date_gmt":"2025-11-07T07:30:30","guid":{"rendered":"https:\/\/www.mallandmotto.com\/?p=7467"},"modified":"2025-11-07T07:30:31","modified_gmt":"2025-11-07T07:30:31","slug":"inegol-avmnin-gelenekten-gelecege-projesine-avrupadan-bir-odul-daha","status":"publish","type":"post","link":"https:\/\/www.mallandmotto.com\/index.php\/2025\/11\/07\/inegol-avmnin-gelenekten-gelecege-projesine-avrupadan-bir-odul-daha\/","title":{"rendered":"\u0130neg\u00f6l AVM\u2019nin Gelenekten Gelece\u011fe Projesine Avrupa\u2019dan Bir \u00d6d\u00fcl Daha"},"content":{"rendered":"\n<h3 class=\"wp-block-heading\"><strong>Fiba CP\u2019nin yat\u0131r\u0131mc\u0131s\u0131 ve y\u00f6neticisi oldu\u011fu \u0130neg\u00f6l AVM, yerel k\u00fclt\u00fcrel miras\u0131 ya\u015fatarak toplumsal etki yaratan \u2018Gelenekten Gelece\u011fe\u2019 projesiyle uluslararas\u0131 bir \u00f6d\u00fcl daha kazand\u0131. Proje, d\u00fcnya \u00e7ap\u0131nda ileti\u015fim ve pazarlama alan\u0131nda m\u00fckemmelli\u011fi \u00f6d\u00fcllendiren en sayg\u0131n yar\u0131\u015fma programlar\u0131ndan biri olan MarCom Awards\u2019ta alt\u0131n \u00f6d\u00fcl\u00fcn sahibi oldu.\u00a0<\/strong><\/h3>\n\n\n\n<p>Fiba Commercial Properties (Fiba CP), T\u00fcrkiye\u2019deki yat\u0131r\u0131mlar\u0131ndan \u0130neg\u00f6l AVM ile uluslararas\u0131 bir ba\u015far\u0131ya daha imza att\u0131. \u0130neg\u00f6l AVM \u00e7at\u0131s\u0131 alt\u0131nda hayata ge\u00e7irilen \u2018Gelenekten Gelece\u011fe\u2019 projesi, Avrupa\u2019n\u0131n en prestijli ileti\u015fim ve pazarlama \u00f6d\u00fcllerinden MarCom Awards\u2019ta alt\u0131n \u00f6d\u00fcle lay\u0131k g\u00f6r\u00fcld\u00fc.&nbsp;<\/p>\n\n\n\n<p><strong>El Sanatlar\u0131ndan Gelece\u011fe Uzanan Bir K\u00f6pr\u00fc<\/strong><\/p>\n\n\n\n<p>Fiba CP\u2019nin vizyonuyla hayata ge\u00e7en \u2018Gelenekten Gelece\u011fe\u2019 projesi, \u0130neg\u00f6l\u2019\u00fcn zengin k\u00fclt\u00fcrel miras\u0131n\u0131 sahiplenerek, geleneksel el sanatlar\u0131n\u0131n ya\u015fat\u0131lmas\u0131, yerel halk\u0131n projeye aktif kat\u0131l\u0131m\u0131 ve sosyal ba\u011flar\u0131n g\u00fc\u00e7lendirilmesini ama\u00e7l\u0131yor. \u00c7ok k\u0131sa s\u00fcrede yaratt\u0131\u011f\u0131 sosyal etki ile be\u011feni toplayan proje, daha \u00f6nce de Stevie\u00ae Awards\u2019ta 4 ayr\u0131 \u00f6d\u00fcl\u00fcn sahibi olmu\u015ftu.&nbsp;<\/p>\n\n\n\n<p>Yeti\u015fkinlere ve \u00e7ocuklara y\u00f6nelik d\u00fczenlenen at\u00f6lye \u00e7al\u0131\u015fmalar\u0131yla proje, de\u011ferli meslekleri yeni nesillere aktar\u0131rken toplumsal fark\u0131ndal\u0131\u011f\u0131 da art\u0131r\u0131yor. Yerel el sanatlar\u0131 ustalar\u0131, sanat akademisyenleri ve \u00fcniversitelerle ger\u00e7ekle\u015ftirilen i\u015f birlikleriyle kat\u0131l\u0131mc\u0131lara daha zengin bir deneyim sunuluyor. At\u00f6lyelerde \u00fcretilen eserlerin f\u0131r\u0131nlama ve sergilenme a\u015famalar\u0131 da bu uzman i\u015f birlikleri sayesinde profesyonel bir \u015fekilde ger\u00e7ekle\u015ftiriliyor.<\/p>\n\n\n\n<p><strong>Fiba Commercial Properties CEO ve Y\u00f6netim Kurulu \u00dcyesi Yurdaer Kahraman<\/strong>, \u201cBu \u00f6d\u00fcl, yerel k\u00fclt\u00fcre duydu\u011fumuz derin sayg\u0131n\u0131n, topluma kar\u015f\u0131 sorumlulu\u011fumuzun ve s\u00fcrd\u00fcr\u00fclebilirlik vizyonumuza olan inanc\u0131m\u0131z\u0131n bir g\u00f6stergesi. \u0130neg\u00f6l AVM olarak biz, bulundu\u011fumuz b\u00f6lgeyle kal\u0131c\u0131 bir ba\u011f kurmay\u0131; al\u0131\u015fveri\u015fin \u00f6tesinde, sosyal ya\u015fam\u0131n canl\u0131 bir par\u00e7as\u0131 olmay\u0131 hedefliyoruz. \u2018Gelenekten Gelece\u011fe\u2019 projesi de tam bu anlay\u0131\u015f\u0131n bir \u00fcr\u00fcn\u00fcyd\u00fc. Amac\u0131m\u0131z; ge\u00e7mi\u015fin de\u011ferlerini bug\u00fcne ta\u015f\u0131yarak, yerel halk\u0131n kat\u0131l\u0131m\u0131yla k\u00fclt\u00fcrel miras\u0131m\u0131z\u0131 ya\u015fatmak ve bu miras\u0131 gelecek ku\u015faklara ilham veren bir bi\u00e7imde aktarmakt\u0131. El sanatlar\u0131ndan topluluk at\u00f6lyelerine, e\u011fitim programlar\u0131ndan etkile\u015fimli etkinliklere kadar bir\u00e7ok bile\u015feni kapsayan bu b\u00fct\u00fcnc\u00fcl yakla\u015f\u0131m\u0131n, uluslararas\u0131 d\u00fczeyde takdir g\u00f6rmesi bizim i\u00e7in b\u00fcy\u00fck bir gurur ve motivasyon kayna\u011f\u0131. Bu \u00f6d\u00fcl, ortak bir vizyonun, g\u00fc\u00e7l\u00fc bir i\u015f birli\u011finin ve emek dolu bir yolculu\u011fun sonucu. Fiba CP ailesi, payda\u015flar\u0131m\u0131z ve \u0130neg\u00f6l halk\u0131yla birlikte ortaya koydu\u011fumuz bu de\u011ferin uluslararas\u0131 \u00f6l\u00e7ekte takdir edilmesi bizim i\u00e7in b\u00fcy\u00fck bir gurur.\u201d<\/p>\n","protected":false},"excerpt":{"rendered":"<p>Fiba CP\u2019nin yat\u0131r\u0131mc\u0131s\u0131 ve y\u00f6neticisi oldu\u011fu \u0130neg\u00f6l AVM, yerel k\u00fclt\u00fcrel miras\u0131 ya\u015fatarak toplumsal etki yaratan \u2018Gelenekten Gelece\u011fe\u2019 projesiyle uluslararas\u0131 bir \u00f6d\u00fcl daha kazand\u0131. Proje, d\u00fcnya&hellip;<\/p>\n","protected":false},"author":6,"featured_media":7468,"comment_status":"open","ping_status":"open","sticky":false,"template":"","format":"standard","meta":{"footnotes":""},"categories":[11],"tags":[],"class_list":["post-7467","post","type-post","status-publish","format-standard","has-post-thumbnail","hentry","category-avm"],"_links":{"self":[{"href":"https:\/\/www.mallandmotto.com\/index.php\/wp-json\/wp\/v2\/posts\/7467","targetHints":{"allow":["GET"]}}],"collection":[{"href":"https:\/\/www.mallandmotto.com\/index.php\/wp-json\/wp\/v2\/posts"}],"about":[{"href":"https:\/\/www.mallandmotto.com\/index.php\/wp-json\/wp\/v2\/types\/post"}],"author":[{"embeddable":true,"href":"https:\/\/www.mallandmotto.com\/index.php\/wp-json\/wp\/v2\/users\/6"}],"replies":[{"embeddable":true,"href":"https:\/\/www.mallandmotto.com\/index.php\/wp-json\/wp\/v2\/comments?post=7467"}],"version-history":[{"count":1,"href":"https:\/\/www.mallandmotto.com\/index.php\/wp-json\/wp\/v2\/posts\/7467\/revisions"}],"predecessor-version":[{"id":7469,"href":"https:\/\/www.mallandmotto.com\/index.php\/wp-json\/wp\/v2\/posts\/7467\/revisions\/7469"}],"wp:featuredmedia":[{"embeddable":true,"href":"https:\/\/www.mallandmotto.com\/index.php\/wp-json\/wp\/v2\/media\/7468"}],"wp:attachment":[{"href":"https:\/\/www.mallandmotto.com\/index.php\/wp-json\/wp\/v2\/media?parent=7467"}],"wp:term":[{"taxonomy":"category","embeddable":true,"href":"https:\/\/www.mallandmotto.com\/index.php\/wp-json\/wp\/v2\/categories?post=7467"},{"taxonomy":"post_tag","embeddable":true,"href":"https:\/\/www.mallandmotto.com\/index.php\/wp-json\/wp\/v2\/tags?post=7467"}],"curies":[{"name":"wp","href":"https:\/\/api.w.org\/{rel}","templated":true}]}}