{"id":7473,"date":"2025-11-07T12:16:15","date_gmt":"2025-11-07T12:16:15","guid":{"rendered":"https:\/\/www.mallandmotto.com\/?p=7473"},"modified":"2025-11-07T12:16:15","modified_gmt":"2025-11-07T12:16:15","slug":"vialand-garaj-gunleri-basliyor","status":"publish","type":"post","link":"https:\/\/www.mallandmotto.com\/index.php\/2025\/11\/07\/vialand-garaj-gunleri-basliyor\/","title":{"rendered":"Vialand Garaj G\u00fcnleri Ba\u015fl\u0131yor"},"content":{"rendered":"\n<h3 class=\"wp-block-heading\">Vialand AVM, y\u0131l\u0131n en b\u00fcy\u00fck indirim etkinli\u011fi \u201cGaraj G\u00fcnleri\u201d ile ziyaret\u00e7ilerine ka\u00e7\u0131r\u0131lmayacak f\u0131rsatlar sunuyor. 8\u201323 Kas\u0131m tarihleri aras\u0131nda modadan spora, ev ya\u015fam\u0131ndan \u00e7ocuk kategorilerine kadar d\u00fcnyaca \u00fcnl\u00fc markalarda birbirinden \u00f6zel indirimler Vialand AVM\u2019de al\u0131\u015fveri\u015f tutkunlar\u0131n\u0131 bekliyor.<\/h3>\n\n\n\n<p>\u0130stanbul\u2019un al\u0131\u015fveri\u015f ve e\u011flence d\u00fcnyas\u0131n\u0131 bir araya getiren Vialand AVM, y\u0131l\u0131n en b\u00fcy\u00fck indirim etkinli\u011fi \u201cGaraj G\u00fcnleri\u201d ile ziyaret\u00e7ilerini a\u011f\u0131rl\u0131yor. 8\u201323 Kas\u0131m tarihleri aras\u0131nda ger\u00e7ekle\u015fen etkinlikte moda, spor, ev ya\u015fam\u0131 ve \u00e7ocuk kategorilerinde d\u00fcnyaca \u00fcnl\u00fc markalar, sezonun en iddial\u0131 indirimleriyle ziyaret\u00e7ilerini bekliyor.<\/p>\n\n\n\n<p>Moda ve spor tutkunlar\u0131na \u00f6zel kampanyalarla \u00f6ne \u00e7\u0131kan Garaj G\u00fcnleri\u2019nde; SPX, Merrell, Salomon, Billabong, Jack Wolfskin, Quiksilver, Greyder, Vans, Northface, Puma, Under Armour, Hummel, Timberland ve Lescon gibi markalar outdoor ve spor giyim severleri cezbediyor.<\/p>\n\n\n\n<p>L\u00fcks ve premium moda markalar\u0131 aras\u0131nda yer alan Brandy\u2019s, Calvin Klein, Armani Exchange, Boss, Emporio Armani, EA7, Tommy Hilfiger, Versace Jeans Couture ve Trussardi, tarz\u0131n\u0131 yenilemek isteyenlere \u00f6zel indirimlerle dikkat \u00e7ekiyor.<\/p>\n\n\n\n<p>Boyner ve Nivo gibi \u00e7ok kategorili ma\u011fazalar geni\u015f \u00fcr\u00fcn yelpazesiyle her ya\u015fa ve stile hitap eden se\u00e7enekler sunarak Garaj G\u00fcnleri\u2019ni al\u0131\u015fveri\u015f tutkunlar\u0131 i\u00e7in daha da cazip hale getiriyor.<\/p>\n\n\n\n<p>Kad\u0131n modas\u0131nda, Yarg\u0131c\u0131 ve Gusto, zarif detaylar\u0131 ve g\u00fcn\u00fcn her an\u0131na uyum sa\u011flayan tasar\u0131mlar\u0131yla stil sahibi kad\u0131nlara \u00f6zel indirim f\u0131rsatlar\u0131 sunuyor.<\/p>\n\n\n\n<p>Erkek giyiminde tarz sahibi markalar Lufian, U.S. Polo, Ki\u011f\u0131l\u0131, D\u2019S Damat, S\u00fcvari, Pierre Cardin ve Tudors, klasik ve modern \u00e7izgileri bulu\u015fturan koleksiyonlar\u0131nda sezon sonu avantajlar\u0131yla \u00f6ne \u00e7\u0131k\u0131yor.<\/p>\n\n\n\n<p>\u00c7ocuk modas\u0131nda yer alan Civil, Rolypoly ve Vicco, minik ziyaret\u00e7iler i\u00e7in renkli, konforlu ve e\u011flenceli koleksiyonlar\u0131nda cazip fiyatlarla al\u0131\u015fveri\u015f keyfi ya\u015fat\u0131yor.<\/p>\n\n\n\n<p>Ayakkab\u0131 ve aksesuar tutkunlar\u0131na \u00f6zel f\u0131rsatlar da Garaj G\u00fcnleri\u2019nde dikkat \u00e7ekiyor.<br>Flo, Tamer Tanca, Ye\u015fil Kundura ve Ayakkab\u0131 Fabrikas\u0131, tarz\u0131ndan \u00f6d\u00fcn vermeyen kad\u0131nlar ve erkekler i\u00e7in her zevke hitap eden ayakkab\u0131 koleksiyonlar\u0131nda sezonun en avantajl\u0131 fiyatlar\u0131n\u0131 sunuyor.<\/p>\n\n\n\n<p>G\u00f6zl\u00fck ve aksesuar kategorisinde \u00f6ne \u00e7\u0131kan Opmar Optik ise \u015f\u0131kl\u0131\u011f\u0131 tamamlayan g\u00fcne\u015f g\u00f6zl\u00fc\u011f\u00fc ve optik koleksiyonlar\u0131nda benzersiz indirimlerle al\u0131\u015fveri\u015f deneyimini ta\u00e7land\u0131r\u0131yor.<\/p>\n\n\n\n<p>Ev ve ya\u015fam kategorisinde ise Karaca Home, Jumbo, Levidor, Madame Coco, Linens, Esse, \u00d6zdilek, Ayd\u0131n Mobilya ve Hal\u0131 Festivali gibi markalar evini yenilemek isteyenlere b\u00fcy\u00fck indirimler sunuyor.<\/p>\n\n\n\n<p>Garaj G\u00fcnleri boyunca al\u0131\u015fveri\u015fe e\u011flencenin de e\u015flik edece\u011fi Vialand AVM\u2019de, Vialand Tema Park misafirlere keyifli anlar ya\u015fatmak i\u00e7in daha sonra kullanabilecekleri&nbsp;&nbsp;indirimli giri\u015f bileti imk\u00e2n\u0131 sunuyor.<\/p>\n\n\n\n<p>Yeme\u2013i\u00e7me kategorisinde yer alan M\u00fcessese, zengin men\u00fcs\u00fcyle al\u0131\u015fveri\u015f keyfine lezzetli bir mola eklemek isteyenleri a\u011f\u0131rl\u0131yor.<\/p>\n\n\n\n<p>Vialand Garaj G\u00fcnleri, 8\u201323 Kas\u0131m tarihleri aras\u0131nda en sevilen markalarda y\u0131l\u0131n en b\u00fcy\u00fck indirim f\u0131rsatlar\u0131n\u0131 sunuyor.&nbsp;<\/p>\n\n\n\n<p>Al\u0131\u015fveri\u015fin e\u011flenceyle bulu\u015ftu\u011fu bu festival, t\u00fcm ziyaret\u00e7ilerini bekliyor!<\/p>\n","protected":false},"excerpt":{"rendered":"<p>Vialand AVM, y\u0131l\u0131n en b\u00fcy\u00fck indirim etkinli\u011fi \u201cGaraj G\u00fcnleri\u201d ile ziyaret\u00e7ilerine ka\u00e7\u0131r\u0131lmayacak f\u0131rsatlar sunuyor. 8\u201323 Kas\u0131m tarihleri aras\u0131nda modadan spora, ev ya\u015fam\u0131ndan \u00e7ocuk kategorilerine kadar&hellip;<\/p>\n","protected":false},"author":6,"featured_media":7474,"comment_status":"open","ping_status":"open","sticky":false,"template":"","format":"standard","meta":{"footnotes":""},"categories":[11],"tags":[],"class_list":["post-7473","post","type-post","status-publish","format-standard","has-post-thumbnail","hentry","category-avm"],"_links":{"self":[{"href":"https:\/\/www.mallandmotto.com\/index.php\/wp-json\/wp\/v2\/posts\/7473","targetHints":{"allow":["GET"]}}],"collection":[{"href":"https:\/\/www.mallandmotto.com\/index.php\/wp-json\/wp\/v2\/posts"}],"about":[{"href":"https:\/\/www.mallandmotto.com\/index.php\/wp-json\/wp\/v2\/types\/post"}],"author":[{"embeddable":true,"href":"https:\/\/www.mallandmotto.com\/index.php\/wp-json\/wp\/v2\/users\/6"}],"replies":[{"embeddable":true,"href":"https:\/\/www.mallandmotto.com\/index.php\/wp-json\/wp\/v2\/comments?post=7473"}],"version-history":[{"count":1,"href":"https:\/\/www.mallandmotto.com\/index.php\/wp-json\/wp\/v2\/posts\/7473\/revisions"}],"predecessor-version":[{"id":7475,"href":"https:\/\/www.mallandmotto.com\/index.php\/wp-json\/wp\/v2\/posts\/7473\/revisions\/7475"}],"wp:featuredmedia":[{"embeddable":true,"href":"https:\/\/www.mallandmotto.com\/index.php\/wp-json\/wp\/v2\/media\/7474"}],"wp:attachment":[{"href":"https:\/\/www.mallandmotto.com\/index.php\/wp-json\/wp\/v2\/media?parent=7473"}],"wp:term":[{"taxonomy":"category","embeddable":true,"href":"https:\/\/www.mallandmotto.com\/index.php\/wp-json\/wp\/v2\/categories?post=7473"},{"taxonomy":"post_tag","embeddable":true,"href":"https:\/\/www.mallandmotto.com\/index.php\/wp-json\/wp\/v2\/tags?post=7473"}],"curies":[{"name":"wp","href":"https:\/\/api.w.org\/{rel}","templated":true}]}}