{"id":7537,"date":"2025-11-12T07:15:39","date_gmt":"2025-11-12T07:15:39","guid":{"rendered":"https:\/\/www.mallandmotto.com\/?p=7537"},"modified":"2025-11-12T07:15:40","modified_gmt":"2025-11-12T07:15:40","slug":"marmara-park-avmden-organ-bagisina-duyarli-etkinlik","status":"publish","type":"post","link":"https:\/\/www.mallandmotto.com\/index.php\/2025\/11\/12\/marmara-park-avmden-organ-bagisina-duyarli-etkinlik\/","title":{"rendered":"Marmara Park AVM\u2019den Organ Ba\u011f\u0131\u015f\u0131na Duyarl\u0131 Etkinlik"},"content":{"rendered":"\n<h3 class=\"wp-block-heading\"><strong>Her y\u0131l 3\u20139 Kas\u0131m tarihleri aras\u0131nda kutlanan Organ Ba\u011f\u0131\u015f\u0131 Haftas\u0131 kapsam\u0131nda Marmara Park AVM, fark\u0131ndal\u0131k olu\u015fturmak amac\u0131yla anlaml\u0131 bir etkinli\u011fe ev sahipli\u011fi yap\u0131yor. Toplumda organ ba\u011f\u0131\u015f\u0131 bilincini art\u0131rmak ve organ nakli bekleyen ailelere moral deste\u011fi sa\u011flamak amac\u0131yla, 11 Kas\u0131m Sal\u0131 g\u00fcn\u00fc saat 14.30\u2019da Can\u0131ma Can Kat Derne\u011fi \u00f6nc\u00fcl\u00fc\u011f\u00fcnde \u00e7ocuklara y\u00f6nelik \u00fccretsiz bir \u201cRitim At\u00f6lyesi\u201d d\u00fczenlenecek.<\/strong><\/h3>\n\n\n\n<p>Etkinlik, sosyal medyada&nbsp;<strong>M\u00fczisyenanne<\/strong>&nbsp;olarak tan\u0131nan, ayn\u0131 zamanda&nbsp;<strong>Etiler M\u00fczik Okulu Kurucusu Ahu Kahraman Y\u0131ld\u0131r\u0131m<\/strong>&nbsp;liderli\u011finde m\u00fczik temelli, interaktif bir deneyim sunacak. 11 Kas\u0131m Sal\u0131 g\u00fcn\u00fc saat 14.30\u2019da Marmara Park AVM\u2019nin&nbsp;zemin kat\u0131nda&nbsp;yap\u0131lacak at\u00f6lyede \u00e7ocuklar ritim duygular\u0131n\u0131 ke\u015ffederken, aileler de organ ba\u011f\u0131\u015f\u0131n\u0131n ya\u015fama katt\u0131\u011f\u0131 degere dair fark\u0131ndal\u0131k kazanacak.<\/p>\n\n\n\n<p>2024 y\u0131l\u0131nda Ahu Kahraman Y\u0131ld\u0131r\u0131m taraf\u0131ndan kurulan&nbsp;<strong>Can\u0131ma Can Kat Derne\u011fi,<\/strong>&nbsp;hen\u00fcz bebekken kalp nakli ge\u00e7iren \u201cKartal Bebek\u201din ya\u015fam m\u00fccadelesinden do\u011fdu. \u201cCan\u0131 yanan\u0131n h\u00e2linden, can\u0131 yanan anlar\u201d felsefesiyle yola \u00e7\u0131kan dernek, organ nakli bekleyen bireylerin ve ailelerinin sesi olmay\u0131; onlar\u0131n ya\u015fad\u0131\u011f\u0131 s\u00fcreci toplumla payla\u015farak empati temelli bir fark\u0131ndal\u0131k yaratmay\u0131 ama\u00e7l\u0131yor.<\/p>\n","protected":false},"excerpt":{"rendered":"<p>Her y\u0131l 3\u20139 Kas\u0131m tarihleri aras\u0131nda kutlanan Organ Ba\u011f\u0131\u015f\u0131 Haftas\u0131 kapsam\u0131nda Marmara Park AVM, fark\u0131ndal\u0131k olu\u015fturmak amac\u0131yla anlaml\u0131 bir etkinli\u011fe ev sahipli\u011fi yap\u0131yor. Toplumda organ&hellip;<\/p>\n","protected":false},"author":6,"featured_media":7538,"comment_status":"open","ping_status":"open","sticky":false,"template":"","format":"standard","meta":{"footnotes":""},"categories":[11],"tags":[],"class_list":["post-7537","post","type-post","status-publish","format-standard","has-post-thumbnail","hentry","category-avm"],"_links":{"self":[{"href":"https:\/\/www.mallandmotto.com\/index.php\/wp-json\/wp\/v2\/posts\/7537","targetHints":{"allow":["GET"]}}],"collection":[{"href":"https:\/\/www.mallandmotto.com\/index.php\/wp-json\/wp\/v2\/posts"}],"about":[{"href":"https:\/\/www.mallandmotto.com\/index.php\/wp-json\/wp\/v2\/types\/post"}],"author":[{"embeddable":true,"href":"https:\/\/www.mallandmotto.com\/index.php\/wp-json\/wp\/v2\/users\/6"}],"replies":[{"embeddable":true,"href":"https:\/\/www.mallandmotto.com\/index.php\/wp-json\/wp\/v2\/comments?post=7537"}],"version-history":[{"count":1,"href":"https:\/\/www.mallandmotto.com\/index.php\/wp-json\/wp\/v2\/posts\/7537\/revisions"}],"predecessor-version":[{"id":7539,"href":"https:\/\/www.mallandmotto.com\/index.php\/wp-json\/wp\/v2\/posts\/7537\/revisions\/7539"}],"wp:featuredmedia":[{"embeddable":true,"href":"https:\/\/www.mallandmotto.com\/index.php\/wp-json\/wp\/v2\/media\/7538"}],"wp:attachment":[{"href":"https:\/\/www.mallandmotto.com\/index.php\/wp-json\/wp\/v2\/media?parent=7537"}],"wp:term":[{"taxonomy":"category","embeddable":true,"href":"https:\/\/www.mallandmotto.com\/index.php\/wp-json\/wp\/v2\/categories?post=7537"},{"taxonomy":"post_tag","embeddable":true,"href":"https:\/\/www.mallandmotto.com\/index.php\/wp-json\/wp\/v2\/tags?post=7537"}],"curies":[{"name":"wp","href":"https:\/\/api.w.org\/{rel}","templated":true}]}}