{"id":7598,"date":"2025-11-17T14:38:36","date_gmt":"2025-11-17T14:38:36","guid":{"rendered":"https:\/\/www.mallandmotto.com\/?p=7598"},"modified":"2025-11-17T14:38:37","modified_gmt":"2025-11-17T14:38:37","slug":"turk-reasuranstan-tsrs-uyumlu-ilk-surdurulebilirlik-raporu","status":"publish","type":"post","link":"https:\/\/www.mallandmotto.com\/index.php\/2025\/11\/17\/turk-reasuranstan-tsrs-uyumlu-ilk-surdurulebilirlik-raporu\/","title":{"rendered":"T\u00fcrk Reas\u00fcrans\u2019tan TSRS Uyumlu \u0130lk S\u00fcrd\u00fcr\u00fclebilirlik Raporu"},"content":{"rendered":"\n<h3 class=\"wp-block-heading\">T.C. Hazine ve Maliye Bakanl\u0131\u011f\u0131 sermayesiyle kurulan T\u00fcrk Reas\u00fcrans, TSRS standartlar\u0131na uyumlu ilk s\u00fcrd\u00fcr\u00fclebilirlik raporunu yay\u0131mlayarak \u015feffafl\u0131k, hesap verebilirlik ve \u00e7evresel performans\u0131n\u0131 \u00f6l\u00e7\u00fclebilir verilerle ortaya koydu.<\/h3>\n\n\n\n<p><p style=\"white-space: normal; caret-color: rgb(28, 43, 40); color: rgb(28, 43, 40); margin: 0cm 0cm 8pt; font-size: 15px; font-family: Aptos, sans-serif; line-height: 16.049999px; text-align: justify;\"><span style=\"font-size: 17px; line-height: 18.190001px; font-family: &quot;Aptos Display&quot;, sans-serif;\">T.C. Hazine ve Maliye Bakanl\u0131\u011f\u0131 sermayesiyle kurulan T\u00fcrk Reas\u00fcrans, T\u00fcrkiye S\u00fcrd\u00fcr\u00fclebilirlik Raporlama Standartlar\u0131\u2019na (TSRS) uyumlu ilk s\u00fcrd\u00fcr\u00fclebilirlik raporunu kamuoyuyla payla\u015ft\u0131. \u015eirket, s\u00fcrd\u00fcr\u00fclebilirlik alan\u0131ndaki performans\u0131n\u0131 \u00f6l\u00e7\u00fclebilir verilerle ortaya koyarak \u015feffafl\u0131k ve hesap verebilirlik k\u00fclt\u00fcr\u00fcn\u00fc g\u00fc\u00e7lendirdi.<\/span><\/p><p style=\"white-space: normal; caret-color: rgb(28, 43, 40); color: rgb(28, 43, 40); margin: 0cm 0cm 8pt; font-size: 15px; font-family: Aptos, sans-serif; line-height: 16.049999px; text-align: justify;\"><span style=\"font-size: 17px; font-family: &quot;Aptos Display&quot;, sans-serif; line-height: 1.2;\">Haz\u0131rlanan rapor, T\u00fcrk Reas\u00fcrans\u2019\u0131n s\u00fcrd\u00fcr\u00fclebilirlik ve iklim de\u011fi\u015fikli\u011fi konular\u0131ndaki y\u00f6netim yap\u0131s\u0131n\u0131, stratejisini, risk belirleme ve y\u00f6netim s\u00fcre\u00e7lerini, performans metriklerini ve hedeflerini kapsaml\u0131 bir \u015fekilde ele al\u0131yor. Ayr\u0131ca, iklim de\u011fi\u015fikli\u011finden kaynaklanan risk ve f\u0131rsatlar\u0131n \u015eirket\u2019in finansal g\u00f6stergeleri \u00fczerindeki etkileri de somut verilerle de\u011ferlendiriliyor.<\/span><\/p><p style=\"white-space: normal; caret-color: rgb(28, 43, 40); color: rgb(28, 43, 40); margin: 0cm 0cm 8pt; font-size: 15px; font-family: Aptos, sans-serif; line-height: 16.049999px; text-align: justify;\"><span style=\"font-size: 17px; line-height: 18.190001px;\">T\u00fcrk Reas\u00fcrans, s\u00fcrd\u00fcr\u00fclebilirlik performans\u0131n\u0131 yaln\u0131zca politikalar d\u00fczeyinde de\u011fil, \u00f6l\u00e7\u00fclebilir sonu\u00e7larla da izlemek amac\u0131yla karbon ayak izini hesaplad\u0131. Operasyonel s\u0131n\u0131rlar\u0131 i\u00e7indeki do\u011frudan sera gaz\u0131 emisyonlar\u0131n\u0131 \u00f6l\u00e7\u00fcmleyerek faaliyetlerinin \u00e7evresel etkisini somut verilerle ortaya koyan T\u00fcrk Reas\u00fcrans, bu \u00e7al\u0131\u015fmayla iklim de\u011fi\u015fikli\u011fine uyum ve karbon y\u00f6netimi stratejilerinin geli\u015ftirilmesine temel olu\u015fturdu.<\/span><\/p><span style=\"font-family: &quot;Aptos Display&quot;, sans-serif; font-size: 17px; caret-color: rgb(28, 43, 40); color: rgb(28, 43, 40); text-align: justify; white-space: normal;\">T\u00fcrk Reas\u00fcrans Genel M\u00fcd\u00fcr Vekili \u00d6zg\u00fcr B\u00fclent Ko\u00e7, \u201c\u0130lk raporumuzla birlikte s\u00fcrd\u00fcr\u00fclebilirlik alan\u0131nda y\u00fcr\u00fctt\u00fc\u011f\u00fcm\u00fcz \u00e7al\u0131\u015fmalar\u0131 \u00f6l\u00e7\u00fclebilir bir \u00e7er\u00e7eveye oturttuk. Karbon ayak izimizi hesaplayarak faaliyetlerimizin \u00e7evresel etkilerini somut verilerle de\u011ferlendirdik. Bu veriler, \u00f6n\u00fcm\u00fczdeki d\u00f6nemde ataca\u011f\u0131m\u0131z ad\u0131mlar i\u00e7in yol g\u00f6sterici olacak. T\u00fcrk Reas\u00fcrans olarak amac\u0131m\u0131z, yaln\u0131zca sekt\u00f6r\u00fcm\u00fcze de\u011fil, ekonomimize ve toplumumuza da uzun vadeli de\u011fer kazand\u0131rmakt\u0131r.\u201d de\u011ferlendirmesinde bulundu.<\/span><\/p>\n","protected":false},"excerpt":{"rendered":"<p>T.C. Hazine ve Maliye Bakanl\u0131\u011f\u0131 sermayesiyle kurulan T\u00fcrk Reas\u00fcrans, TSRS standartlar\u0131na uyumlu ilk s\u00fcrd\u00fcr\u00fclebilirlik raporunu yay\u0131mlayarak \u015feffafl\u0131k, hesap verebilirlik ve \u00e7evresel performans\u0131n\u0131 \u00f6l\u00e7\u00fclebilir verilerle ortaya&hellip;<\/p>\n","protected":false},"author":6,"featured_media":7599,"comment_status":"open","ping_status":"open","sticky":false,"template":"","format":"standard","meta":{"footnotes":""},"categories":[28],"tags":[],"class_list":["post-7598","post","type-post","status-publish","format-standard","has-post-thumbnail","hentry","category-arastirma"],"_links":{"self":[{"href":"https:\/\/www.mallandmotto.com\/index.php\/wp-json\/wp\/v2\/posts\/7598","targetHints":{"allow":["GET"]}}],"collection":[{"href":"https:\/\/www.mallandmotto.com\/index.php\/wp-json\/wp\/v2\/posts"}],"about":[{"href":"https:\/\/www.mallandmotto.com\/index.php\/wp-json\/wp\/v2\/types\/post"}],"author":[{"embeddable":true,"href":"https:\/\/www.mallandmotto.com\/index.php\/wp-json\/wp\/v2\/users\/6"}],"replies":[{"embeddable":true,"href":"https:\/\/www.mallandmotto.com\/index.php\/wp-json\/wp\/v2\/comments?post=7598"}],"version-history":[{"count":1,"href":"https:\/\/www.mallandmotto.com\/index.php\/wp-json\/wp\/v2\/posts\/7598\/revisions"}],"predecessor-version":[{"id":7600,"href":"https:\/\/www.mallandmotto.com\/index.php\/wp-json\/wp\/v2\/posts\/7598\/revisions\/7600"}],"wp:featuredmedia":[{"embeddable":true,"href":"https:\/\/www.mallandmotto.com\/index.php\/wp-json\/wp\/v2\/media\/7599"}],"wp:attachment":[{"href":"https:\/\/www.mallandmotto.com\/index.php\/wp-json\/wp\/v2\/media?parent=7598"}],"wp:term":[{"taxonomy":"category","embeddable":true,"href":"https:\/\/www.mallandmotto.com\/index.php\/wp-json\/wp\/v2\/categories?post=7598"},{"taxonomy":"post_tag","embeddable":true,"href":"https:\/\/www.mallandmotto.com\/index.php\/wp-json\/wp\/v2\/tags?post=7598"}],"curies":[{"name":"wp","href":"https:\/\/api.w.org\/{rel}","templated":true}]}}