{"id":7608,"date":"2025-11-18T13:04:10","date_gmt":"2025-11-18T13:04:10","guid":{"rendered":"https:\/\/www.mallandmotto.com\/?p=7608"},"modified":"2025-11-18T13:04:11","modified_gmt":"2025-11-18T13:04:11","slug":"zeno-grup-optik-ten-goz-kamastiran-defile","status":"publish","type":"post","link":"https:\/\/www.mallandmotto.com\/index.php\/2025\/11\/18\/zeno-grup-optik-ten-goz-kamastiran-defile\/","title":{"rendered":"Zeno Grup Optik\u2019\u00a0ten G\u00f6z Kama\u015ft\u0131ran Defile"},"content":{"rendered":"\n<h3 class=\"wp-block-heading\">Fark\u0131ndal\u0131k St\u00fcdyosu taraf\u0131ndan d\u00fczenlenen Zeno Grup Optik defilesi, moda ve sanat d\u00fcnyas\u0131n\u0131 bulu\u015fturan g\u00f6z al\u0131c\u0131 bir etkinli\u011fe sahne oldu. Zarafet, \u015f\u0131kl\u0131k ve yarat\u0131c\u0131l\u0131\u011f\u0131n bir araya geldi\u011fi gece hem kat\u0131l\u0131mc\u0131lar\u0131n hem de izleyicilerin haf\u0131zas\u0131nda iz b\u0131rakt\u0131.<\/h3>\n\n\n\n<figure class=\"wp-block-image size-large is-resized\"><img fetchpriority=\"high\" decoding=\"async\" width=\"683\" height=\"1024\" src=\"https:\/\/www.mallandmotto.com\/wp-content\/uploads\/2025\/11\/IMG_0726-683x1024.jpg\" alt=\"\" class=\"wp-image-7610\" style=\"width:323px;height:auto\" srcset=\"https:\/\/www.mallandmotto.com\/wp-content\/uploads\/2025\/11\/IMG_0726-683x1024.jpg 683w, https:\/\/www.mallandmotto.com\/wp-content\/uploads\/2025\/11\/IMG_0726-200x300.jpg 200w, https:\/\/www.mallandmotto.com\/wp-content\/uploads\/2025\/11\/IMG_0726-768x1152.jpg 768w, https:\/\/www.mallandmotto.com\/wp-content\/uploads\/2025\/11\/IMG_0726-1024x1536.jpg 1024w, https:\/\/www.mallandmotto.com\/wp-content\/uploads\/2025\/11\/IMG_0726-1365x2048.jpg 1365w, https:\/\/www.mallandmotto.com\/wp-content\/uploads\/2025\/11\/IMG_0726-scaled.jpg 1707w\" sizes=\"(max-width: 683px) 100vw, 683px\" \/><\/figure>\n\n\n\n<p>Zeno Grup Optik, yeni merkez binas\u0131n\u0131n a\u00e7\u0131l\u0131\u015f\u0131n\u0131 moda ve sanat\u0131n i\u00e7 i\u00e7e ge\u00e7ti\u011fi b\u00fcy\u00fcleyici bir geceyle kutlad\u0131. Fark\u0131ndal\u0131k St\u00fcdyosu taraf\u0131ndan d\u00fczenlenen bu \u00f6zel etkinlik, \u015f\u0131kl\u0131\u011f\u0131n, zarafetin ve \u0131\u015f\u0131lt\u0131n\u0131n bulu\u015ftu\u011fu unutulmaz anlara sahne oldu. Zeno Grup Optik, davetlilerine sadece bir tan\u0131t\u0131m de\u011fil, ayn\u0131 zamanda estetik bir deneyim sundu.<\/p>\n\n\n\n<figure class=\"wp-block-image size-large is-resized\"><img decoding=\"async\" width=\"683\" height=\"1024\" src=\"https:\/\/www.mallandmotto.com\/wp-content\/uploads\/2025\/11\/IMG_8055-683x1024.jpg\" alt=\"\" class=\"wp-image-7611\" style=\"width:320px;height:auto\" srcset=\"https:\/\/www.mallandmotto.com\/wp-content\/uploads\/2025\/11\/IMG_8055-683x1024.jpg 683w, https:\/\/www.mallandmotto.com\/wp-content\/uploads\/2025\/11\/IMG_8055-200x300.jpg 200w, https:\/\/www.mallandmotto.com\/wp-content\/uploads\/2025\/11\/IMG_8055-768x1152.jpg 768w, https:\/\/www.mallandmotto.com\/wp-content\/uploads\/2025\/11\/IMG_8055-1024x1536.jpg 1024w, https:\/\/www.mallandmotto.com\/wp-content\/uploads\/2025\/11\/IMG_8055-1365x2048.jpg 1365w, https:\/\/www.mallandmotto.com\/wp-content\/uploads\/2025\/11\/IMG_8055-scaled.jpg 1707w\" sizes=\"(max-width: 683px) 100vw, 683px\" \/><\/figure>\n\n\n\n<p>Etkinlik, moda ve sanat d\u00fcnyas\u0131ndan bir\u00e7ok \u00fcnl\u00fc ismin kat\u0131l\u0131m\u0131yla adeta y\u0131ld\u0131zlar ge\u00e7idine d\u00f6n\u00fc\u015ft\u00fc. Taner Rumeli, Emir Benderlio\u011flu, Ceren Benderlio\u011flu, G\u00fclsim Ali, Emin G\u00fcnen\u00e7, Eyl\u00fcl Tumbar, Feyza Civelek ve G\u00f6kberk Demirci gibi tan\u0131nm\u0131\u015f isimlerin yer ald\u0131\u011f\u0131 gecede, Zeno Grup Optik\u2019in yeni koleksiyonuna dair merak uyand\u0131ran detaylar tan\u0131t\u0131ld\u0131. Kat\u0131l\u0131mc\u0131lar hem markan\u0131n modern \u00e7izgisini hem de sekt\u00f6re kazand\u0131rd\u0131\u011f\u0131 estetik dokunu\u015fu yak\u0131ndan deneyimleme f\u0131rsat\u0131 buldu.<\/p>\n\n\n\n<figure class=\"wp-block-image size-large is-resized\"><img decoding=\"async\" width=\"1024\" height=\"683\" src=\"https:\/\/www.mallandmotto.com\/wp-content\/uploads\/2025\/11\/IMG_7853-1024x683.jpg\" alt=\"\" class=\"wp-image-7612\" style=\"width:542px;height:auto\" srcset=\"https:\/\/www.mallandmotto.com\/wp-content\/uploads\/2025\/11\/IMG_7853-1024x683.jpg 1024w, https:\/\/www.mallandmotto.com\/wp-content\/uploads\/2025\/11\/IMG_7853-300x200.jpg 300w, https:\/\/www.mallandmotto.com\/wp-content\/uploads\/2025\/11\/IMG_7853-768x512.jpg 768w, https:\/\/www.mallandmotto.com\/wp-content\/uploads\/2025\/11\/IMG_7853-1536x1024.jpg 1536w, https:\/\/www.mallandmotto.com\/wp-content\/uploads\/2025\/11\/IMG_7853-2048x1365.jpg 2048w\" sizes=\"(max-width: 1024px) 100vw, 1024px\" \/><\/figure>\n\n\n\n<p>Gecenin en dikkat \u00e7ekici an\u0131 ise Zeno Grup Optik\u2019in yeni koleksiyonunun tan\u0131t\u0131ld\u0131\u011f\u0131 \u00f6zel defilede&nbsp;<strong>koreografiyi Serhat T\u00fcrkkan yaparken<\/strong>&nbsp;Podyumda; \u00d6zge Ulusoy, Ivana Sert, Jessica May, Demet \u015eener ve Ece G\u00fcrsel gibi \u00fcnl\u00fc modellerin y\u00fcr\u00fcd\u00fc\u011f\u00fc defile, izleyenlerden b\u00fcy\u00fck be\u011feni toplad\u0131. Her biri markan\u0131n tarz\u0131n\u0131 ve vizyonunu yans\u0131tan modeller, koleksiyonun zarafetini ve modern \u00e7izgilerini adeta sahneye ta\u015f\u0131d\u0131.<\/p>\n\n\n\n<figure class=\"wp-block-image size-large is-resized\"><img loading=\"lazy\" decoding=\"async\" width=\"683\" height=\"1024\" src=\"https:\/\/www.mallandmotto.com\/wp-content\/uploads\/2025\/11\/IMG_1096-683x1024.jpg\" alt=\"\" class=\"wp-image-7613\" style=\"width:405px;height:auto\" srcset=\"https:\/\/www.mallandmotto.com\/wp-content\/uploads\/2025\/11\/IMG_1096-683x1024.jpg 683w, https:\/\/www.mallandmotto.com\/wp-content\/uploads\/2025\/11\/IMG_1096-200x300.jpg 200w, https:\/\/www.mallandmotto.com\/wp-content\/uploads\/2025\/11\/IMG_1096-768x1152.jpg 768w, https:\/\/www.mallandmotto.com\/wp-content\/uploads\/2025\/11\/IMG_1096-1024x1536.jpg 1024w, https:\/\/www.mallandmotto.com\/wp-content\/uploads\/2025\/11\/IMG_1096-1365x2048.jpg 1365w, https:\/\/www.mallandmotto.com\/wp-content\/uploads\/2025\/11\/IMG_1096-scaled.jpg 1707w\" sizes=\"(max-width: 683px) 100vw, 683px\" \/><\/figure>\n\n\n\n<p>Defilenin s\u00fcrpriz ismi ise moda d\u00fcnyas\u0131n\u0131n usta ismi U\u011furkan Erez oldu. Erez, enerjisi ve zarafetiyle gecenin en \u00e7ok konu\u015fulan isimlerinden biri haline geldi. I\u015f\u0131k, m\u00fczik ve tasar\u0131m\u0131n kusursuz bir uyum i\u00e7inde birle\u015fti\u011fi bu g\u00f6steri, Zeno Grup Optik\u2019in hem sekt\u00f6rdeki yenilik\u00e7i bak\u0131\u015f a\u00e7\u0131s\u0131n\u0131 hem de esteti\u011fe verdi\u011fi \u00f6nemi bir kez daha g\u00f6zler \u00f6n\u00fcne serdi.<\/p>\n\n\n\n<p>Gecenin sonunda, davetliler markan\u0131n ba\u015far\u0131 hikayesini kutlarken ayn\u0131 zamanda yeni merkez binas\u0131n\u0131n a\u00e7\u0131l\u0131\u015f\u0131na da tan\u0131kl\u0131k etti. Zeno Grup Optik, bu \u00f6zel organizasyonla yaln\u0131zca moda d\u00fcnyas\u0131na y\u00f6n veren bir marka olmad\u0131\u011f\u0131n\u0131, ayn\u0131 zamanda estetik, sanat ve yenili\u011fi bir arada sunan g\u00fc\u00e7l\u00fc bir vizyona sahip oldu\u011funu bir kez daha kan\u0131tlad\u0131.<\/p>\n\n\n\n<figure class=\"wp-block-image size-large is-resized\"><img loading=\"lazy\" decoding=\"async\" width=\"683\" height=\"1024\" src=\"https:\/\/www.mallandmotto.com\/wp-content\/uploads\/2025\/11\/IMG_7989-2-683x1024.jpg\" alt=\"\" class=\"wp-image-7614\" style=\"width:495px;height:auto\" srcset=\"https:\/\/www.mallandmotto.com\/wp-content\/uploads\/2025\/11\/IMG_7989-2-683x1024.jpg 683w, https:\/\/www.mallandmotto.com\/wp-content\/uploads\/2025\/11\/IMG_7989-2-200x300.jpg 200w, https:\/\/www.mallandmotto.com\/wp-content\/uploads\/2025\/11\/IMG_7989-2-768x1152.jpg 768w, https:\/\/www.mallandmotto.com\/wp-content\/uploads\/2025\/11\/IMG_7989-2-1024x1536.jpg 1024w, https:\/\/www.mallandmotto.com\/wp-content\/uploads\/2025\/11\/IMG_7989-2-1365x2048.jpg 1365w, https:\/\/www.mallandmotto.com\/wp-content\/uploads\/2025\/11\/IMG_7989-2-scaled.jpg 1707w\" sizes=\"(max-width: 683px) 100vw, 683px\" \/><\/figure>\n","protected":false},"excerpt":{"rendered":"<p>Fark\u0131ndal\u0131k St\u00fcdyosu taraf\u0131ndan d\u00fczenlenen Zeno Grup Optik defilesi, moda ve sanat d\u00fcnyas\u0131n\u0131 bulu\u015fturan g\u00f6z al\u0131c\u0131 bir etkinli\u011fe sahne oldu. Zarafet, \u015f\u0131kl\u0131k ve yarat\u0131c\u0131l\u0131\u011f\u0131n bir araya&hellip;<\/p>\n","protected":false},"author":6,"featured_media":7609,"comment_status":"open","ping_status":"open","sticky":false,"template":"","format":"standard","meta":{"footnotes":""},"categories":[15,27],"tags":[],"class_list":["post-7608","post","type-post","status-publish","format-standard","has-post-thumbnail","hentry","category-gundem","category-mottoozel"],"_links":{"self":[{"href":"https:\/\/www.mallandmotto.com\/index.php\/wp-json\/wp\/v2\/posts\/7608","targetHints":{"allow":["GET"]}}],"collection":[{"href":"https:\/\/www.mallandmotto.com\/index.php\/wp-json\/wp\/v2\/posts"}],"about":[{"href":"https:\/\/www.mallandmotto.com\/index.php\/wp-json\/wp\/v2\/types\/post"}],"author":[{"embeddable":true,"href":"https:\/\/www.mallandmotto.com\/index.php\/wp-json\/wp\/v2\/users\/6"}],"replies":[{"embeddable":true,"href":"https:\/\/www.mallandmotto.com\/index.php\/wp-json\/wp\/v2\/comments?post=7608"}],"version-history":[{"count":1,"href":"https:\/\/www.mallandmotto.com\/index.php\/wp-json\/wp\/v2\/posts\/7608\/revisions"}],"predecessor-version":[{"id":7615,"href":"https:\/\/www.mallandmotto.com\/index.php\/wp-json\/wp\/v2\/posts\/7608\/revisions\/7615"}],"wp:featuredmedia":[{"embeddable":true,"href":"https:\/\/www.mallandmotto.com\/index.php\/wp-json\/wp\/v2\/media\/7609"}],"wp:attachment":[{"href":"https:\/\/www.mallandmotto.com\/index.php\/wp-json\/wp\/v2\/media?parent=7608"}],"wp:term":[{"taxonomy":"category","embeddable":true,"href":"https:\/\/www.mallandmotto.com\/index.php\/wp-json\/wp\/v2\/categories?post=7608"},{"taxonomy":"post_tag","embeddable":true,"href":"https:\/\/www.mallandmotto.com\/index.php\/wp-json\/wp\/v2\/tags?post=7608"}],"curies":[{"name":"wp","href":"https:\/\/api.w.org\/{rel}","templated":true}]}}