{"id":7674,"date":"2025-11-25T07:47:48","date_gmt":"2025-11-25T07:47:48","guid":{"rendered":"https:\/\/www.mallandmotto.com\/?p=7674"},"modified":"2025-11-25T07:47:49","modified_gmt":"2025-11-25T07:47:49","slug":"vakif-katilim-2024-yili-sonuna-gore-yuzde-65-buyudu","status":"publish","type":"post","link":"https:\/\/www.mallandmotto.com\/index.php\/2025\/11\/25\/vakif-katilim-2024-yili-sonuna-gore-yuzde-65-buyudu\/","title":{"rendered":"Vak\u0131f Kat\u0131l\u0131m 2024 Y\u0131l\u0131 Sonuna G\u00f6re Y\u00fczde 65 B\u00fcy\u00fcd\u00fc"},"content":{"rendered":"\n<h3 class=\"wp-block-heading\"><strong>Kat\u0131l\u0131m bankac\u0131l\u0131\u011f\u0131nda referans kurum olma vizyonuyla faaliyetlerini s\u00fcrd\u00fcren Vak\u0131f Kat\u0131l\u0131m, 2025 y\u0131l\u0131 \u00fc\u00e7\u00fcnc\u00fc \u00e7eyrek sonu\u00e7lar\u0131n\u0131 a\u00e7\u0131klad\u0131. Vak\u0131f Kat\u0131l\u0131m bu d\u00f6nemde, 480,8 milyar TL fon toplarken, reel sekt\u00f6re 493,9 milyar TL finansman deste\u011fi sa\u011flad\u0131.\u00a0<\/strong><br><br><\/h3>\n\n\n\n<p>Vak\u0131f Kat\u0131l\u0131m, 2025\u2019in \u00fc\u00e7\u00fcnc\u00fc \u00e7eyre\u011fi itibar\u0131yla 480,8 milyar TL fon toplad\u0131 ve ekonomiye 493,9 milyar TL finansman deste\u011fi sa\u011flad\u0131. Net k\u00e2r\u0131n\u0131 4,8 milyar TL\u2019ye \u00e7\u0131karan Banka, aktif b\u00fcy\u00fckl\u00fckte 2024 y\u0131l\u0131 sonuna g\u00f6re y\u00fczde 65\u2019lik bir b\u00fcy\u00fcme sergiledi ve 2025 y\u0131l\u0131 \u00fc\u00e7\u00fcnc\u00fc \u00e7eyre\u011finde 664,5 milyar TL\u2019lik aktif b\u00fcy\u00fckl\u00fc\u011fe ula\u015ft\u0131.<\/p>\n\n\n\n<p><strong>\u201cOrtak yar\u0131nlar in\u015fa etmek i\u00e7in faaliyetlerimizi b\u00fcy\u00fck bir kararl\u0131l\u0131kla s\u00fcrd\u00fcr\u00fcyoruz.\u201d<\/strong><\/p>\n\n\n\n<p>Konuyla ilgili bir a\u00e7\u0131klamada bulunan&nbsp;<strong>Vak\u0131f Kat\u0131l\u0131m Genel M\u00fcd\u00fcr\u00fc Mehmet Ali Akben:&nbsp;<\/strong>\u201cVak\u0131f Kat\u0131l\u0131m olarak ilk g\u00fcnk\u00fc heyecanla \u00fcretmenin, m\u00fc\u015fterilerimizin ihtiya\u00e7lar\u0131n\u0131 kar\u015f\u0131laman\u0131n ve \u00fclke ekonomisine katk\u0131 sa\u011flaman\u0131n mutlulu\u011funu ya\u015f\u0131yoruz. \u00dc\u00e7\u00fcnc\u00fc \u00e7eyrek itibar\u0131yla toplam 480,8 milyar TL fon toplayarak 493,9 milyar TL\u2019lik finansman deste\u011fi sa\u011flad\u0131k. Aktif b\u00fcy\u00fckl\u00fc\u011f\u00fcm\u00fcz\u00fc de %65 artt\u0131rarak 664,5 milyar TL\u2019ye ula\u015ft\u0131rd\u0131k. \u00dclkemizin s\u00fcrd\u00fcr\u00fclebilir b\u00fcy\u00fcme hedeflerine katk\u0131 sunmak ve ortak yar\u0131nlar in\u015fa etmek i\u00e7in \u00fczerimize d\u00fc\u015fen sorumluluklar\u0131n bilincindeyiz. Ayn\u0131 misyon ve vizyonla, kat\u0131l\u0131m bankac\u0131l\u0131\u011f\u0131 prensiplerinden g\u00fc\u00e7 alarak T\u00fcrkiye\u2019nin ekonomik ve toplumsal geli\u015fimine katk\u0131 sa\u011flamay\u0131 s\u00fcrd\u00fcrece\u011fiz.\u201d dedi.<\/p>\n","protected":false},"excerpt":{"rendered":"<p>Kat\u0131l\u0131m bankac\u0131l\u0131\u011f\u0131nda referans kurum olma vizyonuyla faaliyetlerini s\u00fcrd\u00fcren Vak\u0131f Kat\u0131l\u0131m, 2025 y\u0131l\u0131 \u00fc\u00e7\u00fcnc\u00fc \u00e7eyrek sonu\u00e7lar\u0131n\u0131 a\u00e7\u0131klad\u0131. Vak\u0131f Kat\u0131l\u0131m bu d\u00f6nemde, 480,8 milyar TL fon toplarken,&hellip;<\/p>\n","protected":false},"author":6,"featured_media":7675,"comment_status":"open","ping_status":"open","sticky":false,"template":"","format":"standard","meta":{"footnotes":""},"categories":[28],"tags":[],"class_list":["post-7674","post","type-post","status-publish","format-standard","has-post-thumbnail","hentry","category-arastirma"],"_links":{"self":[{"href":"https:\/\/www.mallandmotto.com\/index.php\/wp-json\/wp\/v2\/posts\/7674","targetHints":{"allow":["GET"]}}],"collection":[{"href":"https:\/\/www.mallandmotto.com\/index.php\/wp-json\/wp\/v2\/posts"}],"about":[{"href":"https:\/\/www.mallandmotto.com\/index.php\/wp-json\/wp\/v2\/types\/post"}],"author":[{"embeddable":true,"href":"https:\/\/www.mallandmotto.com\/index.php\/wp-json\/wp\/v2\/users\/6"}],"replies":[{"embeddable":true,"href":"https:\/\/www.mallandmotto.com\/index.php\/wp-json\/wp\/v2\/comments?post=7674"}],"version-history":[{"count":1,"href":"https:\/\/www.mallandmotto.com\/index.php\/wp-json\/wp\/v2\/posts\/7674\/revisions"}],"predecessor-version":[{"id":7676,"href":"https:\/\/www.mallandmotto.com\/index.php\/wp-json\/wp\/v2\/posts\/7674\/revisions\/7676"}],"wp:featuredmedia":[{"embeddable":true,"href":"https:\/\/www.mallandmotto.com\/index.php\/wp-json\/wp\/v2\/media\/7675"}],"wp:attachment":[{"href":"https:\/\/www.mallandmotto.com\/index.php\/wp-json\/wp\/v2\/media?parent=7674"}],"wp:term":[{"taxonomy":"category","embeddable":true,"href":"https:\/\/www.mallandmotto.com\/index.php\/wp-json\/wp\/v2\/categories?post=7674"},{"taxonomy":"post_tag","embeddable":true,"href":"https:\/\/www.mallandmotto.com\/index.php\/wp-json\/wp\/v2\/tags?post=7674"}],"curies":[{"name":"wp","href":"https:\/\/api.w.org\/{rel}","templated":true}]}}