{"id":7678,"date":"2025-11-25T07:49:29","date_gmt":"2025-11-25T07:49:29","guid":{"rendered":"https:\/\/www.mallandmotto.com\/?p=7678"},"modified":"2025-11-25T07:49:29","modified_gmt":"2025-11-25T07:49:29","slug":"ng-kutahya-seramik-2024-surdurulebilirlik-raporunu-yayinladi","status":"publish","type":"post","link":"https:\/\/www.mallandmotto.com\/index.php\/2025\/11\/25\/ng-kutahya-seramik-2024-surdurulebilirlik-raporunu-yayinladi\/","title":{"rendered":"Ng K\u00fctahya Seramik, \u20182024 S\u00fcrd\u00fcr\u00fclebilirlik Raporu\u2019nu Yay\u0131nlad\u0131"},"content":{"rendered":"\n<h3 class=\"wp-block-heading\"><strong>2024 y\u0131l\u0131nda, enerji verimlili\u011fi, dijitalle\u015fme ve karbon n\u00f6tr \u00e7al\u0131\u015fmalar\u0131na odaklanarak rekabette fark yaratan NG K\u00fctahya Seramik, 100. Y\u0131l Fabrikalar\u0131 ve GES yat\u0131r\u0131mlar\u0131yla yap\u0131 sekt\u00f6r\u00fcndeki s\u00fcrd\u00fcr\u00fclebilirli\u011fe ve \u00fclke ekonomisine \u00f6nemli bir katma de\u011fer yaratm\u0131\u015f oldu. NG K\u00fctahya Seramik markas\u0131, 111 milyon euroluk ileri teknoloji anla\u015fmas\u0131, 8,9 milyon TL\u2019lik Ar-Ge projesi ve 19,4 milyon TL\u2019lik \u00e7evre yat\u0131r\u0131mlar\u0131na art arda imza att\u0131. Katma de\u011ferli s\u00fcrd\u00fcr\u00fclebilirlik projeleriyle at\u0131\u011f\u0131n\u0131 1 y\u0131lda y\u00fczde 20 azaltan, suyunun ise y\u00fczde 65\u2019ini geri kazanan NG K\u00fctahya Seramik; \u2018k\u0131r\u0131k seramik \u00f6\u011f\u00fctme tesisi\u2019 kurarak yakla\u015f\u0131k 269,47 tona e\u015fde\u011fer karbon emisyonunu \u00f6nledi.<\/strong><br><br><\/h3>\n\n\n\n<p>D\u00fcnyan\u0131n en b\u00fcy\u00fck seramik \u00fcreticilerinden biri olan NG K\u00fctahya Seramik, \u20182024 S\u00fcrd\u00fcr\u00fclebilirlik Raporu\u2019nu yay\u0131nlad\u0131. S\u00fcrd\u00fcr\u00fclebilirlik hedeflerini enerji, dijital d\u00f6n\u00fc\u015f\u00fcm, teknoloji ve \u00e7evre yat\u0131r\u0131mlar\u0131yla destekleyen marka, raporda do\u011fal kaynaklar\u0131n verimli kullan\u0131m\u0131, enerji tasarrufu, su ve at\u0131k y\u00f6netimi ile d\u00fc\u015f\u00fck karbon emisyonu gibi bir\u00e7ok alanda s\u00fcrd\u00fcrd\u00fc\u011f\u00fc iyile\u015ftirme faaliyetlerinin sonu\u00e7lar\u0131n\u0131 ve y\u00fcksek teknoloji yat\u0131r\u0131mlar\u0131 sayesinde geli\u015ftirdi\u011fi inovatif \u00e7\u00f6z\u00fcmlerini kamuoyuna sundu.&nbsp;<\/p>\n\n\n\n<p>S\u00fcrd\u00fcr\u00fclebilirli\u011fi yaln\u0131zca \u00e7evresel bir sorumluluk olarak de\u011fil ayn\u0131 zamanda sosyal, y\u00f6netimsel ve ekonomik boyutlar\u0131yla bir b\u00fct\u00fcn olarak ele ald\u0131klar\u0131n\u0131 belirten&nbsp;<strong>NG K\u00fctahya Seramik Y\u00f6netim Kurulu Ba\u015fkan Yard\u0131mc\u0131s\u0131 Ahmet Devecio\u011flu<\/strong>, s\u00fcrd\u00fcrebilirlik stratejilerinin sekt\u00f6rdeki rekabet avantaj\u0131n\u0131 art\u0131ran \u2018enerji verimlili\u011fi, dijitalle\u015fme ve karbon n\u00f6tr yat\u0131r\u0131mlar\u0131na\u2019 odakland\u0131\u011f\u0131n\u0131 kaydetti.&nbsp;<\/p>\n\n\n\n<p><strong>\u201c\u00dcretim, tasar\u0131m ve ileri teknoloji yat\u0131r\u0131mlar\u0131yla sekt\u00f6rel d\u00f6n\u00fc\u015f\u00fcme y\u00fcksek katma de\u011fer sa\u011fl\u0131yoruz\u201d<\/strong><\/p>\n\n\n\n<p>T\u00fcrkiye seramik sekt\u00f6r\u00fcn\u00fcn kentsel d\u00f6n\u00fc\u015f\u00fcm projelerinin yaratt\u0131\u011f\u0131 i\u00e7 talep art\u0131\u015f\u0131 ve ihracat pazarlar\u0131ndaki toparlanma e\u011filimi sayesinde olumlu sinyaller veren bir y\u0131l\u0131 geride b\u0131rakmaya haz\u0131rland\u0131\u011f\u0131n\u0131 belirten Devecio\u011flu, sekt\u00f6rde s\u00fcrd\u00fcr\u00fclebilirlik alan\u0131nda; \u00fcretim s\u00fcre\u00e7lerinde enerji geri kazan\u0131m\u0131, d\u00fc\u015f\u00fck emisyonlu f\u0131r\u0131n teknolojileri ve dijital d\u00f6n\u00fc\u015f\u00fcm destekli \u00fcretim sistemleri gibi uygulamalar\u0131n \u00f6ne \u00e7\u0131kt\u0131\u011f\u0131n\u0131 kaydetti.&nbsp;<\/p>\n\n\n\n<p>Avrupa Birli\u011fi\u2019nin S\u0131n\u0131rda Karbon D\u00fczenleme Mekanizmas\u0131 ve T\u00fcrkiye\u2019de y\u00fcr\u00fct\u00fclmekte olan Emisyon Ticaret Sistemi haz\u0131rl\u0131klar\u0131 do\u011frultusunda, karbon y\u00f6netiminin sekt\u00f6rde \u00f6ncelikli g\u00fcndem haline geldi\u011fini belirten Devecio\u011flu, \u201c\u00c7evresel performans\u0131 belgeleyen EPD\u2019ye sahip \u00fcr\u00fcnler, ye\u015fil bina kriterleriyle uyumlu y\u00fczey \u00e7\u00f6z\u00fcmleri ve antibakteriyel seramikler pazarda \u00f6ne \u00e7\u0131k\u0131yor. Seramik sekt\u00f6r\u00fcn\u00fcn en b\u00fcy\u00fck ve en y\u00fcksek teknolojili \u00fcretim altyap\u0131s\u0131na sahip bir marka olarak s\u00fcrd\u00fcr\u00fclebilirlik yakla\u015f\u0131m\u0131m\u0131z, ileri teknoloji yat\u0131r\u0131mlar\u0131m\u0131z, tasar\u0131m kabiliyetimiz ve \u00e7evresel sorumluluk anlay\u0131\u015f\u0131m\u0131zla yap\u0131 sekt\u00f6r\u00fcn\u00fcn d\u00f6n\u00fc\u015f\u00fcm\u00fcne ve d\u00f6ng\u00fcsel ekonomiye y\u00fcksek katk\u0131 sa\u011fl\u0131yoruz. Enerji verimlili\u011fi, at\u0131k y\u00f6netimi ve yenilenebilir enerji yat\u0131r\u0131mlar\u0131m\u0131zla d\u00fc\u015f\u00fck karbonlu \u00fcretimi destekliyor, k\u00fcresel s\u00fcrd\u00fcr\u00fclebilirlik hedefleriyle uyum i\u00e7inde ilerliyoruz\u201d de\u011ferlendirmesinde bulundu.<\/p>\n\n\n\n<p><strong>100. Y\u0131l Fabrikalar\u0131 ve GES yat\u0131r\u0131m\u0131, s\u00fcrd\u00fcr\u00fclebilir \u00fcretime \u00f6rnek oldu!<\/strong><\/p>\n\n\n\n<p>2024\u2019\u00fcn NG K\u00fctahya Seramik i\u00e7in s\u00fcrd\u00fcr\u00fclebilir d\u00f6n\u00fc\u015f\u00fcm hedeflerinin yat\u0131r\u0131mlarla desteklendi\u011fi bir y\u0131l oldu\u011funu kaydeden Devecio\u011flu, \u201cAvrupa\u2019dan Amerika\u2019ya, Ortado\u011fu\u2019dan Afrika\u2019ya kadar 70\u2019ten fazla \u00fclkeye ihracat yapan bir marka olarak y\u0131ll\u0131k toplam \u00fcretim kapasitemizi 54 milyon metrekareye ta\u015f\u0131yan 100. Y\u0131l Fabrikalar\u0131m\u0131z, s\u00fcrd\u00fcr\u00fclebilir \u00fcretimin sembol\u00fc oldu. K\u00fctahya 30 A\u011fustos Organize Sanayi B\u00f6lgesi\u2019nde konumlanan ve sekizinci seramik \u00fcretim yat\u0131r\u0131m\u0131m\u0131z olan yeni tesislerimiz, end\u00fcstri 4.0 uyumlu altyap\u0131lar\u0131, dijital d\u00f6n\u00fc\u015f\u00fcm destekli \u00fcretim sistemleri ve yenilenebilir enerji kullan\u0131m\u0131yla sekt\u00f6r\u00fcm\u00fczde \u00f6rnek bir model olarak \u00f6ne \u00e7\u0131k\u0131yor\u201d \u015feklinde konu\u015ftu.&nbsp;<\/p>\n\n\n\n<p>NG K\u00fctahya Seramik\u2019in 2024 y\u0131l\u0131nda enerji verimlili\u011fini art\u0131rmak ve karbon sal\u0131mlar\u0131n\u0131 azaltmak amac\u0131yla toplam 25 MW kapasiteli GES yat\u0131r\u0131m\u0131n\u0131 devreye ald\u0131\u011f\u0131n\u0131 hat\u0131rlatan Devecio\u011flu, \u201cY\u0131ll\u0131k ortalama 39 milyon kWh elektrik \u00fcretimi ile yenilenebilir enerji oran\u0131n\u0131 art\u0131ran bu yat\u0131r\u0131m sayesinde fabrikalar\u0131m\u0131z\u0131n y\u0131ll\u0131k enerji ihtiyac\u0131n\u0131n yakla\u015f\u0131k y\u00fczde 20\u2019sini kar\u015f\u0131layarak her y\u0131l 47 bin 373 ton karbon emisyonunun \u00f6nlenmesini sa\u011fl\u0131yoruz. Enerji t\u00fcketimimizi ve emisyon kaynaklar\u0131m\u0131z\u0131 ise sistematik olarak izliyoruz\u201d dedi.&nbsp;<\/p>\n\n\n\n<p><strong>At\u0131kta 1 y\u0131lda y\u00fczde 20 azalma sa\u011fland\u0131, suyun y\u00fczde 65\u2019i geri kazan\u0131ld\u0131<\/strong><\/p>\n\n\n\n<p>At\u0131k su, hammadde ve ambalajlar\u0131n \u00fcretim d\u00f6ng\u00fcs\u00fcne yeniden kazand\u0131r\u0131larak 2024 y\u0131l\u0131nda toplam at\u0131k miktar\u0131nda bir \u00f6nceki y\u0131la g\u00f6re y\u00fczde 20\u2019den fazla azalma sa\u011fland\u0131\u011f\u0131 kaydedilen raporda, pi\u015fmi\u015f seramiklerde olu\u015fan k\u0131r\u0131klar\u0131n geri d\u00f6n\u00fc\u015f\u00fcm s\u00fcrecine d\u00e2hil edilerek yeniden hammadde \u00fcretimine kazand\u0131r\u0131lmas\u0131 i\u00e7in \u2018k\u0131r\u0131k seramik \u00f6\u011f\u00fctme tesisi\u2019 kuruldu\u011fu kaydedildi. \u015eirket ad\u0131na tahsis edilen 31.678,44 metrekarelik alanda kurulan ve y\u0131ll\u0131k 21.640 ton kapasiteye sahip bu tesisin T\u00fcrkiye\u2019de b\u00f6lgedeki tek k\u0131r\u0131k seramik \u00f6\u011f\u00fctme tesisi oldu\u011fu belirtilen raporda, \u201cBu sayede pi\u015fmi\u015f at\u0131klar yeniden i\u015flenip belirli oranlarda yer ve duvar karosu \u00fcretiminde de\u011ferlendirilerek yakla\u015f\u0131k 269,47 ton e\u015fde\u011fer CO\u2082 sera gaz\u0131 emisyonu \u00f6nlendi ve \u00f6nemli bir \u00e7evresel katk\u0131ya imza at\u0131ld\u0131\u201d denildi.<\/p>\n\n\n\n<p>Raporda ayr\u0131ca, NG K\u00fctahya Seramik\u2019te su y\u00f6netiminin de entegre bir \u015fekilde y\u00fcr\u00fct\u00fcld\u00fc\u011f\u00fc belirtilerek, tesislerde toplamda 7 adet ar\u0131tma tesisi bulundu\u011fu ve 2024 y\u0131l\u0131nda \u00fcretim s\u00fcre\u00e7lerinde kullan\u0131lan suyun ise y\u00fczde 65,49\u2019unun geri kazan\u0131larak yeniden de\u011ferlendirildi\u011fi vurguland\u0131.&nbsp;<\/p>\n\n\n\n<p><strong>\u201c111 milyon euroluk ileri teknoloji anla\u015fmas\u0131 ile dijitalle\u015fmede g\u00fc\u00e7leniyoruz\u201d<\/strong><\/p>\n\n\n\n<p>2024 y\u0131l\u0131nda \u0130talyan Sacmi firmas\u0131 ile 111 milyon euroluk ileri teknoloji anla\u015fmas\u0131 yap\u0131ld\u0131\u011f\u0131 kaydedilen raporda, bu anla\u015fma sayesinde hem \u00fcretim kapasitesinin art\u0131r\u0131ld\u0131\u011f\u0131 hem de ileri teknolojilerle dijitalle\u015fmede g\u00fc\u00e7lenen, verimli \u00fcretim s\u00fcre\u00e7lerinin devreye al\u0131nd\u0131\u011f\u0131 vurguland\u0131. Dijitalle\u015fme s\u00fcrecinin \u00fcretimden m\u00fc\u015fteri deneyimine, kaynak y\u00f6netiminden \u00fcr\u00fcn tasar\u0131m\u0131na kadar geni\u015f bir alanda ger\u00e7ekle\u015ftirildi\u011fi ve t\u00fcm verilerin dijital olarak takip edildi\u011fi belirtilen raporda, \u015f\u00f6yle denildi: \u201cEnd\u00fcstri 4.0 uyumlu altyap\u0131lara sahip \u00fcretim hatlar\u0131nda; dijital bask\u0131 teknolojileri, otomatik kalite kontrol sistemleri ve dijital sistemlerle desteklenen veri analiti\u011fi kullan\u0131ld\u0131. Dijital frit ve s\u0131r uygulamalar\u0131 sayesinde y\u00fczey dayan\u0131m\u0131 art\u0131r\u0131ld\u0131. Kullan\u0131c\u0131lar\u0131n \u00fcr\u00fcnleri birebir boyutlar\u0131nda deneyimleyebildi\u011fi interaktif bir g\u00f6rselle\u015ftirme sistemi olan NG Digi+ platformunda 240&#215;480 cm ebatl\u0131 zemin sim\u00fclasyon sistemleri ile seramik y\u00fczeylerin ger\u00e7ek ortamdaki g\u00f6r\u00fcn\u00fcm\u00fc sunulurken, web sitesindeki \u2018Sanal Odalar\u2019 uygulamas\u0131 ile kullan\u0131c\u0131lar, farkl\u0131 mekanlarda \u00fcr\u00fcnlerini se\u00e7erek \u00f6n izleme olana\u011f\u0131 sa\u011fland\u0131.\u201d<\/p>\n\n\n\n<p>NG Ar-Ge merkezinin \u00e7evresel etkileri azaltmak, \u00fcretim verimlili\u011fini art\u0131rmak ve sekt\u00f6rde farkl\u0131la\u015fan \u00fcr\u00fcnler ortaya koymak amac\u0131yla inovasyona a\u011f\u0131rl\u0131k verdi\u011fini ve 2024 y\u0131l\u0131nda 8,9 milyon TL tutar\u0131nda proje yat\u0131r\u0131m\u0131n\u0131 hayata ge\u00e7irdi\u011fini kaydeden rapor, ayn\u0131 d\u00f6nemde \u00e7evresel yat\u0131r\u0131m ve harcamalar\u0131n toplam\u0131n\u0131n ise 19.366.883 TL olarak ger\u00e7ekle\u015fti\u011fini ortaya koydu.&nbsp;<\/p>\n\n\n\n<p><strong>\u201cYeni yat\u0131r\u0131m hedefimiz: Global pazarda lider bir marka olmak\u201d<\/strong><\/p>\n\n\n\n<p>NG K\u00fctahya Seramik olarak 2025 y\u0131l\u0131 i\u00e7erisinde hayata ge\u00e7irmeyi planlad\u0131klar\u0131 yeni yat\u0131r\u0131mlara da de\u011finen Devecio\u011flu, \u00fcretim kapasitelerini art\u0131rmak ve ileri teknolojiye dayal\u0131 \u00fcretim altyap\u0131s\u0131n\u0131 g\u00fc\u00e7lendirmek i\u00e7in kapasite yat\u0131r\u0131m\u0131 yapmay\u0131 hedeflediklerini kaydetti. Devecio\u011flu, \u015fu bilgileri aktard\u0131:<\/p>\n\n\n\n<p>\u201cK\u00fctahya 30 A\u011fustos Organize Sanayi B\u00f6lgesi\u2019nde yer alan 234. 414 metrekare b\u00fcy\u00fckl\u00fc\u011f\u00fcndeki alan \u00fczerine kurulacak olan tesisin toplam kapal\u0131 alan\u0131n\u0131 68.400 metrekare olarak planl\u0131yoruz. Yeni tesis i\u00e7erisinde, \u00fcretim s\u00fcre\u00e7lerinin t\u00fcm a\u015famalar\u0131n\u0131 kapsayan modern \u00fcretim hatlar\u0131 kurmay\u0131 \u00f6ng\u00f6r\u00fcyoruz. S\u00fcrd\u00fcr\u00fclebilirlik hedeflerimiz do\u011frultusunda \u00e7al\u0131\u015fmaya devam edece\u011fiz. Kurumsal bir sorumluluk olarak g\u00f6rd\u00fc\u011f\u00fcm\u00fcz s\u00fcrd\u00fcr\u00fclebilirlik yakla\u015f\u0131m\u0131m\u0131z; \u00e7al\u0131\u015fanlar\u0131m\u0131zdan tedarik\u00e7ilerimize, yerel topluluklardan m\u00fc\u015fterilerimize kadar t\u00fcm payda\u015flar\u0131m\u0131zla kurdu\u011fumuz ili\u015fkilerin temelini olu\u015fturmaya devam edecek.\u201d<\/p>\n","protected":false},"excerpt":{"rendered":"<p>2024 y\u0131l\u0131nda, enerji verimlili\u011fi, dijitalle\u015fme ve karbon n\u00f6tr \u00e7al\u0131\u015fmalar\u0131na odaklanarak rekabette fark yaratan NG K\u00fctahya Seramik, 100. Y\u0131l Fabrikalar\u0131 ve GES yat\u0131r\u0131mlar\u0131yla yap\u0131 sekt\u00f6r\u00fcndeki s\u00fcrd\u00fcr\u00fclebilirli\u011fe&hellip;<\/p>\n","protected":false},"author":6,"featured_media":7679,"comment_status":"open","ping_status":"open","sticky":false,"template":"","format":"standard","meta":{"footnotes":""},"categories":[28],"tags":[],"class_list":["post-7678","post","type-post","status-publish","format-standard","has-post-thumbnail","hentry","category-arastirma"],"_links":{"self":[{"href":"https:\/\/www.mallandmotto.com\/index.php\/wp-json\/wp\/v2\/posts\/7678","targetHints":{"allow":["GET"]}}],"collection":[{"href":"https:\/\/www.mallandmotto.com\/index.php\/wp-json\/wp\/v2\/posts"}],"about":[{"href":"https:\/\/www.mallandmotto.com\/index.php\/wp-json\/wp\/v2\/types\/post"}],"author":[{"embeddable":true,"href":"https:\/\/www.mallandmotto.com\/index.php\/wp-json\/wp\/v2\/users\/6"}],"replies":[{"embeddable":true,"href":"https:\/\/www.mallandmotto.com\/index.php\/wp-json\/wp\/v2\/comments?post=7678"}],"version-history":[{"count":1,"href":"https:\/\/www.mallandmotto.com\/index.php\/wp-json\/wp\/v2\/posts\/7678\/revisions"}],"predecessor-version":[{"id":7680,"href":"https:\/\/www.mallandmotto.com\/index.php\/wp-json\/wp\/v2\/posts\/7678\/revisions\/7680"}],"wp:featuredmedia":[{"embeddable":true,"href":"https:\/\/www.mallandmotto.com\/index.php\/wp-json\/wp\/v2\/media\/7679"}],"wp:attachment":[{"href":"https:\/\/www.mallandmotto.com\/index.php\/wp-json\/wp\/v2\/media?parent=7678"}],"wp:term":[{"taxonomy":"category","embeddable":true,"href":"https:\/\/www.mallandmotto.com\/index.php\/wp-json\/wp\/v2\/categories?post=7678"},{"taxonomy":"post_tag","embeddable":true,"href":"https:\/\/www.mallandmotto.com\/index.php\/wp-json\/wp\/v2\/tags?post=7678"}],"curies":[{"name":"wp","href":"https:\/\/api.w.org\/{rel}","templated":true}]}}