{"id":7819,"date":"2025-12-05T06:25:14","date_gmt":"2025-12-05T06:25:14","guid":{"rendered":"https:\/\/www.mallandmotto.com\/?p=7819"},"modified":"2025-12-30T12:54:58","modified_gmt":"2025-12-30T12:54:58","slug":"16-ayd-alisveris-ekonomisi-zirvesi-9-aralikta-gerceklestirilecek","status":"publish","type":"post","link":"https:\/\/www.mallandmotto.com\/index.php\/2025\/12\/05\/16-ayd-alisveris-ekonomisi-zirvesi-9-aralikta-gerceklestirilecek\/","title":{"rendered":"16. AYD Al\u0131\u015fveri\u015f Ekonomisi Zirvesi, 9 Aral\u0131k\u2019ta Ger\u00e7ekle\u015ftirilecek"},"content":{"rendered":"\n<h3 class=\"wp-block-heading\"><strong><br>Al\u0131\u015fveri\u015f Merkezleri ve Yat\u0131r\u0131mc\u0131lar\u0131 Derne\u011fi taraf\u0131ndan bu y\u0131l 16.\u2019s\u0131 d\u00fczenlenecek olan\u00a0\u201cAYD Al\u0131\u015fveri\u015f Ekonomisi Zirvesi\u201d, 9 Aral\u0131k 2025 Sal\u0131 g\u00fcn\u00fc Swissotel The Bosphorus Istanbul\u2019da ger\u00e7ekle\u015ftirilecek. Alka\u015f i\u015f birli\u011fiyle d\u00fczenlenen zirvede; AVM yat\u0131r\u0131mc\u0131lar\u0131, merkez y\u00f6neticileri, perakendeciler, AVM y\u00f6neticileri ve sekt\u00f6re destek veren firmalar bir araya gelerek sekt\u00f6r\u00fcn bug\u00fcn\u00fcn\u00fc ve yar\u0131n\u0131n\u0131 konu\u015facak. Zirvede\u00a0<\/strong>\u201c<strong>1 Numaral\u0131 Markalar\u201d \u00f6d\u00fclleri de sahiplerini bulacak.<\/strong><\/h3>\n\n\n\n<p>Al\u0131\u015fveri\u015f Merkezleri ve Yat\u0131r\u0131mc\u0131lar\u0131 Derne\u011fi (AYD) taraf\u0131ndan Alka\u015f i\u015f birli\u011fiyle bu y\u0131l on alt\u0131nc\u0131s\u0131 d\u00fczenlenecek olan &#8220;AYD Al\u0131\u015fveri\u015f Ekonomisi Zirvesi,&#8221; ticari gayrimenkul ve perakende sekt\u00f6r\u00fcn\u00fcn \u00f6nde gelen temsilcilerini bir araya getirmeye haz\u0131rlan\u0131yor. Sekt\u00f6r\u00fcn bug\u00fcn\u00fcn\u00fc ve yar\u0131n\u0131n\u0131 masaya yat\u0131racak olan bu \u00f6nemli etkinlik, Fiba Commercial Properties ana sponsorlu\u011funda 9 Aral\u0131k 2025 Sal\u0131 g\u00fcn\u00fc Swiss\u00f4tel The Bosphorus Istanbul&#8217;da hibrit olarak ger\u00e7ekle\u015ftirilecektir. Zirve, ayn\u0131 zamanda e\u015f zamanl\u0131 olarak&nbsp;<a href=\"https:\/\/digitalnetworkalkas.com\/\" target=\"_blank\" rel=\"noreferrer noopener\">https:\/\/digitalnetworkalkas.com\/<\/a>&nbsp;\u00fczerinden de yay\u0131nlanacak.<\/p>\n\n\n\n<p>\u0130stanbul Ticaret Odas\u0131 Y\u00f6netim Kurulu Ba\u015fkan\u0131 \u015eekib Avdagi\u00e7, AYD Y\u00f6netim Kurulu Ba\u015fkan\u0131 Nuri \u015eapkac\u0131 ve Fiba CP CEO ve Y\u00f6netim Kurulu \u00dcyesi Yurdaer Kahraman&#8217;\u0131n a\u00e7\u0131l\u0131\u015f konu\u015fmalar\u0131yla ba\u015flayacak zirvede, g\u00fcn boyu s\u00fcrecek oturumlarda sekt\u00f6r\u00fcn nabz\u0131 tutulacak. Ekonomist ve Stratejist Fatih Keresteci&#8217;nin &#8220;Tutam\u0131yorum Zaman\u0131&#8221; ba\u015fl\u0131kl\u0131 konu\u015fmas\u0131 ile ba\u015flayacak programda, AYD S\u00fcrd\u00fcr\u00fclebilirlik Komitesi Ba\u015fkan\u0131 Cem Eri\u00e7 moderat\u00f6rl\u00fc\u011f\u00fcnde Boyner Grup Y\u00f6netim Kurulu \u00dcyesi \u00dcmit Nazl\u0131 Boyner&#8217;in kat\u0131laca\u011f\u0131 &#8220;K\u0131r\u0131lgan D\u00fcnyan\u0131n Yeni Dengesi\u201d gibi \u00f6nemli paneller yer alacak. Yan\u0131nday\u0131z Derne\u011fi Y\u00f6netim Kurulu Ba\u015fkan\u0131 Selen Okay Ak\u00e7al\u0131 ise e\u015fitli\u011fin \u00f6nemine dikkat \u00e7eken bir konu\u015fma yapacak.&nbsp;<\/p>\n\n\n\n<p>\u00d6\u011fle yeme\u011fi sonras\u0131nda, Fiba CP CEO&#8217;su Yurdaer Kahraman ve URBnARQ Kurucusu William J. Sebring&#8217;in katk\u0131lar\u0131yla &#8220;Uzun Vadeli De\u011fer: AVM&#8217;lerde Yenileme ve D\u00f6n\u00fc\u015f\u00fcm Stratejileri&#8221; konusu i\u015flenecek. Ayr\u0131ca R\u00f6nesans Gayrimenkul Genel M\u00fcd\u00fcr\u00fc Ya\u011fmur Ya\u015far ve Arta\u015f Holding Y\u00f6netim Kurulu Ba\u015fkan Vekili Serhan \u00c7etinsaya gibi isimlerin yer alaca\u011f\u0131 &#8220;Perakendenin Nabz\u0131, Yat\u0131r\u0131mc\u0131n\u0131n Rotas\u0131&#8221; paneli ile perakendedeki son geli\u015fmeler de\u011ferlendirilecek. Al\u0131\u015fveri\u015f turizmi alan\u0131nda T\u00fcrkiye&#8217;nin rotas\u0131n\u0131 belirlemek \u00fczere TURY\u0130D Y\u00f6netim Kurulu Ba\u015fkan\u0131 Kaya Demirer ve Pegasus Hava Yollar\u0131 Y\u00f6netim Kurulu Ba\u015fkan\u0131 Mehmet T. Nane&#8217;nin konu\u015fmac\u0131 oldu\u011fu, Aqua Florya Y\u00f6netim Kurulu \u00dcyesi Dilek \u00c7apano\u011flu moderat\u00f6rl\u00fc\u011f\u00fcnde bir oturum d\u00fczenlenecek. \u00d6\u011fleden sonraki b\u00f6l\u00fcmde ise Avrupa perakende trendleri ele al\u0131nacak, ard\u0131ndan ECE T\u00fcrkiye Genel M\u00fcd\u00fcr\u00fc Semet Yola\u00e7 Canl\u0131el moderat\u00f6rl\u00fc\u011f\u00fcnde &#8220;K\u00fcreselden Yerele: Perakendede Kazanan Stratejiler&#8221; paneli ve AYD Y\u00f6netim Kurulu Ba\u015fkan\u0131 Nuri \u015eapkac\u0131 moderat\u00f6rl\u00fc\u011f\u00fcnde &#8220;Yeni Nesil Perakende, Yeni Nesil Liderlik&#8221; oturumu ger\u00e7ekle\u015ftirilecek. Sekt\u00f6re \u0131\u015f\u0131k tutacak de\u011ferli g\u00f6r\u00fc\u015flerin payla\u015f\u0131laca\u011f\u0131 zirve, gelenekselle\u015fen ve sekt\u00f6r\u00fcn en iyilerini onurland\u0131ran &#8220;AYD 1 Numaral\u0131 Markalar \u00d6d\u00fcl T\u00f6reni&#8221; ile ta\u00e7land\u0131r\u0131lacak ve \u00f6d\u00fcl t\u00f6reninden \u00f6nce bir kokteyl d\u00fczenlenecek.&nbsp;<\/p>\n\n\n\n<p>Zirveye kat\u0131l\u0131m i\u00e7in kay\u0131tlar,&nbsp;<a href=\"mailto:satis@alkas.com.tr\" target=\"_blank\" rel=\"noreferrer noopener\">satis@alkas.com.tr<\/a>&nbsp;adresi \u00fczerinden e-posta ile veya 0212 284 86 50 numaral\u0131 telefon aranarak ger\u00e7ekle\u015ftirilebiliyor.<\/p>\n","protected":false},"excerpt":{"rendered":"<p>Al\u0131\u015fveri\u015f Merkezleri ve Yat\u0131r\u0131mc\u0131lar\u0131 Derne\u011fi taraf\u0131ndan bu y\u0131l 16.\u2019s\u0131 d\u00fczenlenecek olan\u00a0\u201cAYD Al\u0131\u015fveri\u015f Ekonomisi Zirvesi\u201d, 9 Aral\u0131k 2025 Sal\u0131 g\u00fcn\u00fc Swissotel The Bosphorus Istanbul\u2019da ger\u00e7ekle\u015ftirilecek. Alka\u015f&hellip;<\/p>\n","protected":false},"author":6,"featured_media":7820,"comment_status":"open","ping_status":"open","sticky":false,"template":"","format":"standard","meta":{"footnotes":""},"categories":[1],"tags":[],"class_list":["post-7819","post","type-post","status-publish","format-standard","has-post-thumbnail","hentry","category-serbest"],"_links":{"self":[{"href":"https:\/\/www.mallandmotto.com\/index.php\/wp-json\/wp\/v2\/posts\/7819","targetHints":{"allow":["GET"]}}],"collection":[{"href":"https:\/\/www.mallandmotto.com\/index.php\/wp-json\/wp\/v2\/posts"}],"about":[{"href":"https:\/\/www.mallandmotto.com\/index.php\/wp-json\/wp\/v2\/types\/post"}],"author":[{"embeddable":true,"href":"https:\/\/www.mallandmotto.com\/index.php\/wp-json\/wp\/v2\/users\/6"}],"replies":[{"embeddable":true,"href":"https:\/\/www.mallandmotto.com\/index.php\/wp-json\/wp\/v2\/comments?post=7819"}],"version-history":[{"count":1,"href":"https:\/\/www.mallandmotto.com\/index.php\/wp-json\/wp\/v2\/posts\/7819\/revisions"}],"predecessor-version":[{"id":7821,"href":"https:\/\/www.mallandmotto.com\/index.php\/wp-json\/wp\/v2\/posts\/7819\/revisions\/7821"}],"wp:featuredmedia":[{"embeddable":true,"href":"https:\/\/www.mallandmotto.com\/index.php\/wp-json\/wp\/v2\/media\/7820"}],"wp:attachment":[{"href":"https:\/\/www.mallandmotto.com\/index.php\/wp-json\/wp\/v2\/media?parent=7819"}],"wp:term":[{"taxonomy":"category","embeddable":true,"href":"https:\/\/www.mallandmotto.com\/index.php\/wp-json\/wp\/v2\/categories?post=7819"},{"taxonomy":"post_tag","embeddable":true,"href":"https:\/\/www.mallandmotto.com\/index.php\/wp-json\/wp\/v2\/tags?post=7819"}],"curies":[{"name":"wp","href":"https:\/\/api.w.org\/{rel}","templated":true}]}}