{"id":7978,"date":"2025-12-22T11:48:10","date_gmt":"2025-12-22T11:48:10","guid":{"rendered":"https:\/\/www.mallandmotto.com\/?p=7978"},"modified":"2025-12-22T11:48:11","modified_gmt":"2025-12-22T11:48:11","slug":"01-burda-avmde-yilbasi-alisverisine-3-tesla-model-yden-birini-kazanma-sansi","status":"publish","type":"post","link":"https:\/\/www.mallandmotto.com\/index.php\/2025\/12\/22\/01-burda-avmde-yilbasi-alisverisine-3-tesla-model-yden-birini-kazanma-sansi\/","title":{"rendered":"01 Burda AVM\u2019de Y\u0131lba\u015f\u0131 Al\u0131\u015fveri\u015fine 3 Tesla Model Y\u2019den Birini Kazanma \u015eans\u0131"},"content":{"rendered":"\n<h3 class=\"wp-block-heading\"><strong>Adana\u2019n\u0131n e\u011flence, ya\u015fam ve bulu\u015fma merkezi 01 Burda AVM, y\u0131lba\u015f\u0131 al\u0131\u015fveri\u015finden Tesla Model Y kazanma f\u0131rsat\u0131 sunuyor. 01Burda Ziyaret\u00e7ileri, 31 Aral\u0131k 2025\u2019e kadar yapacaklar\u0131 al\u0131\u015fveri\u015flerle \u00e7ekili\u015f \u015fans\u0131n\u0131 katl\u0131yor.<\/strong><\/h3>\n\n\n\n<p>T\u00fcrkiye\u2019nin \u00f6nde gelen gayrimenkul yat\u0131r\u0131m \u015firketlerinden Esas Gayrimenkul taraf\u0131ndan \u00c7ukurova\u2019n\u0131n kalbi Adana\u2019da hayata ge\u00e7irilen 01 Burda AVM, y\u0131lba\u015f\u0131 al\u0131\u015fveri\u015finin yo\u011funla\u015ft\u0131\u011f\u0131 bu d\u00f6nemde binlerce se\u00e7kin hediye se\u00e7ene\u011fine, markalar\u0131n indirim ve kampanyalar\u0131na ek olarak sundu\u011fu promosyonlar ve \u00e7ekili\u015flerle kat kat kazand\u0131ran keyifli bir al\u0131\u015fveri\u015f deneyimi sunuyor. 01 Burda AVM ziyaret\u00e7ileri, 31 Aral\u0131k 2025 tarihine kadar s\u00fcrecek Tesla \u00e7ekili\u015f kampanyas\u0131na, y\u0131lba\u015f\u0131 al\u0131\u015fveri\u015fleriyle kat\u0131larak toplam 3 adet Tesla Yeni Model Y\u2019den birini kazanma \u015fans\u0131n\u0131 yakalayabiliyor.<\/p>\n\n\n\n<p>Esas Gayrimenkul\u2019\u00fcn portf\u00f6y\u00fcnde yer alan Burda AVM\u2019lerde 5 Eyl\u00fcl 2025 tarihinde ba\u015flayarak e\u015f zamanl\u0131 y\u00fcr\u00fct\u00fclen Tesla \u00e7ekili\u015f kampanyas\u0131 kapsam\u0131nda; 01 Burda AVM ziyaret\u00e7ileri, y\u0131lba\u015f\u0131 al\u0131\u015fveri\u015fleri s\u0131ras\u0131nda AVM\u2019de yer alan ma\u011fazalardan yapacaklar\u0131 her 1.000 TL\u2019lik al\u0131\u015fveri\u015f i\u00e7in 1 \u00e7ekili\u015f hakk\u0131 kazan\u0131yor. Kat\u0131l\u0131m s\u00fcreci tamamen dijital olarak, Shopla mobil uygulamas\u0131 \u00fczerinden y\u00fcr\u00fct\u00fcl\u00fcyor. Kat\u0131l\u0131mc\u0131lar, yap\u0131lan al\u0131\u015fveri\u015flerin fi\u015f ve faturalar\u0131n\u0131 Shopla mobil uygulamas\u0131na y\u00fckleyerek \u00e7ekili\u015fe kat\u0131labiliyor. Kampanya kapsam\u0131nda d\u00fczenlenen \u00e7ekili\u015fe kat\u0131lan herkes, 3 adet Tesla Yeni Model Y\u2019den birini kazanma \u015fans\u0131 elde ediyor. \u00c7ekili\u015f, 17.01.2026&nbsp;tarihinde saat 16.00\u2019da Bal\u0131kesir 10 Burda AVM\u2019de ger\u00e7ekle\u015ftirilecek ve Burda AVM\u2019lerin resmi Instagram hesaplar\u0131ndan ger\u00e7ekle\u015ftirilecek canl\u0131 yay\u0131nla duyurulacak.<\/p>\n","protected":false},"excerpt":{"rendered":"<p>Adana\u2019n\u0131n e\u011flence, ya\u015fam ve bulu\u015fma merkezi 01 Burda AVM, y\u0131lba\u015f\u0131 al\u0131\u015fveri\u015finden Tesla Model Y kazanma f\u0131rsat\u0131 sunuyor. 01Burda Ziyaret\u00e7ileri, 31 Aral\u0131k 2025\u2019e kadar yapacaklar\u0131 al\u0131\u015fveri\u015flerle&hellip;<\/p>\n","protected":false},"author":6,"featured_media":7979,"comment_status":"open","ping_status":"open","sticky":false,"template":"","format":"standard","meta":{"footnotes":""},"categories":[11],"tags":[],"class_list":["post-7978","post","type-post","status-publish","format-standard","has-post-thumbnail","hentry","category-avm"],"_links":{"self":[{"href":"https:\/\/www.mallandmotto.com\/index.php\/wp-json\/wp\/v2\/posts\/7978","targetHints":{"allow":["GET"]}}],"collection":[{"href":"https:\/\/www.mallandmotto.com\/index.php\/wp-json\/wp\/v2\/posts"}],"about":[{"href":"https:\/\/www.mallandmotto.com\/index.php\/wp-json\/wp\/v2\/types\/post"}],"author":[{"embeddable":true,"href":"https:\/\/www.mallandmotto.com\/index.php\/wp-json\/wp\/v2\/users\/6"}],"replies":[{"embeddable":true,"href":"https:\/\/www.mallandmotto.com\/index.php\/wp-json\/wp\/v2\/comments?post=7978"}],"version-history":[{"count":1,"href":"https:\/\/www.mallandmotto.com\/index.php\/wp-json\/wp\/v2\/posts\/7978\/revisions"}],"predecessor-version":[{"id":7980,"href":"https:\/\/www.mallandmotto.com\/index.php\/wp-json\/wp\/v2\/posts\/7978\/revisions\/7980"}],"wp:featuredmedia":[{"embeddable":true,"href":"https:\/\/www.mallandmotto.com\/index.php\/wp-json\/wp\/v2\/media\/7979"}],"wp:attachment":[{"href":"https:\/\/www.mallandmotto.com\/index.php\/wp-json\/wp\/v2\/media?parent=7978"}],"wp:term":[{"taxonomy":"category","embeddable":true,"href":"https:\/\/www.mallandmotto.com\/index.php\/wp-json\/wp\/v2\/categories?post=7978"},{"taxonomy":"post_tag","embeddable":true,"href":"https:\/\/www.mallandmotto.com\/index.php\/wp-json\/wp\/v2\/tags?post=7978"}],"curies":[{"name":"wp","href":"https:\/\/api.w.org\/{rel}","templated":true}]}}