{"id":8028,"date":"2025-12-24T11:54:55","date_gmt":"2025-12-24T11:54:55","guid":{"rendered":"https:\/\/www.mallandmotto.com\/?p=8028"},"modified":"2025-12-24T11:54:56","modified_gmt":"2025-12-24T11:54:56","slug":"terra-pizza-avmlerde-guclu-buyuyor","status":"publish","type":"post","link":"https:\/\/www.mallandmotto.com\/index.php\/2025\/12\/24\/terra-pizza-avmlerde-guclu-buyuyor\/","title":{"rendered":"Terra Pizza AVM\u2019lerde G\u00fc\u00e7l\u00fc B\u00fcy\u00fcyor"},"content":{"rendered":"\n<h3 class=\"wp-block-heading\">Terra Pizza CEO\u2019su Emrah Peker de t\u00fcketiciyle kurulan samimi ba\u011f\u0131n, dijital yat\u0131r\u0131mlar ve 250 \u015fube hedefiyle daha da g\u00fc\u00e7lenece\u011fini vurguluyor.<\/h3>\n\n\n\n<p><strong>Terra Pizza olarak al\u0131\u015fveri\u015f merkezlerinde yer almak marka bilinirli\u011finizi ve m\u00fc\u015fte- ri etkile\u015fiminizi nas\u0131l etkiliyor? Lokasyon se\u00e7iminde nelere dikkat ediyorsunuz?<\/strong><\/p>\n\n\n\n<p>Terra Pizza i\u00e7in al\u0131\u015fveri\u015f merkezleri yaln\u0131zca y\u00fcksek trafi\u011fin oldu\u011fu ticari alanlar de\u011fil, insanlar\u0131n bir araya geldi\u011fi, g\u00fcn\u00fcn ritminin yakaland\u0131\u011f\u0131 sosyal bulu\u015fma noktalar\u0131. Bu ne- denle AVM konumlar\u0131, markam\u0131z\u0131n eri\u015filebi- lirli\u011fini ve g\u00f6r\u00fcn\u00fcrl\u00fc\u011f\u00fcn\u00fc art\u0131rmak a\u00e7\u0131s\u0131ndan kritik bir rol oynuyor. \u015eehrin nabz\u0131n\u0131n att\u0131\u011f\u0131 bu alanlarda yer almak, bizi g\u00fcnl\u00fck ak\u0131\u015f\u0131n do\u011fal bir par\u00e7as\u0131 haline getirirken, m\u00fc\u015fte- rilerimizle temas\u0131m\u0131z\u0131 da g\u00fc\u00e7lendiriyor. Bu yakla\u015f\u0131m\u0131m\u0131z, bizi t\u00fcketici tercihlerinde \u00fcst s\u0131ralara ta\u015f\u0131rken ayn\u0131 zamanda AVM\u2019lerde lider marka olmam\u0131z\u0131 da sa\u011flad\u0131. Lokasyon se\u00e7iminde temel kriterlerimiz, he- def kitle yo\u011funlu\u011fu, ziyaret\u00e7i profili, ula\u015f\u0131m kolayl\u0131\u011f\u0131 ve mimari olarak marka konseptini do\u011fru yans\u0131tabilecek alan tasar\u0131m\u0131. \u00d6zellikle aileler, gen\u00e7ler ve arkada\u015f gruplar\u0131n\u0131n kesi- \u015fim noktas\u0131 olan AVM\u2019lerde, \u201cGel Beraber Olsun\u201d mottomuzun organik \u015fekilde hayat buldu\u011fu bir ortam olu\u015fuyor. Markam\u0131z\u0131n s\u0131cak tonlara dayal\u0131 restoran tasar\u0131m\u0131, a\u00e7\u0131k mutfak d\u00fczeni ve h\u0131zl\u0131 servis altyap\u0131s\u0131, AVM deneyimini sadece bir yemek molas\u0131ndan \u00e7ok daha fazlas\u0131na ta\u015f\u0131yor ve payla\u015fman\u0131n do\u011falla\u015ft\u0131\u011f\u0131, keyifli bir bulu\u015fma an\u0131na d\u00f6n\u00fc\u015ft\u00fcr\u00fcyor.<\/p>\n\n\n\n<p><strong>Terra Pizza\u2019n\u0131n samimi ve lezzet odakl\u0131 marka anlay\u0131\u015f\u0131 g\u00fcnl\u00fck operasyonlara nas\u0131l yans\u0131yor? \u201cMotto\u201dnuz t\u00fcketiciyle kurdu\u011funuz ba\u011f\u0131 nas\u0131l g\u00fc\u00e7lendiriyor?<\/strong><\/p>\n\n\n\n<p>\u201cGel Beraber Olsun\u201d, ileti\u015fim dilimizin \u00f6te- sinde Terra Pizza\u2019n\u0131n t\u00fcm operasyonel yak- la\u015f\u0131m\u0131n\u0131 etkileyen bir k\u00fclt\u00fcr. T\u00fcketicilerin yaln\u0131zca pizza yedi\u011fi de\u011fil, beraberli\u011fin ve payla\u015f\u0131m\u0131n \u00f6n planda oldu\u011fu bir deneyim yaratmaya odaklan\u0131yoruz. \u201c%100 Mozzarel- la, %100 Lezzet\u201d s\u00f6ylemimiz ise \u00fcr\u00fcn tara- f\u0131ndaki duru\u015fumuzu net \u015fekilde \u00f6zetliyor. Kalite, tazelik ve standartla\u015fmadan taviz vermeyen bir yap\u0131y\u0131 s\u00fcrekli olarak koruyo- ruz. G\u00fcnl\u00fck operasyonlarda bu yakla\u015f\u0131m, h\u0131zl\u0131 servis, kapsay\u0131c\u0131 ve inovatif men\u00fc, s\u0131cak kar\u015f\u0131lama ve samimi ileti\u015fim, marka k\u00fclt\u00fc- r\u00fcn\u00fcn \u015fubelerimizdeki kar\u015f\u0131l\u0131\u011f\u0131. Misafirin sadece karn\u0131n\u0131 de\u011fil, birlikte olma ihtiyac\u0131n\u0131 da doyuran bir marka deneyimi sunuyoruz.<\/p>\n\n\n\n<p>Dijitalle\u015fme taraf\u0131nda kiosk sistemleri, \u00fcye- lik gerekmeden sipari\u015f ve yenilenen uy- gulamam\u0131zla m\u00fc\u015fterilerimizi daha h\u0131zl\u0131, ki\u015fiselle\u015ftirilmi\u015f ve kolay bir yolculukla bu- lu\u015fturuyoruz. S\u00fcrd\u00fcr\u00fclebilirlik ajandam\u0131zda ise enerji verimlili\u011fi y\u00fcksek ekipman kullan\u0131m\u0131, merkezi lojistik optimizasyonu ve \u00e7evre dostu ambalaj s\u00fcre\u00e7lerimiz \u00f6ne \u00e7\u0131k\u0131yor.<\/p>\n\n\n\n<p>Ayn\u0131 d\u00f6nemde T\u00fcrkiye Basketbol Federas- yonu ile ba\u015flatt\u0131\u011f\u0131m\u0131z i\u015f birli\u011fi kapsam\u0131nda Milli Tak\u0131mlar\u0131n Resmi Lezzet Sponsoru ol- duk ve bu i\u015f birli\u011fini 2026 y\u0131l\u0131nda da s\u00fcr- d\u00fcr\u00fcyoruz. \u201c%100 Lezzet, %100 Destek\u201d s\u00f6ylemiyle y\u00fcr\u00fctt\u00fc\u011f\u00fcm\u00fcz bu yakla\u015f\u0131m, Ter- ra Pizza\u2019n\u0131n sporun birliktelik ruhuna katk\u0131 sa\u011flarken toplumla kurdu\u011fu ba\u011f\u0131 da g\u00fc\u00e7lendiren \u00f6nemli bir ad\u0131m oldu.<\/p>\n\n\n\n<p><strong>T\u00fcketici beklentilerinin h\u0131zla de\u011fi\u015fti\u011fi bu d\u00f6nemde Terra Pizza, men\u00fc inovas- yonlar\u0131n\u0131 nas\u0131l \u015fekillendiriyor? Yeni \u00fcr\u00fcn geli\u015ftirme s\u00fcrecinizde hangi kriterler \u00f6ne \u00e7\u0131k\u0131yor?<\/strong><\/p>\n\n\n\n<p>T\u00fcketici beklentilerinin \u00e7ok h\u0131zl\u0131 de\u011fi\u015fti\u011fi bir d\u00f6nemde ya\u015f\u0131yoruz ve Terra Pizza olarak biz de men\u00fcm\u00fcz\u00fc ya\u015fayan bir yap\u0131 olarak ele al\u0131yoruz. \u00dcr\u00fcn geli\u015ftirme s\u00fcrecimizi; t\u00fcketici ara\u015ft\u0131rmalar\u0131, Ar-Ge ekibimizin uzmanl\u0131\u011f\u0131, global ve yerel trendler, test s\u00fcre\u00e7leri ve geri bildirimleri \u00e7ok y\u00f6nl\u00fc de\u011ferlendirerek ilerletiyoruz.<\/p>\n\n\n\n<p>Bu y\u0131l men\u00fcm\u00fcze ekledi\u011fimiz iki yeni lezzet de bu yakla\u015f\u0131m\u0131n somut kar\u015f\u0131l\u0131\u011f\u0131. D\u0131\u015f\u0131 alt\u0131n rengi \u00e7\u0131t\u0131r, i\u00e7i ak\u0131\u015fkan formuyla dikkat \u00e7eken \u00c7\u0131t\u0131r Peynir \u00c7ubuklar\u0131 ve Portekiz mutfa\u011f\u0131- n\u0131n ikonik tatl\u0131s\u0131 Nata, misafirlerimizin at\u0131\u015f- t\u0131rmal\u0131k ve tatl\u0131 deneyimine e\u015flik ediyor. Her iki \u00fcr\u00fcn de hem h\u0131zl\u0131 t\u00fcketim al\u0131\u015fkanl\u0131klar\u0131na uygun hem de Terra Pizza\u2019n\u0131n lezzet stan- dard\u0131n\u0131 yans\u0131tan nitelikte.<\/p>\n\n\n\n<p>Yeni \u00fcr\u00fcnlerimizi tasarlarken herkesin kendi damak zevkine uygun bir alternatif bulabil- mesini, payla\u015f\u0131m k\u00fclt\u00fcr\u00fcn\u00fc destekleyen ve farkl\u0131 lezzet deneyimleri sunan se\u00e7enekler yaratmay\u0131 \u00f6nemsiyoruz.<\/p>\n\n\n\n<p><strong>Restoran i\u00e7i operasyonlarda h\u0131z, hijyen ve g\u00fcler y\u00fcz gibi kriterleri standardize etmek i\u00e7in nas\u0131l bir sistem uyguluyorsu- nuz? Misafir geri bildirimlerini s\u00fcre\u00e7leri- nize nas\u0131l entegre ediyorsunuz?<\/strong><\/p>\n\n\n\n<p>T\u00fcrkiye genelindeki t\u00fcm \u015fubelerde ayn\u0131 standart deneyimin ya\u015fanmas\u0131 i\u00e7in e\u011fitim programlar\u0131m\u0131z, operasyon el kitaplar\u0131m\u0131z ve kalite \u00f6l\u00e7\u00fcm mekanizmalar\u0131m\u0131z d\u00fczenli olarak g\u00fcncelleniyor. A\u00e7\u0131k mutfak d\u00fczenimiz hem \u015feffafl\u0131\u011f\u0131 hem de tazeli\u011fe verdi\u011fimiz \u00f6nemi g\u00fc\u00e7lendiriyor. Misafir geri bildirimle- rini ise dijital kanallar\u0131m\u0131z, uygulamam\u0131z ve restoran i\u00e7i temas noktalar\u0131 \u00fczerinden anl\u0131k olarak topluyoruz.<\/p>\n\n\n\n<p>Bu geri bildirimler; men\u00fc iyile\u015ftirmeleri, hiz- met s\u00fcre\u00e7leri ve \u00fcr\u00fcn geli\u015ftirme alanlar\u0131nda \u00f6nemli birer yol g\u00f6sterici. Terra Pizza ola- rak misafirlerimizin yaln\u0131zca karn\u0131n\u0131 de\u011fil, iyi hissetme ihtiyac\u0131n\u0131 da kar\u015f\u0131layan s\u0131cak, g\u00fcvenilir ve samimi bir ortam sunmay\u0131 \u00f6nemsiyoruz.<\/p>\n\n\n\n<figure class=\"wp-block-image size-large is-resized\"><img fetchpriority=\"high\" decoding=\"async\" width=\"1024\" height=\"576\" src=\"https:\/\/www.mallandmotto.com\/wp-content\/uploads\/2025\/12\/Terra-Pizza-AVM-1024x576.jpg\" alt=\"\" class=\"wp-image-8031\" style=\"aspect-ratio:1.7785423627882357;width:476px;height:auto\" srcset=\"https:\/\/www.mallandmotto.com\/wp-content\/uploads\/2025\/12\/Terra-Pizza-AVM-1024x576.jpg 1024w, https:\/\/www.mallandmotto.com\/wp-content\/uploads\/2025\/12\/Terra-Pizza-AVM-300x169.jpg 300w, https:\/\/www.mallandmotto.com\/wp-content\/uploads\/2025\/12\/Terra-Pizza-AVM-768x432.jpg 768w, https:\/\/www.mallandmotto.com\/wp-content\/uploads\/2025\/12\/Terra-Pizza-AVM-1536x864.jpg 1536w, https:\/\/www.mallandmotto.com\/wp-content\/uploads\/2025\/12\/Terra-Pizza-AVM-2048x1152.jpg 2048w\" sizes=\"(max-width: 1024px) 100vw, 1024px\" \/><\/figure>\n\n\n\n<p><strong>Yerel ve global zincirlerin yo\u011fun rekabeti i\u00e7inde Terra Pizza\u2019y\u0131 farkl\u0131 k\u0131lan en g\u00fc\u00e7l\u00fc de\u011ferler neler? Markan\u0131n s\u00fcrd\u00fcr\u00fclebilir rekabet g\u00fcc\u00fcn\u00fc nas\u0131l koruyorsunuz?<\/strong><\/p>\n\n\n\n<p>Yerel ve global markalar\u0131n yo\u011fun rekabeti i\u00e7inde Terra Pizza\u2019y\u0131 farkl\u0131la\u015ft\u0131ran en g\u00fc\u00e7l\u00fc unsurlar; s\u0131cak marka k\u00fclt\u00fcr\u00fc, ula\u015f\u0131labilir fiyat politikas\u0131, h\u0131zl\u0131 servis g\u00fcc\u00fc, kaliteli ve bol malzemeyle haz\u0131rlanm\u0131\u015f \u00f6zel re\u00e7eteli inovatif men\u00fc yap\u0131s\u0131 ve T\u00fcrkiye\u2019nin d\u00f6rt bir yan\u0131na yay\u0131lan g\u00fc\u00e7l\u00fc \u015fube a\u011f\u0131<\/p>\n\n\n\n<p>\u201cGel Beraber Olsun\u201d yakla\u015f\u0131m\u0131m\u0131z, bizi sadece bir yemek markas\u0131 olmaktan \u00e7\u0131kar\u0131p insanlar\u0131n bir arada keyif ald\u0131\u011f\u0131 sosyal bir bulu\u015fma noktas\u0131 haline getiriyor. Bununla birlikte %100 Lezzet %100 Terra Pizza ana ileti\u015fim s\u00f6ylemimizle \u00fcr\u00fcn kalitemizi, mal- zeme standartlar\u0131m\u0131z\u0131 ve \u00e7e\u015fitlilikten \u00f6d\u00fcn vermeyen men\u00fc yap\u0131m\u0131z\u0131 net bir \u015fekilde ortaya koyuyoruz<\/p>\n\n\n\n<p>T\u00fcm \u00fcr\u00fcnlerimizde tutarl\u0131l\u0131\u011f\u0131 g\u00f6zetiyor, ger\u00e7ek mozzarella kullan\u0131m\u0131 gibi kalite kriter- lerinden \u00f6d\u00fcn vermeden zengin bir lezzet \u00e7e\u015fitlili\u011fi sunuyoruz. \u0130novatif bak\u0131\u015f a\u00e7\u0131m\u0131zla misafirlerimize yaln\u0131zca bir yemek de\u011fil, g\u00fcven veren, lezzeti merkeze alan ve payla\u015fma duygusunu besleyen s\u0131cak bir deneyim ya\u015fat\u0131yoruz.<\/p>\n\n\n\n<p>Kalite, h\u0131z ve samimiyeti ayn\u0131 potada eriten bu marka \u00f6z\u00fcm\u00fcz, rekabet ko\u015fullar\u0131ndan ba\u011f\u0131ms\u0131z olarak s\u00fcrd\u00fcr\u00fclebilir bir b\u00fcy\u00fcme modeli olu\u015fturmam\u0131za imkan tan\u0131yor.<\/p>\n\n\n\n<p><strong>Online sipari\u015f, mobil uygulama ve dijital sadakat programlar\u0131 markan\u0131n b\u00fcy\u00fcme- sine nas\u0131l katk\u0131 sa\u011fl\u0131yor? 2026\u2019da tek- noloji taraf\u0131nda hangi yenilikleri hayata ge\u00e7irmeyi planl\u0131yorsunuz?<\/strong><\/p>\n\n\n\n<p>Dijitalle\u015fme, Terra Pizza\u2019n\u0131n b\u00fcy\u00fcme strate- jisinin en g\u00fc\u00e7l\u00fc yap\u0131 ta\u015flar\u0131ndan biri. Mobil uygulamam\u0131z, web sitemiz, kiosk sistemleri- miz ve sadakat program\u0131m\u0131z, misafirlerimi- zin sipari\u015f s\u00fcre\u00e7lerini h\u0131zl\u0131, ki\u015fisel ve pratik bir deneyime d\u00f6n\u00fc\u015ft\u00fcr\u00fcyor.<\/p>\n\n\n\n<p>2026 y\u0131l\u0131nda dijital tarafta ki\u015fiselle\u015ftirilmi\u015f kampanyalar, yapay zeka destekli sipari\u015f \u00f6nerileri, daha h\u0131zl\u0131 teslimat algoritmalar\u0131 ve restoran i\u00e7i dijital entegrasyonlar\u0131 hayata ge\u00e7irmeyi planl\u0131yoruz.<\/p>\n\n\n\n<p>Dijital kanallar\u0131m\u0131z yaln\u0131zca operasyonel kolayl\u0131k sunmakla kalm\u0131yor, ayn\u0131 zamanda m\u00fc\u015fteri i\u00e7g\u00f6r\u00fclerini en do\u011fru \u015fekilde anla- mam\u0131z\u0131 sa\u011flayarak men\u00fc inovasyonundan kampanya tasar\u0131m\u0131na kadar t\u00fcm s\u00fcre\u00e7lere y\u00f6n veriyor.<\/p>\n\n\n\n<figure class=\"wp-block-image size-large is-resized\"><img decoding=\"async\" width=\"1024\" height=\"768\" src=\"https:\/\/www.mallandmotto.com\/wp-content\/uploads\/2025\/12\/Terra_Pizza_aile_fotografi-1024x768.jpg\" alt=\"\" class=\"wp-image-8030\" style=\"width:463px;height:auto\" srcset=\"https:\/\/www.mallandmotto.com\/wp-content\/uploads\/2025\/12\/Terra_Pizza_aile_fotografi-1024x768.jpg 1024w, https:\/\/www.mallandmotto.com\/wp-content\/uploads\/2025\/12\/Terra_Pizza_aile_fotografi-300x225.jpg 300w, https:\/\/www.mallandmotto.com\/wp-content\/uploads\/2025\/12\/Terra_Pizza_aile_fotografi-768x576.jpg 768w, https:\/\/www.mallandmotto.com\/wp-content\/uploads\/2025\/12\/Terra_Pizza_aile_fotografi-1536x1152.jpg 1536w, https:\/\/www.mallandmotto.com\/wp-content\/uploads\/2025\/12\/Terra_Pizza_aile_fotografi.jpg 1772w\" sizes=\"(max-width: 1024px) 100vw, 1024px\" \/><\/figure>\n\n\n\n<p><strong>Terra Pizza\u2019y\u0131 5 y\u0131l i\u00e7inde nerede konum- land\u0131rmak istiyorsunuz? B\u00fcy\u00fcme, global- le\u015fme veya yeni i\u015f modelleri konusunda \u00f6ng\u00f6rd\u00fc\u011f\u00fcn\u00fcz kilometre ta\u015flar\u0131 neler?<\/strong><\/p>\n\n\n\n<p>Terra Pizza\u2019n\u0131n \u00f6n\u00fcm\u00fczdeki y\u0131llardaki vizyo- nu, mevcut g\u00fc\u00e7l\u00fc yap\u0131s\u0131n\u0131 daha geni\u015f bir kit- leye ula\u015ft\u0131rarak markay\u0131 ulusal \u00f6l\u00e7ekte daha da sa\u011flamla\u015ft\u0131rmak \u00fczerine kurulu. B\u00fcy\u00fc- me hedefimizde \u015fube say\u0131s\u0131n\u0131n artmas\u0131n\u0131n \u00f6tesinde, her noktada ayn\u0131 s\u0131cakl\u0131kta, ayn\u0131 standartta ve ayn\u0131 samimiyette bir deneyim sunmak yer al\u0131yor.<\/p>\n\n\n\n<p>Dijitalle\u015fme yat\u0131r\u0131mlar\u0131m\u0131z, restoran i\u00e7i mo- dernizasyonlar\u0131m\u0131z ve misafir odakl\u0131 hizmet anlay\u0131\u015f\u0131m\u0131z bu d\u00f6n\u00fc\u015f\u00fcm\u00fcn en temel ad\u0131m- lar\u0131n\u0131 olu\u015fturuyor. Terra Pizza\u2019n\u0131n gelece\u011fe y\u00f6nelik hedefi, insanlar\u0131n yaln\u0131zca pizza yemek i\u00e7in de\u011fil, kendini iyi hissetmek ve payla\u015fmak i\u00e7in tercih etti\u011fi bir marka olarak konumunu g\u00fc\u00e7lendirmek.<\/p>\n\n\n\n<p>%100 Lezzet yakla\u015f\u0131m\u0131n\u0131 uzun vadede daha geni\u015f kitlelere ta\u015f\u0131may\u0131 hedefliyoruz. Terra Pizza\u2019n\u0131n yerli bir marka olarak b\u00fcy\u00fcmesini s\u00fcrd\u00fcr\u00fclebilir k\u0131lman\u0131n yan\u0131 s\u0131ra, onu k\u00fclt\u00fc- rel bir de\u011fer haline getirmeyi ama\u00e7l\u0131yoruz.<\/p>\n","protected":false},"excerpt":{"rendered":"<p>Terra Pizza CEO\u2019su Emrah Peker de t\u00fcketiciyle kurulan samimi ba\u011f\u0131n, dijital yat\u0131r\u0131mlar ve 250 \u015fube hedefiyle daha da g\u00fc\u00e7lenece\u011fini vurguluyor. Terra Pizza olarak al\u0131\u015fveri\u015f merkezlerinde&hellip;<\/p>\n","protected":false},"author":6,"featured_media":8029,"comment_status":"open","ping_status":"open","sticky":false,"template":"","format":"standard","meta":{"footnotes":""},"categories":[12],"tags":[],"class_list":["post-8028","post","type-post","status-publish","format-standard","has-post-thumbnail","hentry","category-perakende"],"_links":{"self":[{"href":"https:\/\/www.mallandmotto.com\/index.php\/wp-json\/wp\/v2\/posts\/8028","targetHints":{"allow":["GET"]}}],"collection":[{"href":"https:\/\/www.mallandmotto.com\/index.php\/wp-json\/wp\/v2\/posts"}],"about":[{"href":"https:\/\/www.mallandmotto.com\/index.php\/wp-json\/wp\/v2\/types\/post"}],"author":[{"embeddable":true,"href":"https:\/\/www.mallandmotto.com\/index.php\/wp-json\/wp\/v2\/users\/6"}],"replies":[{"embeddable":true,"href":"https:\/\/www.mallandmotto.com\/index.php\/wp-json\/wp\/v2\/comments?post=8028"}],"version-history":[{"count":1,"href":"https:\/\/www.mallandmotto.com\/index.php\/wp-json\/wp\/v2\/posts\/8028\/revisions"}],"predecessor-version":[{"id":8032,"href":"https:\/\/www.mallandmotto.com\/index.php\/wp-json\/wp\/v2\/posts\/8028\/revisions\/8032"}],"wp:featuredmedia":[{"embeddable":true,"href":"https:\/\/www.mallandmotto.com\/index.php\/wp-json\/wp\/v2\/media\/8029"}],"wp:attachment":[{"href":"https:\/\/www.mallandmotto.com\/index.php\/wp-json\/wp\/v2\/media?parent=8028"}],"wp:term":[{"taxonomy":"category","embeddable":true,"href":"https:\/\/www.mallandmotto.com\/index.php\/wp-json\/wp\/v2\/categories?post=8028"},{"taxonomy":"post_tag","embeddable":true,"href":"https:\/\/www.mallandmotto.com\/index.php\/wp-json\/wp\/v2\/tags?post=8028"}],"curies":[{"name":"wp","href":"https:\/\/api.w.org\/{rel}","templated":true}]}}