{"id":8079,"date":"2025-12-30T13:22:52","date_gmt":"2025-12-30T13:22:52","guid":{"rendered":"https:\/\/www.mallandmotto.com\/?p=8079"},"modified":"2025-12-30T13:22:52","modified_gmt":"2025-12-30T13:22:52","slug":"garanti-bbva-ve-garanti-bbva-emeklilikte-ust-duzey-atamalar","status":"publish","type":"post","link":"https:\/\/www.mallandmotto.com\/index.php\/2025\/12\/30\/garanti-bbva-ve-garanti-bbva-emeklilikte-ust-duzey-atamalar\/","title":{"rendered":"Garanti BBVA ve Garanti BBVA Emeklilik\u2019te \u00dcst D\u00fczey Atamalar"},"content":{"rendered":"\n<h3 class=\"wp-block-heading\">Garanti BBVA\u2019da \u00fcst d\u00fczey g\u00f6rev de\u011fi\u015fiklikleri ger\u00e7ekle\u015fiyor. G\u00f6khan Koca Kredi Riski Y\u00f6netimi Ba\u015fkanl\u0131\u011f\u0131\u2019n\u0131 devral\u0131rken, Nurdan Tunay G\u00fcnayl\u0131 Garanti BBVA Emeklilik ve Hayat Genel M\u00fcd\u00fcrl\u00fc\u011f\u00fc g\u00f6revine atan\u0131yor. Atamalar, yasal s\u00fcre\u00e7lerin tamamlanmas\u0131n\u0131n ard\u0131ndan y\u00fcr\u00fcrl\u00fc\u011fe girecek.<\/h3>\n\n\n\n<p>Bu geli\u015fme do\u011frultusunda,&nbsp;<strong>Garanti BBVA Kredi Riski Y\u00f6netimi Ba\u015fkanl\u0131\u011f\u0131<\/strong>g\u00f6revini, Aral\u0131k 2024\u2019ten bu yana&nbsp;<strong>Garanti BBVA Emeklilik ve Hayat Genel M\u00fcd\u00fcr\u00fc<\/strong>&nbsp;olarak g\u00f6rev yapan&nbsp;<strong>G\u00f6khan Koca<\/strong>&nbsp;devralacak<strong>. Garanti BBVA Emeklilik ve Hayat Genel M\u00fcd\u00fcrl\u00fc\u011f\u00fc<\/strong>&nbsp;rol\u00fcn\u00fc ise&nbsp;<strong>Garanti BBVA KOB\u0130 Bankac\u0131l\u0131\u011f\u0131 \u0130stanbul Pazarlama M\u00fcd\u00fcrl\u00fc\u011f\u00fc Direkt\u00f6r\u00fc<\/strong>&nbsp;olarak g\u00f6rev yapan&nbsp;<strong>Nurdan Tunay G\u00fcnayl\u0131<\/strong>devir alacak.<\/p>\n\n\n\n<p>Atamalar gerekli yasal s\u00fcre\u00e7lerin tamamlanmas\u0131 ve izinlerin al\u0131nmas\u0131n\u0131n ard\u0131ndan y\u00fcr\u00fcrl\u00fc\u011fe girecek.<\/p>\n\n\n\n<p><strong>G\u00f6khan Koca Hakk\u0131nda:<\/strong><\/p>\n\n\n\n<p>G\u00f6khan Koca, 2000 y\u0131l\u0131nda Garanti BBVA\u2019da m\u00fcfetti\u015f olarak ba\u015flad\u0131\u011f\u0131 kariyerine 2006\u20132017 y\u0131llar\u0131 aras\u0131nda Garanti BBVA Mortgage\u2019daki \u00fcst d\u00fczey pozisyonlarla devam etti. 2017\u20132019 y\u0131llar\u0131 aras\u0131nda Garanti BBVA\u2019da KOB\u0130 ve Tar\u0131m Bankac\u0131l\u0131\u011f\u0131 Direkt\u00f6r\u00fc olarak g\u00f6rev yapan Koca, 2019\u20132024 d\u00f6neminde BBVA\u2019n\u0131n Madrid merkez ofisinde KOB\u0130 Bankac\u0131l\u0131\u011f\u0131 Global Sorumlusu rol\u00fcn\u00fc \u00fcstlendi. Ayn\u0131 d\u00f6nemde, Kas\u0131m 2019\u2013\u015eubat 2021 aras\u0131nda Finlandiya merkezli fintech \u015firketi Holvi\u2019de Y\u00f6netim Kurulu \u00dcyeli\u011fi yapt\u0131. Ortado\u011fu Teknik \u00dcniversitesi \u0130n\u015faat M\u00fchendisli\u011fi ve Bo\u011fazi\u00e7i \u00dcniversitesi MBA mezunu olan G\u00f6khan Koca, bankac\u0131l\u0131k sekt\u00f6r\u00fcnde 25 y\u0131l\u0131 a\u015fk\u0131n deneyime sahip.<\/p>\n\n\n\n<p><strong>Nurdan Tunay G\u00fcnayl\u0131 Hakk\u0131nda:<\/strong><\/p>\n\n\n\n<p>Nurdan Tunay G\u00fcnayl\u0131 2004 y\u0131l\u0131nda Garanti BBVA\u2019ya kat\u0131lan G\u00fcnayl\u0131, \u015fube ve genel m\u00fcd\u00fcrl\u00fck pozisyonlar\u0131nda, kurumsal ve ticari bankac\u0131l\u0131k alanlar\u0131nda g\u00f6rev yapt\u0131. Bo\u011fazi\u00e7i \u00dcniversitesi Ekonomi b\u00f6l\u00fcm\u00fc mezunu olan Nurdan Tunay G\u00fcnayl\u0131 bankac\u0131l\u0131k sekt\u00f6r\u00fcnde 25 y\u0131l\u0131 a\u015fk\u0131n deneyime sahip.<\/p>\n","protected":false},"excerpt":{"rendered":"<p>Garanti BBVA\u2019da \u00fcst d\u00fczey g\u00f6rev de\u011fi\u015fiklikleri ger\u00e7ekle\u015fiyor. G\u00f6khan Koca Kredi Riski Y\u00f6netimi Ba\u015fkanl\u0131\u011f\u0131\u2019n\u0131 devral\u0131rken, Nurdan Tunay G\u00fcnayl\u0131 Garanti BBVA Emeklilik ve Hayat Genel M\u00fcd\u00fcrl\u00fc\u011f\u00fc g\u00f6revine&hellip;<\/p>\n","protected":false},"author":6,"featured_media":8080,"comment_status":"open","ping_status":"open","sticky":false,"template":"","format":"standard","meta":{"footnotes":""},"categories":[18],"tags":[],"class_list":["post-8079","post","type-post","status-publish","format-standard","has-post-thumbnail","hentry","category-atamalar"],"_links":{"self":[{"href":"https:\/\/www.mallandmotto.com\/index.php\/wp-json\/wp\/v2\/posts\/8079","targetHints":{"allow":["GET"]}}],"collection":[{"href":"https:\/\/www.mallandmotto.com\/index.php\/wp-json\/wp\/v2\/posts"}],"about":[{"href":"https:\/\/www.mallandmotto.com\/index.php\/wp-json\/wp\/v2\/types\/post"}],"author":[{"embeddable":true,"href":"https:\/\/www.mallandmotto.com\/index.php\/wp-json\/wp\/v2\/users\/6"}],"replies":[{"embeddable":true,"href":"https:\/\/www.mallandmotto.com\/index.php\/wp-json\/wp\/v2\/comments?post=8079"}],"version-history":[{"count":1,"href":"https:\/\/www.mallandmotto.com\/index.php\/wp-json\/wp\/v2\/posts\/8079\/revisions"}],"predecessor-version":[{"id":8081,"href":"https:\/\/www.mallandmotto.com\/index.php\/wp-json\/wp\/v2\/posts\/8079\/revisions\/8081"}],"wp:featuredmedia":[{"embeddable":true,"href":"https:\/\/www.mallandmotto.com\/index.php\/wp-json\/wp\/v2\/media\/8080"}],"wp:attachment":[{"href":"https:\/\/www.mallandmotto.com\/index.php\/wp-json\/wp\/v2\/media?parent=8079"}],"wp:term":[{"taxonomy":"category","embeddable":true,"href":"https:\/\/www.mallandmotto.com\/index.php\/wp-json\/wp\/v2\/categories?post=8079"},{"taxonomy":"post_tag","embeddable":true,"href":"https:\/\/www.mallandmotto.com\/index.php\/wp-json\/wp\/v2\/tags?post=8079"}],"curies":[{"name":"wp","href":"https:\/\/api.w.org\/{rel}","templated":true}]}}