{"id":808,"date":"2025-07-15T11:28:26","date_gmt":"2025-07-15T11:28:26","guid":{"rendered":"https:\/\/www.mallandmotto.com\/?p=808"},"modified":"2025-07-15T11:28:26","modified_gmt":"2025-07-15T11:28:26","slug":"evideada-yeni-gorev-huseyin-gencer","status":"publish","type":"post","link":"https:\/\/www.mallandmotto.com\/index.php\/2025\/07\/15\/evideada-yeni-gorev-huseyin-gencer\/","title":{"rendered":"Evidea\u2019da Yeni G\u00f6rev: H\u00fcseyin Gen\u00e7er"},"content":{"rendered":"\n<h3 class=\"wp-block-heading\"><strong>Ev ya\u015fam sekt\u00f6r\u00fcnde faaliyet g\u00f6steren ve perakende ma\u011faza zinciriyle b\u00fcy\u00fcme ivmesini s\u00fcrd\u00fcren Evidea, y\u00f6netim kadrosuna deneyimli bir isim daha ekledi. Tedarik zinciri y\u00f6netimi konusunda pek \u00e7ok kurumsal firmada \u00f6nemli g\u00f6revler \u00fcstlenen H\u00fcseyin Gen\u00e7er, Evidea Tedarik Zinciri Direkt\u00f6r\u00fc olarak atand\u0131.<\/strong><\/h3>\n\n\n\n<p>\u0130stanbul Teknik \u00dcniversitesi \u0130\u015fletme Fak\u00fcltesi End\u00fcstri M\u00fchendisli\u011fi b\u00f6l\u00fcm\u00fcnden mezun olan H\u00fcseyin Gen\u00e7er, kariyerine Ar\u00e7elik A.\u015e.\u2019de Depolama ve Da\u011f\u0131t\u0131m M\u00fchendisi olarak ba\u015flad\u0131. Burada k\u0131sa s\u00fcrede Depolama ve Da\u011f\u0131t\u0131m Uzman\u0131 pozisyonuna y\u00fckselen Gen\u00e7er, daha sonra Eti G\u0131da\u2019da Lojistik Depolar K\u0131demli S\u00fcre\u00e7 Geli\u015ftirme Analisti olarak g\u00f6rev ald\u0131. Eti G\u0131da\u2019da g\u00f6sterdi\u011fi ba\u015far\u0131lar neticesinde Lojistik Planlama Y\u00f6neticisi pozisyonuna terfi eden Gen\u00e7er, 2018 y\u0131l\u0131nda Vivense ailesine kat\u0131ld\u0131. Vivense\u2019de Marmara Depolar B\u00f6lge M\u00fcd\u00fcr\u00fc olarak ba\u015flad\u0131\u011f\u0131 g\u00f6revine Last Mile Operasyon Direkt\u00f6r\u00fc olarak devam etti ve son olarak Tedarik Zinciri Direkt\u00f6r\u00fc olarak g\u00f6rev yapt\u0131.<\/p>\n\n\n\n<p>H\u00fcseyin Gen\u00e7er, Evidea\u2019da Tedarik Zinciri Direkt\u00f6r\u00fc olarak t\u00fcm tedarik zinciri ve lojistik operasyonlar\u0131n\u0131n y\u00f6netiminden sorumlu olacak.<\/p>\n","protected":false},"excerpt":{"rendered":"<p>Ev ya\u015fam sekt\u00f6r\u00fcnde faaliyet g\u00f6steren ve perakende ma\u011faza zinciriyle b\u00fcy\u00fcme ivmesini s\u00fcrd\u00fcren Evidea, y\u00f6netim kadrosuna deneyimli bir isim daha ekledi. Tedarik zinciri y\u00f6netimi konusunda pek&hellip;<\/p>\n","protected":false},"author":6,"featured_media":809,"comment_status":"open","ping_status":"open","sticky":false,"template":"","format":"standard","meta":{"footnotes":""},"categories":[18],"tags":[],"class_list":["post-808","post","type-post","status-publish","format-standard","has-post-thumbnail","hentry","category-atamalar"],"_links":{"self":[{"href":"https:\/\/www.mallandmotto.com\/index.php\/wp-json\/wp\/v2\/posts\/808","targetHints":{"allow":["GET"]}}],"collection":[{"href":"https:\/\/www.mallandmotto.com\/index.php\/wp-json\/wp\/v2\/posts"}],"about":[{"href":"https:\/\/www.mallandmotto.com\/index.php\/wp-json\/wp\/v2\/types\/post"}],"author":[{"embeddable":true,"href":"https:\/\/www.mallandmotto.com\/index.php\/wp-json\/wp\/v2\/users\/6"}],"replies":[{"embeddable":true,"href":"https:\/\/www.mallandmotto.com\/index.php\/wp-json\/wp\/v2\/comments?post=808"}],"version-history":[{"count":1,"href":"https:\/\/www.mallandmotto.com\/index.php\/wp-json\/wp\/v2\/posts\/808\/revisions"}],"predecessor-version":[{"id":810,"href":"https:\/\/www.mallandmotto.com\/index.php\/wp-json\/wp\/v2\/posts\/808\/revisions\/810"}],"wp:featuredmedia":[{"embeddable":true,"href":"https:\/\/www.mallandmotto.com\/index.php\/wp-json\/wp\/v2\/media\/809"}],"wp:attachment":[{"href":"https:\/\/www.mallandmotto.com\/index.php\/wp-json\/wp\/v2\/media?parent=808"}],"wp:term":[{"taxonomy":"category","embeddable":true,"href":"https:\/\/www.mallandmotto.com\/index.php\/wp-json\/wp\/v2\/categories?post=808"},{"taxonomy":"post_tag","embeddable":true,"href":"https:\/\/www.mallandmotto.com\/index.php\/wp-json\/wp\/v2\/tags?post=808"}],"curies":[{"name":"wp","href":"https:\/\/api.w.org\/{rel}","templated":true}]}}