{"id":8200,"date":"2026-01-09T08:32:02","date_gmt":"2026-01-09T08:32:02","guid":{"rendered":"https:\/\/www.mallandmotto.com\/?p=8200"},"modified":"2026-01-09T08:32:02","modified_gmt":"2026-01-09T08:32:02","slug":"turk-reasuransta-yeni-atama","status":"publish","type":"post","link":"https:\/\/www.mallandmotto.com\/index.php\/2026\/01\/09\/turk-reasuransta-yeni-atama\/","title":{"rendered":"T\u00fcrk Reas\u00fcrans\u2019ta Yeni Atama"},"content":{"rendered":"\n<h3 class=\"wp-block-heading\">Reas\u00fcrans ve sigortac\u0131l\u0131k alan\u0131nda 15 y\u0131l\u0131 a\u015fk\u0131n deneyimi bulunan Veli Utku Bay, Aral\u0131k 2025 itibar\u0131yla T\u00fcrk Reas\u00fcrans\u2019ta Reas\u00fcrans Kabullerinden Sorumlu Genel M\u00fcd\u00fcr Yard\u0131mc\u0131s\u0131 olarak g\u00f6reve ba\u015flad\u0131. Bay, yeni rol\u00fcnde \u015firketin teknik kapasitesini g\u00fc\u00e7lendirmeye ve s\u00fcrd\u00fcr\u00fclebilir b\u00fcy\u00fcme hedeflerine katk\u0131 sunmay\u0131 s\u00fcrd\u00fcrecek.<\/h3>\n\n\n\n<p>Reas\u00fcrans ve sigortac\u0131l\u0131k alan\u0131nda 15 y\u0131l\u0131 a\u015fk\u0131n deneyime sahip Veli Utku Bay, Aral\u0131k 2025 itibar\u0131yla T\u00fcrk Reas\u00fcrans,&nbsp;Reas\u00fcrans Kabullerinden Sorumlu<strong>&nbsp;<\/strong>Genel M\u00fcd\u00fcr Yard\u0131mc\u0131s\u0131 olarak atand\u0131. Bay, yeni g\u00f6revinde \u015firketin teknik kapasitesinin g\u00fc\u00e7lendirilmesi ile k\u00e2rl\u0131 ve s\u00fcrd\u00fcr\u00fclebilir b\u00fcy\u00fcme hedeflerine katk\u0131 sa\u011flamay\u0131 s\u00fcrd\u00fcrecek.&nbsp;<\/p>\n\n\n\n<p>E\u011fitim hayat\u0131na Y\u0131ld\u0131z Teknik \u00dcniversitesi \u0130n\u015faat M\u00fchendisli\u011fi Lisans Program\u0131\u2019nda ba\u015flayan Bay, sigortac\u0131l\u0131k alan\u0131ndaki mesleki e\u011fitimini Chartered Insurance Institute (CII) \u2013 Londra b\u00fcnyesinde Cert CII seviyesinde tamamlad\u0131. Meslek hayat\u0131 s\u00fcresince uluslararas\u0131 reas\u00fcrans kurulu\u015flar\u0131 taraf\u0131ndan d\u00fczenlenen \u00e7ok say\u0131da teknik e\u011fitim ve seminere kat\u0131ld\u0131.&nbsp;<\/p>\n\n\n\n<p>Kariyeri boyunca Chubb European Group SE, Dubai Starr Sigorta A.\u015e. ve Generali Sigorta A.\u015e. b\u00fcnyesinde yang\u0131n ve m\u00fchendislik sigortalar\u0131 underwritingi \u00fczerine farkl\u0131 sorumluluklar \u00fcstlenen Bay, 2020 y\u0131l\u0131nda \u0130htiyari Reas\u00fcrans B\u00f6l\u00fcm\u00fc M\u00fcd\u00fcr\u00fc olarak T\u00fcrk Reas\u00fcrans A.\u015e.\u2019ye kat\u0131ld\u0131. Atamas\u0131ndan \u00f6nce Yurt \u0130\u00e7i Teknik Grup M\u00fcd\u00fcr\u00fc olarak; \u015firketin yurt i\u00e7i trete kabulleri ile yang\u0131n, m\u00fchendislik ve sorumluluk ihtiyari reas\u00fcrans kabullerinin y\u00f6netimine liderlik etmekteydi.<\/p>\n\n\n\n<p>Reas\u00fcrans, trete ve ihtiyari underwriting ile risk y\u00f6netimi alanlar\u0131nda uzun y\u0131llara dayanan deneyime sahip olan Veli Utku Bay, \u00f6zellikle b\u00fcy\u00fck \u00f6l\u00e7ekli yang\u0131n, m\u00fchendislik ve enerji riskleri konular\u0131ndaki uzmanl\u0131\u011f\u0131yla \u00f6ne \u00e7\u0131k\u0131yor.&nbsp;<\/p>\n","protected":false},"excerpt":{"rendered":"<p>Reas\u00fcrans ve sigortac\u0131l\u0131k alan\u0131nda 15 y\u0131l\u0131 a\u015fk\u0131n deneyimi bulunan Veli Utku Bay, Aral\u0131k 2025 itibar\u0131yla T\u00fcrk Reas\u00fcrans\u2019ta Reas\u00fcrans Kabullerinden Sorumlu Genel M\u00fcd\u00fcr Yard\u0131mc\u0131s\u0131 olarak g\u00f6reve&hellip;<\/p>\n","protected":false},"author":6,"featured_media":8201,"comment_status":"open","ping_status":"open","sticky":false,"template":"","format":"standard","meta":{"footnotes":""},"categories":[18],"tags":[],"class_list":["post-8200","post","type-post","status-publish","format-standard","has-post-thumbnail","hentry","category-atamalar"],"_links":{"self":[{"href":"https:\/\/www.mallandmotto.com\/index.php\/wp-json\/wp\/v2\/posts\/8200","targetHints":{"allow":["GET"]}}],"collection":[{"href":"https:\/\/www.mallandmotto.com\/index.php\/wp-json\/wp\/v2\/posts"}],"about":[{"href":"https:\/\/www.mallandmotto.com\/index.php\/wp-json\/wp\/v2\/types\/post"}],"author":[{"embeddable":true,"href":"https:\/\/www.mallandmotto.com\/index.php\/wp-json\/wp\/v2\/users\/6"}],"replies":[{"embeddable":true,"href":"https:\/\/www.mallandmotto.com\/index.php\/wp-json\/wp\/v2\/comments?post=8200"}],"version-history":[{"count":1,"href":"https:\/\/www.mallandmotto.com\/index.php\/wp-json\/wp\/v2\/posts\/8200\/revisions"}],"predecessor-version":[{"id":8202,"href":"https:\/\/www.mallandmotto.com\/index.php\/wp-json\/wp\/v2\/posts\/8200\/revisions\/8202"}],"wp:featuredmedia":[{"embeddable":true,"href":"https:\/\/www.mallandmotto.com\/index.php\/wp-json\/wp\/v2\/media\/8201"}],"wp:attachment":[{"href":"https:\/\/www.mallandmotto.com\/index.php\/wp-json\/wp\/v2\/media?parent=8200"}],"wp:term":[{"taxonomy":"category","embeddable":true,"href":"https:\/\/www.mallandmotto.com\/index.php\/wp-json\/wp\/v2\/categories?post=8200"},{"taxonomy":"post_tag","embeddable":true,"href":"https:\/\/www.mallandmotto.com\/index.php\/wp-json\/wp\/v2\/tags?post=8200"}],"curies":[{"name":"wp","href":"https:\/\/api.w.org\/{rel}","templated":true}]}}