{"id":8226,"date":"2026-01-09T08:56:38","date_gmt":"2026-01-09T08:56:38","guid":{"rendered":"https:\/\/www.mallandmotto.com\/?p=8226"},"modified":"2026-01-09T08:56:38","modified_gmt":"2026-01-09T08:56:38","slug":"bambi-yatak-2025-yilini-yuzde-28-buyumeyle-kapatti","status":"publish","type":"post","link":"https:\/\/www.mallandmotto.com\/index.php\/2026\/01\/09\/bambi-yatak-2025-yilini-yuzde-28-buyumeyle-kapatti\/","title":{"rendered":"Bambi Yatak, 2025 y\u0131l\u0131n\u0131 y\u00fczde 28 b\u00fcy\u00fcmeyle kapatt\u0131"},"content":{"rendered":"\n<h3 class=\"wp-block-heading\"><strong>Uykuyu sanata d\u00f6n\u00fc\u015ft\u00fcren \u00e7\u00f6z\u00fcmleriyle T\u00fcrkiye yatak sekt\u00f6r\u00fcnde fark yaratan Bambi Yatak, 2017 y\u0131l\u0131ndan bu yana s\u00fcrd\u00fcrd\u00fc\u011f\u00fc istikrarl\u0131 b\u00fcy\u00fcme trendini 2025 y\u0131l\u0131nda da devam ettirdi. Marka, 2025 y\u0131l\u0131n\u0131 y\u00fczde 28 b\u00fcy\u00fcme ile tamamlarken, 2026 y\u0131l\u0131 i\u00e7in b\u00fcy\u00fcme hedefini y\u00fczde 40 olarak belirledi. \u0130zmir\u2019in Torbal\u0131 il\u00e7esinde yer alan \u00fcretim tesisini 110 bin metrekareye \u00e7\u0131karan Bambi Yatak; g\u00fcnl\u00fck 1.300 adet yatak, 800 adet baza ve 500 adet ba\u015fl\u0131k \u00fcretim kapasitesine ula\u015ft\u0131. Yurt i\u00e7i ve yurt d\u0131\u015f\u0131ndaki toplam sat\u0131\u015f noktas\u0131 say\u0131s\u0131n\u0131 770\u2019e y\u00fckselten marka, \u0130SO \u0130kinci 500 Listesi\u2019nde 101\u2019inci s\u0131raya yerle\u015ferek sekt\u00f6rdeki y\u00fckseli\u015fini s\u00fcrd\u00fcrd\u00fc.<\/strong><\/h3>\n\n\n\n<p>Kuruldu\u011fu g\u00fcnden bu yana her bir \u00fcr\u00fcn\u00fcn\u00fc insan sa\u011fl\u0131\u011f\u0131, huzuru ve mutlulu\u011fu oda\u011f\u0131nda geli\u015ftiren&nbsp;<strong>Bambi Yatak<\/strong>; yeni \u00fcr\u00fcn lansmanlar\u0131, ma\u011fazala\u015fma yat\u0131r\u0131mlar\u0131 ve hayata ge\u00e7irdi\u011fi projelerle 2025 y\u0131l\u0131nda da b\u00fcy\u00fcmesini s\u00fcrd\u00fcrd\u00fc. Yenilik\u00e7i makine parkuru ve modern \u00fcretim altyap\u0131s\u0131yla kapasitesini art\u0131ran marka, y\u0131l\u0131 g\u00fc\u00e7l\u00fc bir performansla tamamlad\u0131.<\/p>\n\n\n\n<p><strong>Yatak art\u0131k s\u0131radan bir ev \u00fcr\u00fcn\u00fc olmaktan daha fazlas\u0131<\/strong><\/p>\n\n\n\n<p><strong>Bambi Yatak Genel M\u00fcd\u00fcr\u00fc Cem Ba\u015f<\/strong>, sekt\u00f6r dinamiklerine ili\u015fkin de\u011ferlendirmesinde \u015funlar\u0131 s\u00f6yledi: \u201cK\u00fcresel ekonomide ya\u015fanan dalgalanmalara ra\u011fmen uyku sekt\u00f6r\u00fc b\u00fcy\u00fcmeye devam ediyor. 2025 y\u0131l\u0131 itibar\u0131yla d\u00fcnya yatak pazar\u0131 yakla\u015f\u0131k 53 milyar dolara, T\u00fcrkiye pazar\u0131 ise 420 milyon dolar hacme ula\u015ft\u0131. T\u00fcrkiye; 86 milyona yakla\u015fan n\u00fcfusu ve 26,5 milyon hanesiyle b\u00f6lgenin en b\u00fcy\u00fck yatak t\u00fcketim pazarlar\u0131ndan biri konumunda. Her y\u0131l yakla\u015f\u0131k 568 bin \u00e7iftin evlenmesi ve 1,5 milyon konut sat\u0131\u015f\u0131 ger\u00e7ekle\u015fmesi, yatak kategorisinin konut sat\u0131\u015flar\u0131yla paralel b\u00fcy\u00fcyen, s\u00fcrekli ve g\u00fc\u00e7l\u00fc bir talep yaratt\u0131\u011f\u0131n\u0131 ortaya koyuyor. T\u00fcketici art\u0131k do\u011fal malzeme kullan\u0131m\u0131, kan\u0131tlanm\u0131\u015f konfor ve g\u00fcven veren markalar\u0131 tercih ediyor. Biz de bu de\u011fi\u015fen beklentilere yan\u0131t verebilmek i\u00e7in \u00fcretim altyap\u0131m\u0131z\u0131 s\u00fcrekli olarak yeniliyoruz.\u201d<\/p>\n\n\n\n<p><strong>12 y\u0131l paket yay garantisiyle sekt\u00f6rde fark yarat\u0131yor&nbsp;<\/strong><\/p>\n\n\n\n<p>\u00dcretim ve hizmet kalitesini art\u0131rmaya y\u00f6nelik yat\u0131r\u0131mlar\u0131n s\u00fcrd\u00fc\u011f\u00fcn\u00fc belirten Cem Ba\u015f, \u015fu bilgileri payla\u015ft\u0131: \u201cTorbal\u0131\u2019daki fabrikam\u0131z\u0131 110 bin metrekareye \u00e7\u0131kard\u0131k. Robotik hatlar, yapay zeka destekli kontrol sistemleri ve modern makine parkurlar\u0131m\u0131z sayesinde her m\u00fc\u015fterimize ayn\u0131 kaliteyi ve ayn\u0131 g\u00fcveni sunuyoruz. 2025 y\u0131l\u0131 itibar\u0131yla paket yayl\u0131 yatak modellerimizin yay aksam\u0131 i\u00e7in 12 y\u0131l garanti uygulamas\u0131n\u0131 hayata ge\u00e7irdik. Bu garanti; \u00fcr\u00fcnlerimizin kalitesine ve dayan\u0131kl\u0131l\u0131\u011f\u0131na duydu\u011fumuz g\u00fcvenin g\u00fc\u00e7l\u00fc bir g\u00f6stergesi olmas\u0131n\u0131n yan\u0131 s\u0131ra, markam\u0131z\u0131n standartlar\u0131n\u0131n her ge\u00e7en g\u00fcn daha da y\u00fckseldi\u011finin somut bir kan\u0131t\u0131 niteli\u011finde.\u201d<\/p>\n\n\n\n<p><strong>Yurt i\u00e7i ve yurt d\u0131\u015f\u0131nda g\u00fc\u00e7l\u00fc ma\u011faza a\u011f\u0131&nbsp;<\/strong><\/p>\n\n\n\n<p>Ma\u011fazaya gelen her m\u00fc\u015fterinin kar\u015f\u0131s\u0131nda yaln\u0131zca bir \u00fcr\u00fcn de\u011fil, b\u00fct\u00fcnl\u00fckl\u00fc bir ya\u015fam alan\u0131 g\u00f6rmek istedi\u011fini vurgulayan Ba\u015f, sat\u0131\u015f ve ma\u011fazala\u015fma stratejilerine ili\u015fkin \u015fu de\u011ferlendirmelerde bulundu: \u201c\u00dcr\u00fcnlerimizi do\u011fru deneyimle m\u00fc\u015fterilerle bulu\u015fturmak i\u00e7in ma\u011fazala\u015fmay\u0131 stratejik bir \u00f6ncelik olarak g\u00f6r\u00fcyoruz. Bu do\u011frultuda 2025 y\u0131l\u0131 itibar\u0131yla yurt i\u00e7i ve yurt d\u0131\u015f\u0131ndaki toplam sat\u0131\u015f noktas\u0131 say\u0131m\u0131z\u0131 770\u2019e \u00e7\u0131kard\u0131k. Bununla birlikte, marka standartlar\u0131m\u0131z\u0131n her noktada ayn\u0131 \u015fekilde uygulanmas\u0131n\u0131 sa\u011flamak amac\u0131yla ma\u011faza denetim uygulamas\u0131n\u0131 da hayata ge\u00e7irdik. Ba\u015flatt\u0131\u011f\u0131m\u0131z bu denetim s\u00fcreciyle; ma\u011faza i\u00e7i g\u00f6rsel d\u00fczen, \u00fcr\u00fcn te\u015fhiri, hizmet kalitesi ve marka deneyimini b\u00fct\u00fcnc\u00fcl bir bak\u0131\u015f a\u00e7\u0131s\u0131yla ele al\u0131yoruz. Amac\u0131m\u0131z; saha yap\u0131m\u0131z\u0131 g\u00fc\u00e7lendirmek, ekiplerimizi desteklemek ve her sat\u0131\u015f noktas\u0131nda kurumsal, tutarl\u0131 ve g\u00fcven veren bir marka duru\u015fu sa\u011flamak.\u201d<\/p>\n\n\n\n<p><strong>Uluslararas\u0131 pazarlarda b\u00fcy\u00fcme hedefi&nbsp;<\/strong><\/p>\n\n\n\n<p>Yurt d\u0131\u015f\u0131 yap\u0131lanmas\u0131na ili\u015fkin \u00e7al\u0131\u015fmalar\u0131n da devam etti\u011fini belirten Ba\u015f, \u201cYurt d\u0131\u015f\u0131nda 260 adet sat\u0131\u015f noktam\u0131z bulunuyor. Bu noktalar a\u011f\u0131rl\u0131kl\u0131 olarak shop-in-shop modeliyle faaliyet g\u00f6steriyor. Farkl\u0131 \u00fclkelerde ise toplam 15 adet konsept ma\u011fazam\u0131z hizmet veriyor. 2026 y\u0131l\u0131n\u0131n sonuna kadar yurt d\u0131\u015f\u0131nda 25 yeni sat\u0131\u015f noktas\u0131 a\u00e7may\u0131 hedefliyoruz. Yeni ma\u011faza yat\u0131r\u0131mlar\u0131nda \u00f6nceli\u011fimiz Avrupa pazar\u0131. \u00d6zellikle Almanya ve Balkanlar ba\u015fta olmak \u00fczere bir\u00e7ok Avrupa \u00fclkesinde b\u00fcy\u00fcme plan\u0131m\u0131z bulunuyor. Avrupa, markam\u0131z\u0131n en g\u00fc\u00e7l\u00fc pazar\u0131 konumundayken; Amerika Birle\u015fik Devletleri, T\u00fcrki Cumhuriyetler ve Orta Do\u011fu da b\u00fcy\u00fcme potansiyeli ta\u015f\u0131yan stratejik pazarlar aras\u0131nda yer al\u0131yor.\u201d ifadelerini kulland\u0131.<\/p>\n","protected":false},"excerpt":{"rendered":"<p>Uykuyu sanata d\u00f6n\u00fc\u015ft\u00fcren \u00e7\u00f6z\u00fcmleriyle T\u00fcrkiye yatak sekt\u00f6r\u00fcnde fark yaratan Bambi Yatak, 2017 y\u0131l\u0131ndan bu yana s\u00fcrd\u00fcrd\u00fc\u011f\u00fc istikrarl\u0131 b\u00fcy\u00fcme trendini 2025 y\u0131l\u0131nda da devam ettirdi. Marka,&hellip;<\/p>\n","protected":false},"author":6,"featured_media":8227,"comment_status":"open","ping_status":"open","sticky":false,"template":"","format":"standard","meta":{"footnotes":""},"categories":[12],"tags":[],"class_list":["post-8226","post","type-post","status-publish","format-standard","has-post-thumbnail","hentry","category-perakende"],"_links":{"self":[{"href":"https:\/\/www.mallandmotto.com\/index.php\/wp-json\/wp\/v2\/posts\/8226","targetHints":{"allow":["GET"]}}],"collection":[{"href":"https:\/\/www.mallandmotto.com\/index.php\/wp-json\/wp\/v2\/posts"}],"about":[{"href":"https:\/\/www.mallandmotto.com\/index.php\/wp-json\/wp\/v2\/types\/post"}],"author":[{"embeddable":true,"href":"https:\/\/www.mallandmotto.com\/index.php\/wp-json\/wp\/v2\/users\/6"}],"replies":[{"embeddable":true,"href":"https:\/\/www.mallandmotto.com\/index.php\/wp-json\/wp\/v2\/comments?post=8226"}],"version-history":[{"count":1,"href":"https:\/\/www.mallandmotto.com\/index.php\/wp-json\/wp\/v2\/posts\/8226\/revisions"}],"predecessor-version":[{"id":8228,"href":"https:\/\/www.mallandmotto.com\/index.php\/wp-json\/wp\/v2\/posts\/8226\/revisions\/8228"}],"wp:featuredmedia":[{"embeddable":true,"href":"https:\/\/www.mallandmotto.com\/index.php\/wp-json\/wp\/v2\/media\/8227"}],"wp:attachment":[{"href":"https:\/\/www.mallandmotto.com\/index.php\/wp-json\/wp\/v2\/media?parent=8226"}],"wp:term":[{"taxonomy":"category","embeddable":true,"href":"https:\/\/www.mallandmotto.com\/index.php\/wp-json\/wp\/v2\/categories?post=8226"},{"taxonomy":"post_tag","embeddable":true,"href":"https:\/\/www.mallandmotto.com\/index.php\/wp-json\/wp\/v2\/tags?post=8226"}],"curies":[{"name":"wp","href":"https:\/\/api.w.org\/{rel}","templated":true}]}}