{"id":8249,"date":"2026-01-09T10:13:25","date_gmt":"2026-01-09T10:13:25","guid":{"rendered":"https:\/\/www.mallandmotto.com\/?p=8249"},"modified":"2026-01-09T10:13:26","modified_gmt":"2026-01-09T10:13:26","slug":"boreas-teknoloji-genel-mudurlugune-selcuk-senturk-atandi","status":"publish","type":"post","link":"https:\/\/www.mallandmotto.com\/index.php\/2026\/01\/09\/boreas-teknoloji-genel-mudurlugune-selcuk-senturk-atandi\/","title":{"rendered":"Boreas Teknoloji Genel M\u00fcd\u00fcrl\u00fc\u011f\u00fcne Sel\u00e7uk \u015eent\u00fcrk Atand\u0131"},"content":{"rendered":"\n<h3 class=\"wp-block-heading\">Uluslararas\u0131 alanda b\u00fcy\u00fcmesini s\u00fcrd\u00fcren A\u00e7\u0131k Holding \u00e7at\u0131s\u0131 alt\u0131nda yer alan Boreas Teknoloji, k\u00fcresel b\u00fcy\u00fcme vizyonu do\u011frultusunda y\u00f6netim kadrosunu g\u00fc\u00e7lendirdi. Holding b\u00fcnyesinde uzun y\u0131llard\u0131r \u00f6nemli sorumluluklar \u00fcstlenen Sel\u00e7uk \u015eent\u00fcrk, 1 Ocak 2026 itibar\u0131yla Boreas Teknoloji Genel M\u00fcd\u00fcr\u00fc olarak g\u00f6reve ba\u015flad\u0131.<\/h3>\n\n\n\n<p>Sel\u00e7uk \u015eent\u00fcrk, A\u00e7\u0131k Holding\u2019in havac\u0131l\u0131k ve savunma sanayii sekt\u00f6r\u00fcndeki \u00f6nemli \u015firketlerinden CES \u0130leri Kompozit\u2019te 6 y\u0131l\u0131 a\u015fk\u0131n s\u00fcredir y\u00fcr\u00fctt\u00fc\u011f\u00fc Genel M\u00fcd\u00fcrl\u00fck s\u00fcresince \u015firketin yeniden yap\u0131lanmas\u0131, yurt i\u00e7i ve yurt d\u0131\u015f\u0131 pazar\u0131nda b\u00fcy\u00fcmesi, operasyonel verimlili\u011fin art\u0131r\u0131lmas\u0131 ve kurumsalla\u015fma \u00e7al\u0131\u015fmalar\u0131na \u00f6nemli katk\u0131lar sa\u011flam\u0131\u015ft\u0131r.<\/p>\n\n\n\n<p>Son 2 y\u0131ld\u0131r Boreas Teknoloji\u2019de e\u015f zamanl\u0131 Y\u00f6netim Kurulu \u00dcyeli\u011fi\u2019nde bulunan \u015eent\u00fcrk, \u015firketi veri merkezi alan\u0131nda u\u00e7tan uca \u00e7\u00f6z\u00fcmler sunan bir \u00e7at\u0131 \u015firket konumunda daha da g\u00fc\u00e7lendirmek i\u00e7in ekiplere liderlik edecek. Boreas Teknoloji y\u00fcksek m\u00fchendislik standartlar\u0131yla geli\u015ftirdi\u011fi veri merkezi \u00e7\u00f6z\u00fcmleriyle uluslararas\u0131 pazarlarda b\u00fcy\u00fcmesini s\u00fcrd\u00fcr\u00fcrken; bu yeni d\u00f6nemde t\u00fcm yetkinliklerini tek bir stratejik vizyon alt\u0131nda konumland\u0131rarak global \u00f6l\u00e7ekte rekabet g\u00fcc\u00fcn\u00fc kal\u0131c\u0131 \u015fekilde art\u0131rmay\u0131 ama\u00e7l\u0131yor.&nbsp;<\/p>\n\n\n\n<p>Sel\u00e7uk \u015eent\u00fcrk\u2019\u00fcn Boreas Teknoloji Genel M\u00fcd\u00fcr\u00fc g\u00f6revine atanmas\u0131, A\u00e7\u0131k Holding\u2019in \u015firketler aras\u0131 bilgi birikimini yayg\u0131nla\u015ft\u0131rmak, y\u00fcksek performans k\u00fclt\u00fcr\u00fcn\u00fc desteklemek ve liderlik geli\u015fimini h\u0131zland\u0131rmak amac\u0131yla kendi b\u00fcnyesinde yeti\u015fen yetenekleri kritik liderlik rollerine ta\u015f\u0131yan vizyonunu yans\u0131t\u0131yor.&nbsp;<\/p>\n","protected":false},"excerpt":{"rendered":"<p>Uluslararas\u0131 alanda b\u00fcy\u00fcmesini s\u00fcrd\u00fcren A\u00e7\u0131k Holding \u00e7at\u0131s\u0131 alt\u0131nda yer alan Boreas Teknoloji, k\u00fcresel b\u00fcy\u00fcme vizyonu do\u011frultusunda y\u00f6netim kadrosunu g\u00fc\u00e7lendirdi. Holding b\u00fcnyesinde uzun y\u0131llard\u0131r \u00f6nemli sorumluluklar&hellip;<\/p>\n","protected":false},"author":6,"featured_media":8250,"comment_status":"open","ping_status":"open","sticky":false,"template":"","format":"standard","meta":{"footnotes":""},"categories":[18],"tags":[],"class_list":["post-8249","post","type-post","status-publish","format-standard","has-post-thumbnail","hentry","category-atamalar"],"_links":{"self":[{"href":"https:\/\/www.mallandmotto.com\/index.php\/wp-json\/wp\/v2\/posts\/8249","targetHints":{"allow":["GET"]}}],"collection":[{"href":"https:\/\/www.mallandmotto.com\/index.php\/wp-json\/wp\/v2\/posts"}],"about":[{"href":"https:\/\/www.mallandmotto.com\/index.php\/wp-json\/wp\/v2\/types\/post"}],"author":[{"embeddable":true,"href":"https:\/\/www.mallandmotto.com\/index.php\/wp-json\/wp\/v2\/users\/6"}],"replies":[{"embeddable":true,"href":"https:\/\/www.mallandmotto.com\/index.php\/wp-json\/wp\/v2\/comments?post=8249"}],"version-history":[{"count":1,"href":"https:\/\/www.mallandmotto.com\/index.php\/wp-json\/wp\/v2\/posts\/8249\/revisions"}],"predecessor-version":[{"id":8251,"href":"https:\/\/www.mallandmotto.com\/index.php\/wp-json\/wp\/v2\/posts\/8249\/revisions\/8251"}],"wp:featuredmedia":[{"embeddable":true,"href":"https:\/\/www.mallandmotto.com\/index.php\/wp-json\/wp\/v2\/media\/8250"}],"wp:attachment":[{"href":"https:\/\/www.mallandmotto.com\/index.php\/wp-json\/wp\/v2\/media?parent=8249"}],"wp:term":[{"taxonomy":"category","embeddable":true,"href":"https:\/\/www.mallandmotto.com\/index.php\/wp-json\/wp\/v2\/categories?post=8249"},{"taxonomy":"post_tag","embeddable":true,"href":"https:\/\/www.mallandmotto.com\/index.php\/wp-json\/wp\/v2\/tags?post=8249"}],"curies":[{"name":"wp","href":"https:\/\/api.w.org\/{rel}","templated":true}]}}