{"id":8339,"date":"2026-01-19T12:17:57","date_gmt":"2026-01-19T12:17:57","guid":{"rendered":"https:\/\/www.mallandmotto.com\/?p=8339"},"modified":"2026-01-19T12:17:57","modified_gmt":"2026-01-19T12:17:57","slug":"galataport-istanbul-somestirde-cocuklara-sanat-yaraticilik-ve-lezzet-dolu-atolyeler-sunuyor","status":"publish","type":"post","link":"https:\/\/www.mallandmotto.com\/index.php\/2026\/01\/19\/galataport-istanbul-somestirde-cocuklara-sanat-yaraticilik-ve-lezzet-dolu-atolyeler-sunuyor\/","title":{"rendered":"Galataport \u0130stanbul S\u00f6mestirde \u00c7ocuklara Sanat, Yarat\u0131c\u0131l\u0131k Ve Lezzet Dolu At\u00f6lyeler Sunuyor"},"content":{"rendered":"\n<h3 class=\"wp-block-heading\"><strong><em>Galataport \u0130stanbul, \u00e7ocuklar i\u00e7in tasarlad\u0131\u011f\u0131 etkinlik takvimiyle s\u00f6mestir tatiline\u00a0renk kat\u0131yor. Sanat ve gastronomi temal\u0131 at\u00f6lyelerin yer ald\u0131\u011f\u0131 geni\u015f aktivite program\u0131; 17 Ocak-1 \u015eubat tarihleri aras\u0131nda farkl\u0131 ya\u015f aral\u0131\u011f\u0131ndaki \u00e7ocuklar\u0131 yarat\u0131c\u0131l\u0131klar\u0131n\u0131 ke\u015ffetmeye, ilham almaya ve yeni beceriler kazanmaya davet ediyor.<\/em><\/strong><\/h3>\n\n\n\n<p>Galataport \u0130stanbul, yar\u0131y\u0131l tatili boyunca yarat\u0131c\u0131l\u0131k ve el becerilerini destekleyecek at\u00f6lye ve aktivitelere ev sahipli\u011fi yap\u0131yor. Farkl\u0131 disiplinleri bir araya getiren geni\u015f program kapsam\u0131nda \u00e7ocuklar, sanat\u0131n farkl\u0131 dallar\u0131nda ve gastronomi alan\u0131nda \u00fcretmenin keyfine varacak.<\/p>\n\n\n\n<p><strong>Ta\u015f Ka\u011f\u0131t Makas<\/strong>&nbsp;<strong>At\u00f6lyeleri<\/strong>; resim, seramik ve geri d\u00f6n\u00fc\u015f\u00fcm konseptli \u00e7al\u0131\u015fmalarla 4-10 ya\u015f aral\u0131\u011f\u0131ndaki \u00e7ocuklar\u0131n hayal g\u00fcc\u00fcn\u00fc harekete ge\u00e7irecek. \u201cBir Ressam\u0131n \u0130zinde \u00c7er\u00e7eve Tasar\u0131m\u0131\u201d etkinli\u011finde, Picasso\u2019nun k\u00fcbizm ak\u0131m\u0131ndan ilham al\u0131narak \u00fc\u00e7 boyutlu ah\u015fap \u00e7er\u00e7eveler olu\u015fturulacak. \u201cSeramik Modelleme\u201d aktivitesinde seramik hamurundan k\u00fc\u00e7\u00fck aksesuarlar, \u201cAt\u0131k Ka\u011f\u0131tlardan Tohumlu Obje Yap\u0131m\u0131\u201d faaliyetinde geri d\u00f6n\u00fc\u015f\u00fcm ka\u011f\u0131tlar\u0131 ve renkli tohumlarla \u00f6zel ka\u011f\u0131t ve objeler yarat\u0131larak hem do\u011faya \u00f6zg\u00fc \u00f6gelerin tan\u0131nmas\u0131 hem de kreatif yanlar\u0131n konu\u015fturulmas\u0131 sa\u011flanacak. \u201cK\u0131\u015f Temal\u0131 Aranjman\u201d at\u00f6lyesinde fig\u00fcrler ve farkl\u0131 materyallerle masal gibi k\u0131\u015f aranjmanlar\u0131 haz\u0131rlan\u0131rken, \u201cK\u0131\u015f Temal\u0131 Banner Tasar\u0131m\u0131\u201d etkinli\u011finde mevsimsel fig\u00fcrler ve e\u011flenceli bask\u0131 teknikleri renkli ve ne\u015feli banner\u2019lara hayat verecek.<\/p>\n\n\n\n<p>5-12 ya\u015f grubu,<strong>&nbsp;Kahve D\u00fcnyas\u0131 \u00c7ikolata At\u00f6lyesi<\/strong>\u2019nde<strong>&nbsp;<\/strong>\u00e7ikolatan\u0131n hikayesinin anlat\u0131m\u0131 e\u015fli\u011finde markan\u0131n en sevilen tatlar\u0131yla tan\u0131\u015facak.&nbsp;<strong>Mezzaluna Pizza At\u00f6lyesi<\/strong>ise 6-12 ya\u015f aral\u0131\u011f\u0131ndaki \u00e7ocuklar\u0131 mutfa\u011f\u0131n e\u011flenceli d\u00fcnyas\u0131nda yarat\u0131c\u0131 bir yolculu\u011fa \u00e7\u0131karacak. \u015eeflerinden esinlenen \u00e7ocuklar, hayallerindeki pizzay\u0131 elleriyle haz\u0131rlaman\u0131n mutlulu\u011funu ya\u015fayacak.<\/p>\n\n\n\n<p><strong>\u0130stanbul Modern<\/strong>\u2019in \u00e7ocuklara k\u00fclt\u00fcrel ve sanatsal bir bak\u0131\u015f a\u00e7\u0131s\u0131 kazand\u0131rmak \u00fczere haz\u0131rlad\u0131\u011f\u0131 kapsaml\u0131 etkinlik serisi de 19 Ocak\u2019tan 30 Ocak\u2019a kadar 7-10 ya\u015f aral\u0131\u011f\u0131ndaki \u00e7ocuklara sanat\u0131n farkl\u0131 ifade bi\u00e7imlerini ke\u015ffetme, \u00fcretim ve yorumlama becerilerini geli\u015ftirme f\u0131rsat\u0131 sunacak. \u201cMikro Formlarla Sanat\u201d, \u201cHaz\u0131r Nesne ile Heykel\u201d, \u201cDuvarlar\u0131n Resmi\u201d, \u201cSoyut ve Soyutlama\u201d, \u201cKentin Kolajlar\u0131\u201d, \u201cLekeler ve \u00c7izgiler\u201d, \u201cBenim Manzaram\u201d, \u201c\u0130mgelerle Otoportreler\u201d, \u201cLirik mi Geometrik mi?\u201d ve \u201cModern Fig\u00fcratif Resimler\u201d ba\u015fl\u0131klar\u0131 alt\u0131nda ger\u00e7ekle\u015fecek at\u00f6lyeler, sanatsever \u00e7ocuklar\u0131 \u00e7ok y\u00f6nl\u00fc bir ke\u015fif maceras\u0131na davet edecek.<\/p>\n\n\n\n<p><strong>\u0130stanbul Resim ve Heykel M\u00fczesi<\/strong>\u2019nin \u201cBir An, Bir Hikaye\u201d Resim At\u00f6lyesi; resmi tek bir an \u00fczerinden g\u00f6rsel anlat\u0131 ve hikaye kurma, ifade arac\u0131 olarak ele alacak. \u201cBir An, Bir Form\u201d Heykel At\u00f6lyesi\u2019nde \u00e7ocuklar; heykeli \u201cbir \u015feye benzetmek\u201d i\u00e7in de\u011fil, elleriyle bir an ve duyguyu anlatmak i\u00e7in kullanacak.<\/p>\n\n\n\n<p>5 ya\u015f \u00fczeri i\u00e7in tasarlanm\u0131\u015f&nbsp;<strong>Masterpiece At\u00f6lyeleri<\/strong>\u2019nin 31 Ocak ve 1 \u015eubat\u2019ta hayata ge\u00e7irece\u011fi bilim, sanat ve \u00fcretim temal\u0131 at\u00f6lyeler, \u00e7ocuklara e\u011flenceli bir atmosferde yeni beceriler edinme olana\u011f\u0131 tan\u0131yacak. \u201cE\u011flenceli Bilim At\u00f6lyesi\u201d, \u201cHeykel At\u00f6lyesi\u201d, \u201cKurabiye S\u00fcsleme\u201d ve \u201cResim At\u00f6lyesi\u201d adl\u0131 \u00e7al\u0131\u015fmalar, merak duygusu, el becerisi ve yarat\u0131c\u0131l\u0131\u011f\u0131 destekleyecek.<\/p>\n\n\n\n<p><strong>Do\u011fu\u015f Otomotiv Plus<\/strong>\u2019\u0131n ailelerin de e\u015flik edebilece\u011fi \u201cBardak Boyama \u00c7ocuk At\u00f6lyesi\u201d, 7 ya\u015f\u0131n \u00fczerindeki misafirlere&nbsp;bardaklar\u0131n\u0131 boyayarak&nbsp;yarat\u0131c\u0131l\u0131klar\u0131n\u0131 \u00f6zg\u00fcrce ifade edilebilecekleri bir \u00fcretim s\u00fcrecini detayland\u0131racak.&nbsp;\u201cAlper T\u00fcyde\u015f ile Ger\u00e7ek Do\u011fa Hikayeleri\u201d ise \u00e7ocuklar ve ailelerini T\u00fcrkiye\u2019den ger\u00e7ek do\u011fa kar\u015f\u0131la\u015fmalar\u0131n\u0131n anlat\u0131ld\u0131\u011f\u0131 k\u0131sa hikayeler arac\u0131l\u0131\u011f\u0131yla do\u011fayla empati kurmaya \u00e7a\u011f\u0131racak. G\u00f6rsel anlat\u0131m ve interaktif sorularla desteklenen at\u00f6lye; merak duygusunu beslerken, do\u011fay\u0131 g\u00f6zlemleme, koruma bilinci ve canl\u0131larla sayg\u0131l\u0131 ili\u015fki kurma temalar\u0131n\u0131 sade ve ilham verici bir dille ele alacak.<\/p>\n\n\n\n<p><strong>Ta\u015f Ka\u011f\u0131t Makas At\u00f6lyeleri*:<\/strong><\/p>\n\n\n\n<ul class=\"wp-block-list\">\n<li>17 Ocak, 12:00: Bir Ressam\u0131n \u0130zinde \u00c7er\u00e7eve Tasar\u0131m\u0131<\/li>\n\n\n\n<li>17 Ocak, 14:00: Seramik Modelleme<\/li>\n\n\n\n<li>18 Ocak, 12:00: At\u0131k Ka\u011f\u0131tlardan Tohumlu Obje Yap\u0131m\u0131<\/li>\n\n\n\n<li>18 Ocak, 14:00: Seramik Modelleme<\/li>\n\n\n\n<li>23 Ocak, 12:00: K\u0131\u015f Temal\u0131 Aranjman<\/li>\n\n\n\n<li>23 Ocak, 16:00: Bir Ressam\u0131n \u0130zinde \u00c7er\u00e7eve Tasar\u0131m\u0131<\/li>\n\n\n\n<li>24 Ocak, 12:00: At\u0131k Ka\u011f\u0131tlardan Tohumlu Obje Yap\u0131m\u0131<\/li>\n\n\n\n<li>24 Ocak, 14:00: K\u0131\u015f Temal\u0131 Banner Tasar\u0131m\u0131<\/li>\n\n\n\n<li>25 Ocak, 12:00: Seramik Modelleme<\/li>\n\n\n\n<li>25 Ocak, 14:00: K\u0131\u015f Temal\u0131 Aranjman<\/li>\n<\/ul>\n\n\n\n<p>*Biletli \u2013 Galataport \u0130stanbul mobil uygulamas\u0131ndan al\u0131nacak kodlarla %30 indirimli (S\u0131n\u0131rl\u0131 say\u0131daki kodlar etkinlikten iki g\u00fcn \u00f6nce yay\u0131nlanacak olup, @galataportistanbul Instagram hesab\u0131ndan duyurulacakt\u0131r.)<br>&nbsp;<\/p>\n\n\n\n<p><strong>Kahve D\u00fcnyas\u0131 \u00c7ikolata At\u00f6lyesi*:<\/strong><\/p>\n\n\n\n<ul class=\"wp-block-list\">\n<li>23 Ocak, 14:00<\/li>\n<\/ul>\n\n\n\n<p>*Galataport \u0130stanbul mobil uygulamas\u0131ndan al\u0131nacak kodlarla \u00fccretsiz kat\u0131l\u0131m (S\u0131n\u0131rl\u0131 say\u0131daki kodlar etkinlikten iki g\u00fcn \u00f6nce yay\u0131nlanacak olup, @galataportistanbul Instagram hesab\u0131ndan duyurulacakt\u0131r.)<\/p>\n\n\n\n<p><strong>Mezzaluna Pizza At\u00f6lyesi*:<\/strong><\/p>\n\n\n\n<ul class=\"wp-block-list\">\n<li>30 Ocak, 11:00<\/li>\n<\/ul>\n\n\n\n<p>*Biletli \u2013 Galataport \u0130stanbul mobil uygulamas\u0131ndan al\u0131nacak kodlarla %30 indirimli (S\u0131n\u0131rl\u0131 say\u0131daki kodlar etkinlikten iki g\u00fcn \u00f6nce yay\u0131nlanacak olup, @galataportistanbul Instagram hesab\u0131ndan duyurulacakt\u0131r.)<\/p>\n\n\n\n<p><strong>\u0130stanbul Modern At\u00f6lyeleri*:<\/strong><\/p>\n\n\n\n<ul class=\"wp-block-list\">\n<li>19 Ocak, 10:30-12:30: Mikro Formlarla Sanat<\/li>\n\n\n\n<li>19 Ocak, 13:30-15:30: Haz\u0131r Nesne \u0130le Heykel<\/li>\n\n\n\n<li>20 Ocak, 10:30-12:30: Duvarlar\u0131n Resmi<\/li>\n\n\n\n<li>20 Ocak, 13:30-15:30: Soyut ve Soyutlama<\/li>\n\n\n\n<li>21 Ocak, 10:30-12:30: Kentin Kolajlar\u0131<\/li>\n\n\n\n<li>21 Ocak, 13:30-15:30: Modern Fig\u00fcratif Resimler<\/li>\n\n\n\n<li>22 Ocak, 10:30-12:30: Lekeler Ve \u00c7izgiler<\/li>\n\n\n\n<li>22 Ocak, 13:30-15:30: Benim Manzaram<\/li>\n\n\n\n<li>23 Ocak, 10:30-12:30: \u0130mgelerle Otoportreler<\/li>\n\n\n\n<li>23 Ocak, 13:30-15:30: Lirik Mi Geometrik Mi?<\/li>\n\n\n\n<li>26 Ocak, 10.30-12:30: Mikro Formlarla Sanat<\/li>\n\n\n\n<li>26 Ocak, 13:30-15:30: Haz\u0131r Nesne \u0130le Heykel<\/li>\n\n\n\n<li>27 Ocak, 10:30-12:30: Duvarlar\u0131n Resmi<\/li>\n\n\n\n<li>27 Ocak, 13:30-15:30: Soyut Ve Soyutlama<\/li>\n\n\n\n<li>28 Ocak, 10:30-12:30: Kentin Kolajlar\u0131<\/li>\n\n\n\n<li>28 Ocak, 13:30-15:30: Modern Fig\u00fcratif Resimler<\/li>\n\n\n\n<li>29 Ocak, 10:30-12:30: Lekeler Ve \u00c7izgiler<\/li>\n\n\n\n<li>29 Ocak, 13:30-15:30: Benim Manzaram<\/li>\n\n\n\n<li>30 Ocak, 10:30-12:30: \u0130mgelerle Otoportreler<\/li>\n\n\n\n<li>30 Ocak, 13:30-15:30: Lirik Mi Geometrik Mi?<\/li>\n<\/ul>\n\n\n\n<p>*Biletli \u2013 Galataport \u0130stanbul mobil uygulamas\u0131ndan al\u0131nacak kodlarla %30 indirimli (S\u0131n\u0131rl\u0131 say\u0131daki kodlar etkinlikten iki g\u00fcn \u00f6nce yay\u0131nlanacak olup, @galataportistanbul Instagram hesab\u0131ndan duyurulacakt\u0131r.)<\/p>\n\n\n\n<p><strong>Masterpiece At\u00f6lyeleri*:<\/strong><\/p>\n\n\n\n<ul class=\"wp-block-list\">\n<li>31 Ocak, 12:00: E\u011flenceli Bilim At\u00f6lyesi<\/li>\n\n\n\n<li>31 Ocak, 14:00: Heykel At\u00f6lyesi<\/li>\n\n\n\n<li>1 \u015eubat, 12:00: Kurabiye S\u00fcsleme<\/li>\n\n\n\n<li>1 \u015eubat, 14:00: Resim At\u00f6lyesi<\/li>\n<\/ul>\n\n\n\n<p>*Biletli \u2013 Galataport \u0130stanbul mobil uygulamas\u0131ndan al\u0131nacak kodlarla %30 indirimli (S\u0131n\u0131rl\u0131 say\u0131daki kodlar etkinlikten iki g\u00fcn \u00f6nce yay\u0131nlanacak olup, @galataportistanbul Instagram hesab\u0131ndan duyurulacakt\u0131r.)<\/p>\n\n\n\n<p><strong>\u0130stanbul Resim ve Heykel M\u00fczesi At\u00f6lyeleri*:<\/strong><\/p>\n\n\n\n<ul class=\"wp-block-list\">\n<li>20 Ocak, 13:00: \u201cBir An, Bir Hikaye\u201d Resim At\u00f6lyesi<\/li>\n\n\n\n<li>20 Ocak, 14:00: \u201cBir An, Bir Form\u201d Heykel At\u00f6lyesi<\/li>\n\n\n\n<li>21 Ocak, 13:00: \u201cBir An, Bir Hikaye\u201d Resim At\u00f6lyesi<\/li>\n\n\n\n<li>21 Ocak, 14:00: \u201cBir An, Bir Form\u201d Heykel At\u00f6lyesi<\/li>\n\n\n\n<li>22 Ocak, 13:00: \u201cBir An, Bir Hikaye\u201d Resim At\u00f6lyesi<\/li>\n<\/ul>\n\n\n\n<p>* Galataport \u0130stanbul mobil uygulamas\u0131ndan al\u0131nacak kodlarla %30 indirimli (S\u0131n\u0131rl\u0131 say\u0131daki kodlar etkinlikten iki g\u00fcn \u00f6nce yay\u0131nlanacak olup, @galataportistanbul Instagram hesab\u0131ndan duyurulacakt\u0131r.)<\/p>\n\n\n\n<p><strong>Do\u011fu\u015f Otomotiv Plus At\u00f6lyeleri*:<\/strong><\/p>\n\n\n\n<ul class=\"wp-block-list\">\n<li>24 Ocak, 13:30-15:30: Alper T\u00fcyde\u015f ile Ger\u00e7ek Do\u011fa Hikayeleri<\/li>\n\n\n\n<li>31 Ocak, 13:00-14:00: Bardak Boyama At\u00f6lyesi<\/li>\n\n\n\n<li>31 Ocak, 15:00-16:00: Bardak Boyama At\u00f6lyesi<\/li>\n<\/ul>\n\n\n\n<p>*&nbsp;Galataport \u0130stanbul mobil uygulamas\u0131ndan al\u0131nacak kodlarla %30 indirimli (S\u0131n\u0131rl\u0131 say\u0131daki kodlar etkinlikten iki g\u00fcn \u00f6nce yay\u0131nlanacak olup, @galataportistanbul Instagram hesab\u0131ndan duyurulacakt\u0131r.)<\/p>\n\n\n\n<p><strong><u>Galataport \u0130stanbul Hakk\u0131nda:<\/u><\/strong><\/p>\n\n\n\n<p>\u0130stanbul\u2019un kalbinde, Bo\u011faz kenar\u0131nda 1.2 kilometrelik sahil \u015feridi boyunca uzanan Galataport \u0130stanbul; eri\u015filebilir ve d\u00fc\u015f\u00fck katl\u0131 yap\u0131lar\u0131, mahalle konseptinde tasarlanm\u0131\u015f, b\u00f6lgenin tarihi dokusuyla uyum i\u00e7indeki mimarisi ile ziyaret\u00e7ilerine \u201cnefes alan\u201d, sa\u011fl\u0131kl\u0131 ve g\u00fcvenli bir k\u00fclt\u00fcr-sanat, al\u0131\u015fveri\u015f, yeme-i\u00e7me ve \u00e7al\u0131\u015fma deneyimi sunuyor. D\u00fcnyaca \u00fcnl\u00fc markalar ve yerel tasar\u0131mc\u0131lar\u0131n \u00f6zg\u00fcn \u00fcr\u00fcnlerinin \u00f6ne \u00e7\u0131kt\u0131\u011f\u0131 geni\u015f bir ma\u011faza yelpazesini b\u00fcnyesinde bar\u0131nd\u0131ran Galataport \u0130stanbul, T\u00fcrk ve d\u00fcnya mutfaklar\u0131ndan otantik lezzetlerin servis edildi\u011fi zengin restoran \u00e7e\u015fitlili\u011fiyle de misafirlerini cezbediyor.&nbsp;Tarihte oldu\u011fu gibi bug\u00fcn de farkl\u0131 k\u00fclt\u00fcrleri bir araya getiren konumunun \u00e7evresel ve yerel etkileri, mimari nitelikleri, marka \u00e7e\u015fitlili\u011fi ve m\u00fc\u015fteri memnuniyeti kriterleri do\u011frultusunda yap\u0131lm\u0131\u015f de\u011ferlendirme sonucunda Galataport \u0130stanbul, 2023 y\u0131l\u0131nda uluslararas\u0131 MAPIC \u00d6d\u00fclleri\u2019nde \u201cEn \u0130yi Yeni Geli\u015ftirme Projesi\u201d se\u00e7ildi. Ekim 2021\u2019den bu yana \u0130stanbul\u2019un bulu\u015fma noktalar\u0131ndan biri olan Galataport \u0130stanbul, Karak\u00f6y\u2019\u00fc yeniden kentin ticari ve sosyal ya\u015fam\u0131n\u0131n merkezine ta\u015f\u0131yor.<\/p>\n\n\n\n<p>\u0130hale bedeli dahil toplam 1,7 milyar dolarl\u0131k yat\u0131r\u0131m ile hayata ge\u00e7irilen Galataport \u0130stanbul\u2019un en etkileyici \u00f6zelliklerinden birini; \u0130stanbul\u2019un yer alt\u0131 sarn\u0131\u00e7lar\u0131ndan esinlenmi\u015f, Red Dot tasar\u0131m \u00f6d\u00fcll\u00fc, d\u00fcnyan\u0131n ilk yer alt\u0131 kruvaziyer terminali olu\u015fturuyor.&nbsp;Limana gemi yana\u015ft\u0131\u011f\u0131nda devreye girerek g\u00fcvenlik (ISPS) alan\u0131n\u0131 ay\u0131ran 176 adet hidrolik \u00f6zel kapak sistemi arac\u0131l\u0131\u011f\u0131yla ge\u00e7ici g\u00fcmr\u00fckl\u00fc bir saha yarat\u0131l\u0131yor. Kapaklar\u0131n tekil olarak hareket edebilmesi, ge\u00e7ici g\u00fcmr\u00fckl\u00fc alan\u0131n limandaki gemi adedi ve boyutlar\u0131na g\u00f6re esneklikle \u015fekillenmesini sa\u011fl\u0131yor. Bu inovasyon sayesinde, Karak\u00f6y\u2019\u00fcn 19. y\u00fczy\u0131l\u0131n sonundan bu yana eri\u015fime kapal\u0131 olan e\u015fsiz sahil \u015feridi, limanda gemi bulunmad\u0131\u011f\u0131nda veya geminin yana\u015ft\u0131\u011f\u0131 zamanlarda kapaklarla ayr\u0131lan k\u0131s\u0131m hari\u00e7 misafirlerin ziyaretine a\u00e7\u0131larak, \u015fehrin en \u00f6zel y\u00fcr\u00fcy\u00fc\u015f rotalar\u0131ndan birine d\u00f6n\u00fc\u015f\u00fcyor. 29 bin m2\u2019lik bir alana yay\u0131lan terminali ile birlikte ayn\u0131 anda 3 geminin yana\u015fabilece\u011fi ve g\u00fcnl\u00fck 15 bin yolcuyu a\u011f\u0131rlayabilecek kapasiteye sahip Galataport \u0130stanbul, Akdeniz \u00e7ana\u011f\u0131ndan Karadeniz\u2019e varan geni\u015f bir co\u011frafyada kruvaziyer turizmini b\u00fcy\u00fck \u00f6l\u00e7\u00fcde hareketlendirerek b\u00f6lge ve \u00fclke turizmi ile ekonomisinin ivmelenmesinde \u00f6nemli bir rol oynuyor. B\u00f6lgenin ana liman\u0131 olma vizyonuyla hayata ge\u00e7irilen Galataport \u0130stanbul\u2019da ana liman yolcu say\u0131s\u0131, 2026 y\u0131l\u0131nda tarihte ilk kez transit yolcu say\u0131s\u0131n\u0131 yakalayacak.<\/p>\n\n\n\n<p>Galataport \u0130stanbul 2022 y\u0131l\u0131nda, d\u00fcnyan\u0131n Amerika ve Avrupa\u2019n\u0131n ba\u015fl\u0131ca limanlar\u0131n\u0131n yar\u0131\u015ft\u0131\u011f\u0131 Seatrade Cruise fuar\u0131 kapsam\u0131nda ger\u00e7ekle\u015ftirilen, sekt\u00f6r\u00fcn en prestijli \u00f6d\u00fcl organizasyonu Seatrade Cruise Awards\u2019ta k\u00fcresel anlamda \u00f6rnek g\u00f6sterilen inovatif yakla\u015f\u0131m\u0131 ve operasyonel s\u00fcre\u00e7lerde getirdi\u011fi yeniliklerle \u201cY\u0131l\u0131n Liman\u0131\u201d \u00f6d\u00fcl\u00fcne lay\u0131k g\u00f6r\u00fcld\u00fc.<\/p>\n\n\n\n<p>\u0130stanbul\u2019un tarihi liman\u0131n\u0131 \u015fehirle b\u00fct\u00fcnle\u015ftiren Galataport \u0130stanbul, sosyal ve ekonomik s\u00fcrd\u00fcr\u00fclebilirli\u011fe de pozitif y\u00f6nde etki ediyor. \u00d6zel so\u011futma sisteminden at\u0131k y\u00f6netimine, \u00e7evresel s\u00fcrd\u00fcr\u00fclebilirlik alan\u0131ndaki faaliyetleri ile Avrupa\u2019n\u0131n LEED Platinum sertifikal\u0131 en b\u00fcy\u00fck ikinci projesi konumuna ula\u015fan Galataport \u0130stanbul, 2021\u2019de MedCruise Birli\u011fi taraf\u0131ndan \u201c\u00c7evresel Sorumluluk \u00d6d\u00fcl\u00fc\u201dne lay\u0131k g\u00f6r\u00fcld\u00fc ve 2024\u2019te&nbsp;Schneider Electric S\u00fcrd\u00fcr\u00fclebilirlik Etki \u00d6d\u00fclleri\u2019nin kazananlar\u0131 aras\u0131na ad\u0131n\u0131 yazd\u0131rd\u0131.&nbsp;2020\u2019de MedCruise \u00d6d\u00fclleri\u2019nde \u201cPandemi S\u00fcrecinde Sekt\u00f6re En Y\u00fcksek Ba\u011fl\u0131l\u0131k G\u00f6steren Do\u011fu Akdeniz Kruvaziyer Liman\u0131\u201d,&nbsp;2023\u2019te ise T\u00fcrkiye\u2019de gayrimenkul sekt\u00f6r\u00fcn\u00fcn en prestijli \u00f6d\u00fcl platformlar\u0131ndan \u201cSign of the City Awards\u201dta \u201cEn \u0130yi Karma Kullan\u0131ml\u0131 Proje\u201d ve \u201cEn Ye\u015fil Yap\u0131\/Yap\u0131lar Toplulu\u011fu\u201d \u00f6d\u00fcllerini ald\u0131.<\/p>\n\n\n\n<p>Kamusal alan kullan\u0131m\u0131 vizyonuyla 2025 CTBUH \u201cUrban Habitat\u201d, 2025 Kotler Awards\u2019ta ise \u201cY\u0131l\u0131n En Ba\u015far\u0131l\u0131 360 Derece Pazarlama Kampanyas\u0131\u201d \u00f6d\u00fcl\u00fcn\u00fc kazanan Galataport \u0130stanbul\u2019un \u201cBosphorus Winter\u201d projesi Eventex Awards\u2019ta, CEV Kad\u0131nlar Avrupa Voleybol \u015eampiyonas\u0131 kapsam\u0131nda ev sahipli\u011fi yapt\u0131\u011f\u0131 Fanzone etkinli\u011finin ileti\u015fim \u00e7al\u0131\u015fmalar\u0131 da Prida 2024\u2019te \u00f6d\u00fcllere lay\u0131k g\u00f6r\u00fcld\u00fc.<\/p>\n\n\n\n<p>Galataport \u0130stanbul\u2019da y\u00fcr\u00fct\u00fclen restorasyon \u00e7al\u0131\u015fmalar\u0131, \u0130stanbul\u2019un \u00e7ok de\u011ferli tescilli yap\u0131lar\u0131n\u0131 \u015fehre geri kazand\u0131rd\u0131. Paket Postanesi; Karak\u00f6y\u2019\u00fcn \u00e7ok k\u00fclt\u00fcrl\u00fc ticaret hayat\u0131n\u0131 ve zanaat geleneklerini \u0130stanbul\u2019dan d\u00fcnyaya a\u00e7\u0131lm\u0131\u015f moda, tasar\u0131m, lezzet ve m\u00fccevher sanat\u0131 ustalar\u0131 ile g\u00fcn\u00fcm\u00fcze ta\u015f\u0131yor. Sahan\u0131n di\u011fer \u00fc\u00e7 tescilli yap\u0131s\u0131; Merkez Han, Karak\u00f6y Yolcu Salonu ve \u00c7inili Han da itinal\u0131 bir restorasyon s\u00fcrecinden ge\u00e7ti. Bu&nbsp;yap\u0131lar, d\u00fcnyada sadece 12 se\u00e7kin lokasyonda bulunan Peninsula Hotels markas\u0131n\u0131n 11. oteli The Peninsula Istanbul\u2019a ev sahipli\u011fi yap\u0131yor. Tarihi Yar\u0131mada\u2019n\u0131n kar\u015f\u0131s\u0131nda konumlanan 177 odal\u0131 otel,&nbsp;90 saniyede a\u00e7\u0131labilen \u00f6zel giyotin cepheli, yeni in\u015fa edilmi\u015f balo salonuyla da&nbsp;dikkat \u00e7ekiyor.&nbsp;Tarihi 1848\u2019e dayanan, T\u00fcrkiye ve \u0130stanbul\u2019un ayakta kalan en eski saat kulesi konumundaki Tophane Saat Kulesi ise ad\u0131n\u0131 verdi\u011fi Saat Kulesi Meydan\u0131\u2019n\u0131 ta\u00e7land\u0131r\u0131yor. Meydan; \u015fehrin y\u0131ll\u0131k k\u00fclt\u00fcr-sanat takviminin \u00f6nemli etkinliklerine ev sahipli\u011fi yap\u0131yor. Sanat\u0131n T\u00fcrkiye\u2019deki en iyi \u00f6rneklerinden kabul edilen \u0130stanbul Modern ve MSGS\u00dc \u0130stanbul Resim ve Heykel M\u00fczesi de Saat Kulesi Meydan\u0131 etraf\u0131nda konumlan\u0131yor.<\/p>\n\n\n\n<p>Galataport \u0130stanbul herkes i\u00e7in eri\u015filebilir bir k\u00fclt\u00fcr sanat alan\u0131 yarat\u0131p gen\u00e7 sanat\u00e7\u0131lar\u0131 destekleyerek toplumsal faydaya hizmet ediyor. Karak\u00f6y ve \u00e7evresi ba\u015fta olmak \u00fczere kamusal alanda sanata yapt\u0131\u011f\u0131 yat\u0131r\u0131mlarla kat\u0131l\u0131mc\u0131l\u0131\u011f\u0131 te\u015fvik eden Galataport \u0130stanbul\u2019da bug\u00fcne dek d\u00fczenlenen herkese a\u00e7\u0131k ve \u00fccretsiz y\u00fczlerce etkinli\u011fe milyonlarca ki\u015fi kat\u0131l\u0131m g\u00f6sterdi.&nbsp;Gelenekselle\u015ftirilen Galataport Jazz gibi b\u00fcy\u00fck \u00e7apl\u0131 etkinlikler, ulusal ve uluslararas\u0131 k\u00fclt\u00fcr-sanat yat\u0131r\u0131mlar\u0131na katk\u0131da bulunman\u0131n yan\u0131 s\u0131ra \u0130stanbul\u2019un yarat\u0131c\u0131 ekonomisine de y\u00f6n veriyor.<\/p>\n\n\n\n<p>\u0130lk d\u00f6rt y\u0131l\u0131nda 50 milyondan fazla misafir a\u011f\u0131rlayan Galataport \u0130stanbul; yabanc\u0131 devlet ba\u015fkanlar\u0131n\u0131n, misyon temsilcilerinin, uluslararas\u0131 bas\u0131n mensuplar\u0131n\u0131n, d\u00fcnyan\u0131n \u00f6nde gelen turizm profesyonellerinin de incelemelerde bulunmak \u00fczere ziyaret etti\u011fi bir destinasyon haline geldi. Bu yo\u011fun global ilgi ve be\u011feni, Galataport \u0130stanbul\u2019a ikinci senesinde \u201cT\u00fcrkiye Markas\u0131\u201d \u00f6d\u00fcl\u00fcn\u00fc getirdi.<\/p>\n","protected":false},"excerpt":{"rendered":"<p>Galataport \u0130stanbul, \u00e7ocuklar i\u00e7in tasarlad\u0131\u011f\u0131 etkinlik takvimiyle s\u00f6mestir tatiline\u00a0renk kat\u0131yor. Sanat ve gastronomi temal\u0131 at\u00f6lyelerin yer ald\u0131\u011f\u0131 geni\u015f aktivite program\u0131; 17 Ocak-1 \u015eubat tarihleri aras\u0131nda&hellip;<\/p>\n","protected":false},"author":6,"featured_media":8340,"comment_status":"open","ping_status":"open","sticky":false,"template":"","format":"standard","meta":{"footnotes":""},"categories":[11],"tags":[],"class_list":["post-8339","post","type-post","status-publish","format-standard","has-post-thumbnail","hentry","category-avm"],"_links":{"self":[{"href":"https:\/\/www.mallandmotto.com\/index.php\/wp-json\/wp\/v2\/posts\/8339","targetHints":{"allow":["GET"]}}],"collection":[{"href":"https:\/\/www.mallandmotto.com\/index.php\/wp-json\/wp\/v2\/posts"}],"about":[{"href":"https:\/\/www.mallandmotto.com\/index.php\/wp-json\/wp\/v2\/types\/post"}],"author":[{"embeddable":true,"href":"https:\/\/www.mallandmotto.com\/index.php\/wp-json\/wp\/v2\/users\/6"}],"replies":[{"embeddable":true,"href":"https:\/\/www.mallandmotto.com\/index.php\/wp-json\/wp\/v2\/comments?post=8339"}],"version-history":[{"count":1,"href":"https:\/\/www.mallandmotto.com\/index.php\/wp-json\/wp\/v2\/posts\/8339\/revisions"}],"predecessor-version":[{"id":8341,"href":"https:\/\/www.mallandmotto.com\/index.php\/wp-json\/wp\/v2\/posts\/8339\/revisions\/8341"}],"wp:featuredmedia":[{"embeddable":true,"href":"https:\/\/www.mallandmotto.com\/index.php\/wp-json\/wp\/v2\/media\/8340"}],"wp:attachment":[{"href":"https:\/\/www.mallandmotto.com\/index.php\/wp-json\/wp\/v2\/media?parent=8339"}],"wp:term":[{"taxonomy":"category","embeddable":true,"href":"https:\/\/www.mallandmotto.com\/index.php\/wp-json\/wp\/v2\/categories?post=8339"},{"taxonomy":"post_tag","embeddable":true,"href":"https:\/\/www.mallandmotto.com\/index.php\/wp-json\/wp\/v2\/tags?post=8339"}],"curies":[{"name":"wp","href":"https:\/\/api.w.org\/{rel}","templated":true}]}}