{"id":8352,"date":"2026-01-19T12:28:32","date_gmt":"2026-01-19T12:28:32","guid":{"rendered":"https:\/\/www.mallandmotto.com\/?p=8352"},"modified":"2026-01-19T12:28:33","modified_gmt":"2026-01-19T12:28:33","slug":"kahve-dunyasi-cekmekoy-lens-avmde-yeni-magazasini-acti","status":"publish","type":"post","link":"https:\/\/www.mallandmotto.com\/index.php\/2026\/01\/19\/kahve-dunyasi-cekmekoy-lens-avmde-yeni-magazasini-acti\/","title":{"rendered":"Kahve D\u00fcnyas\u0131, \u00c7ekmek\u00f6y Lens AVM\u2019de Yeni Ma\u011fazas\u0131n\u0131 A\u00e7t\u0131"},"content":{"rendered":"\n<h3 class=\"wp-block-heading\"><strong>Kahve D\u00fcnyas\u0131, \u00c7ekmek\u00f6y Lens AVM\u2019de a\u00e7t\u0131\u011f\u0131 yeni ma\u011fazas\u0131yla \u0130stanbul Anadolu Yakas\u0131\u2019ndaki lezzet noktalar\u0131na bir yenisini daha ekliyor.<\/strong><\/h3>\n\n\n\n<p>T\u00fcrkiye\u2019nin sevilen kahve ve \u00e7ikolata markas\u0131&nbsp;<strong>Kahve D\u00fcnyas\u0131<\/strong>, ma\u011faza a\u011f\u0131n\u0131 geni\u015fletmeye devam ediyor. Marka, \u0130stanbul Anadolu Yakas\u0131\u2019ndaki yeni ma\u011fazas\u0131n\u0131&nbsp;<strong>\u00c7ekmek\u00f6y Lens AVM<\/strong>\u2019de a\u00e7arak kahveseverlerle bulu\u015fuyor.<\/p>\n\n\n\n<p><strong>Kahve D\u00fcnyas\u0131 \u00c7ekmek\u00f6y Lens AVM<\/strong>, modern tasar\u0131m\u0131, s\u0131cak atmosferi ve zengin \u00fcr\u00fcn \u00e7e\u015fitlili\u011fiyle kahve keyfini g\u00fcnl\u00fck hayat\u0131n vazge\u00e7ilmez bir par\u00e7as\u0131 haline getirmeyi hedefliyor. Yeni ma\u011fazada misafirler; taze \u00e7ekilmi\u015f T\u00fcrk kahvesine, g\u00fcnl\u00fck taze haz\u0131rlanan unlu mamullere, so\u011fuk ve s\u0131cak i\u00e7ecek alternatiflerinden at\u0131\u015ft\u0131rmal\u0131klara kadar uzanan geni\u015f bir lezzet se\u00e7kisine ula\u015fabilecek.<\/p>\n\n\n\n<p>\u201cHepimizin Ortak Noktas\u0131\u201d anlay\u0131\u015f\u0131yla faaliyetlerini s\u00fcrd\u00fcren Kahve D\u00fcnyas\u0131, \u00c7ekmek\u00f6y Lens AVM ma\u011fazas\u0131yla birlikte b\u00f6lge sakinleri i\u00e7in keyifli bulu\u015fmalar\u0131n ve lezzetli molalar\u0131n yeni adreslerinden biri olmay\u0131 ama\u00e7l\u0131yor.<\/p>\n","protected":false},"excerpt":{"rendered":"<p>Kahve D\u00fcnyas\u0131, \u00c7ekmek\u00f6y Lens AVM\u2019de a\u00e7t\u0131\u011f\u0131 yeni ma\u011fazas\u0131yla \u0130stanbul Anadolu Yakas\u0131\u2019ndaki lezzet noktalar\u0131na bir yenisini daha ekliyor. T\u00fcrkiye\u2019nin sevilen kahve ve \u00e7ikolata markas\u0131&nbsp;Kahve D\u00fcnyas\u0131, ma\u011faza&hellip;<\/p>\n","protected":false},"author":6,"featured_media":8353,"comment_status":"open","ping_status":"open","sticky":false,"template":"","format":"standard","meta":{"footnotes":""},"categories":[11],"tags":[],"class_list":["post-8352","post","type-post","status-publish","format-standard","has-post-thumbnail","hentry","category-avm"],"_links":{"self":[{"href":"https:\/\/www.mallandmotto.com\/index.php\/wp-json\/wp\/v2\/posts\/8352","targetHints":{"allow":["GET"]}}],"collection":[{"href":"https:\/\/www.mallandmotto.com\/index.php\/wp-json\/wp\/v2\/posts"}],"about":[{"href":"https:\/\/www.mallandmotto.com\/index.php\/wp-json\/wp\/v2\/types\/post"}],"author":[{"embeddable":true,"href":"https:\/\/www.mallandmotto.com\/index.php\/wp-json\/wp\/v2\/users\/6"}],"replies":[{"embeddable":true,"href":"https:\/\/www.mallandmotto.com\/index.php\/wp-json\/wp\/v2\/comments?post=8352"}],"version-history":[{"count":1,"href":"https:\/\/www.mallandmotto.com\/index.php\/wp-json\/wp\/v2\/posts\/8352\/revisions"}],"predecessor-version":[{"id":8354,"href":"https:\/\/www.mallandmotto.com\/index.php\/wp-json\/wp\/v2\/posts\/8352\/revisions\/8354"}],"wp:featuredmedia":[{"embeddable":true,"href":"https:\/\/www.mallandmotto.com\/index.php\/wp-json\/wp\/v2\/media\/8353"}],"wp:attachment":[{"href":"https:\/\/www.mallandmotto.com\/index.php\/wp-json\/wp\/v2\/media?parent=8352"}],"wp:term":[{"taxonomy":"category","embeddable":true,"href":"https:\/\/www.mallandmotto.com\/index.php\/wp-json\/wp\/v2\/categories?post=8352"},{"taxonomy":"post_tag","embeddable":true,"href":"https:\/\/www.mallandmotto.com\/index.php\/wp-json\/wp\/v2\/tags?post=8352"}],"curies":[{"name":"wp","href":"https:\/\/api.w.org\/{rel}","templated":true}]}}