{"id":8407,"date":"2026-01-27T06:51:29","date_gmt":"2026-01-27T06:51:29","guid":{"rendered":"https:\/\/www.mallandmotto.com\/?p=8407"},"modified":"2026-01-27T06:51:30","modified_gmt":"2026-01-27T06:51:30","slug":"mr-diy-somestr-tatilinde-cocuklari-yaratici-etkinliklerde-bulusturuyor","status":"publish","type":"post","link":"https:\/\/www.mallandmotto.com\/index.php\/2026\/01\/27\/mr-diy-somestr-tatilinde-cocuklari-yaratici-etkinliklerde-bulusturuyor\/","title":{"rendered":"MR.DIY, S\u00f6mestr Tatilinde \u00c7ocuklar\u0131\u00a0Yarat\u0131c\u0131 Etkinliklerde Bulu\u015fturuyor"},"content":{"rendered":"\n<h3 class=\"wp-block-heading\"><strong>S\u00f6mestr tatili\u00a0MR.DIY\u00a0ile \u00e7ok e\u011flenceli! \u00c7ocuklar i\u00e7in boyama aktiviteleri d\u00fczenleyen\u00a0MR.DIY, 31 Ocak\u2019ta \u0130STMarina AVM ve 1 \u015eubat\u2019ta Watergarden AVM\u2019lerde ger\u00e7ekle\u015ftirece\u011fi etkinliklerle miniklere e\u011flenceli ve yarat\u0131c\u0131 anlar ya\u015fatacak.<\/strong><br><br><\/h3>\n\n\n\n<p>MR.DIY, s\u00f6mestr tatiline \u00f6zel olarak \u00e7ocuklar i\u00e7in e\u011flenceli ve yarat\u0131c\u0131 aktiviteler d\u00fczenliyor. \u00dccretsiz olan boyama etkinlikleri, 31 Ocak\u2019ta \u0130STMarina AVM\u2019de, 1 \u015eubat\u2019ta ise Watergarden AVM\u2019de 11.00-20.00 saatleri aras\u0131nda ger\u00e7ekle\u015ftirilecek.<\/p>\n\n\n\n<p>Etkinlikler kapsam\u0131nda \u00e7ocuklar, BIC \u00fcr\u00fcnleriyle boyama aktivitelerine kat\u0131larak hem el becerilerini geli\u015ftirme hem de keyifli vakit ge\u00e7irme f\u0131rsat\u0131 yakalayacak. Program boyunca&nbsp;MR.DIY\u2019in panda maskotu da alanda yer alarak \u00e7ocuklara ve ailelere e\u015flik edecek, etkinli\u011fe ne\u015feli anlar katacak.<\/p>\n\n\n\n<p>S\u00f6mestr tatilinde \u00e7ocuklara hem e\u011flenceli hem de yarat\u0131c\u0131 bir deneyim sunmay\u0131 hedefleyen&nbsp;MR.DIY, aileleri bu renkli bulu\u015fmalara davet ediyor.<\/p>\n","protected":false},"excerpt":{"rendered":"<p>S\u00f6mestr tatili\u00a0MR.DIY\u00a0ile \u00e7ok e\u011flenceli! \u00c7ocuklar i\u00e7in boyama aktiviteleri d\u00fczenleyen\u00a0MR.DIY, 31 Ocak\u2019ta \u0130STMarina AVM ve 1 \u015eubat\u2019ta Watergarden AVM\u2019lerde ger\u00e7ekle\u015ftirece\u011fi etkinliklerle miniklere e\u011flenceli ve yarat\u0131c\u0131 anlar&hellip;<\/p>\n","protected":false},"author":6,"featured_media":8408,"comment_status":"open","ping_status":"open","sticky":false,"template":"","format":"standard","meta":{"footnotes":""},"categories":[12],"tags":[],"class_list":["post-8407","post","type-post","status-publish","format-standard","has-post-thumbnail","hentry","category-perakende"],"_links":{"self":[{"href":"https:\/\/www.mallandmotto.com\/index.php\/wp-json\/wp\/v2\/posts\/8407","targetHints":{"allow":["GET"]}}],"collection":[{"href":"https:\/\/www.mallandmotto.com\/index.php\/wp-json\/wp\/v2\/posts"}],"about":[{"href":"https:\/\/www.mallandmotto.com\/index.php\/wp-json\/wp\/v2\/types\/post"}],"author":[{"embeddable":true,"href":"https:\/\/www.mallandmotto.com\/index.php\/wp-json\/wp\/v2\/users\/6"}],"replies":[{"embeddable":true,"href":"https:\/\/www.mallandmotto.com\/index.php\/wp-json\/wp\/v2\/comments?post=8407"}],"version-history":[{"count":1,"href":"https:\/\/www.mallandmotto.com\/index.php\/wp-json\/wp\/v2\/posts\/8407\/revisions"}],"predecessor-version":[{"id":8409,"href":"https:\/\/www.mallandmotto.com\/index.php\/wp-json\/wp\/v2\/posts\/8407\/revisions\/8409"}],"wp:featuredmedia":[{"embeddable":true,"href":"https:\/\/www.mallandmotto.com\/index.php\/wp-json\/wp\/v2\/media\/8408"}],"wp:attachment":[{"href":"https:\/\/www.mallandmotto.com\/index.php\/wp-json\/wp\/v2\/media?parent=8407"}],"wp:term":[{"taxonomy":"category","embeddable":true,"href":"https:\/\/www.mallandmotto.com\/index.php\/wp-json\/wp\/v2\/categories?post=8407"},{"taxonomy":"post_tag","embeddable":true,"href":"https:\/\/www.mallandmotto.com\/index.php\/wp-json\/wp\/v2\/tags?post=8407"}],"curies":[{"name":"wp","href":"https:\/\/api.w.org\/{rel}","templated":true}]}}