{"id":8431,"date":"2026-01-29T07:22:27","date_gmt":"2026-01-29T07:22:27","guid":{"rendered":"https:\/\/www.mallandmotto.com\/?p=8431"},"modified":"2026-01-29T07:22:28","modified_gmt":"2026-01-29T07:22:28","slug":"colins-denim-fikrim-yarismasini-bu-yil-denim-nova-temasiyla-gerceklestiriyor","status":"publish","type":"post","link":"https:\/\/www.mallandmotto.com\/index.php\/2026\/01\/29\/colins-denim-fikrim-yarismasini-bu-yil-denim-nova-temasiyla-gerceklestiriyor\/","title":{"rendered":"Colin\u2019s Denim Fikrim Yar\u0131\u015fmas\u0131\u2019n\u0131 Bu Y\u0131l \u201cDenim Nova\u201d Temas\u0131yla Ger\u00e7ekle\u015ftiriyor"},"content":{"rendered":"\n<h3 class=\"wp-block-heading\"><strong>Bu y\u0131l d\u00f6rd\u00fcnc\u00fcs\u00fc d\u00fczenlenen Denim Fikrim Tasar\u0131m Yar\u0131\u015fmas\u0131, gen\u00e7 tasar\u0131mc\u0131lar\u0131 s\u00fcrd\u00fcr\u00fclebilirlik oda\u011f\u0131nda \u00fcretmeye ve denimin gelece\u011fine y\u00f6n verecek yeni tasar\u0131m yakla\u015f\u0131mlar\u0131 geli\u015ftirmeye te\u015fvik ediyor. E\u011fitimden \u00fcretime uzanan \u00e7ok a\u015famal\u0131 yap\u0131s\u0131yla yar\u0131\u015fma, gen\u00e7 yetenekleri sekt\u00f6r\u00fcn ger\u00e7ek dinamikleriyle bulu\u015fturuyor. \u201cDenimNova\u201d temas\u0131yla kurgulanan yar\u0131\u015fma, d\u00f6n\u00fc\u015f\u00fcm ve yeniden do\u011fu\u015f fikrini tasar\u0131m\u0131n merkezine ta\u015f\u0131yor.\u00a0<\/strong><\/h3>\n\n\n\n<p>T\u00fcrkiye\u2019nin jean odakl\u0131 global moda markas\u0131&nbsp;<strong>Colin\u2019s<\/strong>, 2022 y\u0131l\u0131ndan bu yana d\u00fczenledi\u011fi&nbsp;<strong>Denim Fikrim Tasar\u0131m Yar\u0131\u015fmas\u0131<\/strong>\u2019n\u0131 bu y\u0131l&nbsp;<strong>\u201cDenimNova\u201d<\/strong>&nbsp;temas\u0131yla ger\u00e7ekle\u015ftiriyor. Gen\u00e7 tasar\u0131mc\u0131lar\u0131 s\u00fcrd\u00fcr\u00fclebilir moda anlay\u0131\u015f\u0131yla bulu\u015fturan yar\u0131\u015fma, d\u00f6n\u00fc\u015f\u00fcm, yeniden do\u011fu\u015f ve yarat\u0131c\u0131l\u0131\u011f\u0131 merkeze alan yakla\u015f\u0131m\u0131yla denimi yeniden yorumlamaya davet ediyor.<\/p>\n\n\n\n<p><strong>DenimNova<\/strong>&nbsp;ilham\u0131n\u0131, astronomide bir y\u0131ld\u0131z\u0131n yeniden parlay\u0131\u015f\u0131n\u0131 simgeleyen&nbsp;<em>nova<\/em>kavram\u0131ndan al\u0131yor. G\u00f6r\u00fcnmeyenin g\u00f6r\u00fcn\u00fcr, s\u0131radan\u0131n anlaml\u0131 hale geldi\u011fi d\u00f6n\u00fc\u015f\u00fcm an\u0131n\u0131 denimin yeniden do\u011fu\u015fu olarak ele alan&nbsp;yar\u0131\u015fma&nbsp;gen\u00e7 tasar\u0131mc\u0131lar\u0131n yarat\u0131c\u0131l\u0131\u011f\u0131n\u0131 desteklemenin \u00f6tesinde, denimin d\u00f6n\u00fc\u015f\u00fcm yoluyla yeniden anlam kazanabilece\u011fi bir d\u00fc\u015f\u00fcnme bi\u00e7imini merkeze koyuyor.&nbsp;<\/p>\n\n\n\n<p><strong>\u201cS\u0131radan Olandan Ola\u011fan\u00fcst\u00fc Olana\u201d<\/strong>&nbsp;(<em>\u201cOrdinary to Extraordinary\u201d<\/em>) yakla\u015f\u0131m\u0131yla kurgulanan yar\u0131\u015fma; d\u00f6n\u00fc\u015f\u00fcm\u00fcn g\u00fcc\u00fcn\u00fc g\u00f6stermeyi, yarat\u0131c\u0131l\u0131\u011f\u0131 s\u00fcrd\u00fcr\u00fclebilirlikle bulu\u015fturmay\u0131, gen\u00e7 yeteneklerin \u00f6zg\u00fcn bak\u0131\u015f\u0131n\u0131 ortaya \u00e7\u0131karmay\u0131 ve moda end\u00fcstrisinde&nbsp;<strong>\u201cyeniden do\u011fu\u015f\u201d<\/strong>&nbsp;fikrini g\u00f6r\u00fcn\u00fcr k\u0131lmay\u0131 ama\u00e7l\u0131yor.<\/p>\n\n\n\n<p><strong><u>Ba\u015fvurular 2 \u015eubat \u2013 2 Mart 2026 tarihleri aras\u0131nda<\/u><\/strong><\/p>\n\n\n\n<p><strong>Denim Fikrim Tasar\u0131m Yar\u0131\u015fmas\u0131<\/strong>\u2019na; T\u00fcrkiye genelinde devlet ve vak\u0131f \u00fcniversitelerinde veya akademilerinde, 2 ya da 4 y\u0131ll\u0131k Moda, Tekstil, Mimarl\u0131k, Grafik ve End\u00fcstriyel Tasar\u0131m gibi&nbsp;<strong>G\u00fczel Sanatlar Fak\u00fclteleri<\/strong>nin ilgili b\u00f6l\u00fcmlerinde e\u011fitim g\u00f6ren \u00fcniversite \u00f6\u011frencileri ba\u015fvurabilecek.<\/p>\n\n\n\n<p>Yar\u0131\u015fmaya kat\u0131lmak isteyen \u00f6\u011frenciler, yaln\u0131zca at\u0131k denim kuma\u015flar ve s\u00fcrd\u00fcr\u00fclebilir materyaller kullanarak&nbsp;<strong>DenimNova<\/strong>&nbsp;temas\u0131 kapsam\u0131nda geli\u015ftirdikleri d\u00f6rt tasar\u0131m\u0131; \u00fcr\u00fcn paftas\u0131, moodboard ve tasar\u0131m hik\u00e2yeleriyle birlikte&nbsp;<a href=\"https:\/\/denimfikrim.com\/?utm_source=chatgpt.com\"><strong>https:\/\/denimfikrim.com\/<\/strong><\/a>&nbsp;adresi \u00fczerinden iletebilecek.<\/p>\n\n\n\n<p><strong><u>E\u011fitim s\u00fcreci ve \u00fcretim a\u015famas\u0131<\/u><\/strong><\/p>\n\n\n\n<p>\u00d6n eleme s\u00fcrecinin ard\u0131ndan finale kalan 10 \u00f6\u011frenci,&nbsp;<strong>23 \u2013 27 Mart 2026<\/strong>&nbsp;tarihleri aras\u0131nda ger\u00e7ekle\u015ftirilecek&nbsp;<strong>Denim Fikrim E\u011fitim Haftas\u0131<\/strong>\u2019na kat\u0131lacak. Bu s\u00fcre\u00e7te kat\u0131l\u0131mc\u0131lar; alan\u0131nda uzman e\u011fitmenler taraf\u0131ndan s\u00fcrd\u00fcr\u00fclebilir denim \u00fcretimi, malzeme bilgisi ve d\u00f6n\u00fc\u015f\u00fcm teknikleri, tasar\u0131m fikrinin \u00fcr\u00fcne d\u00f6n\u00fc\u015ft\u00fcr\u00fclmesi ve tasar\u0131m hik\u00e2yesi olu\u015fturma ba\u015fl\u0131klar\u0131nda e\u011fitim alacak.<\/p>\n\n\n\n<p>E\u011fitim s\u00fcrecinin ard\u0131ndan finalistler,&nbsp;<strong>Colin\u2019s<\/strong>&nbsp;taraf\u0131ndan sa\u011flanan at\u0131k denim kuma\u015flar ve s\u00fcrd\u00fcr\u00fclebilir materyalleri kullanarak projelerini&nbsp;<strong>28 Mart \u2013 15 May\u0131s 2026<\/strong>&nbsp;tarihleri aras\u0131nda hayata ge\u00e7irecek.<\/p>\n\n\n\n<p>Bu s\u00fcre\u00e7te Ero\u011flu Giyim, Us Denim Mills, Denimer, Kipas Denim, Kasiv Leather Label ve Y\u0131lmak markalar\u0131 yar\u0131\u015fmaya sponsorluk deste\u011fi sa\u011flayacak.<\/p>\n\n\n\n<p><strong><u>J\u00fcri de\u011ferlendirmesi ve \u00f6d\u00fcller<\/u><\/strong><\/p>\n\n\n\n<p>Finalistlerin geli\u015ftirdi\u011fi tasar\u0131mlar, moda ve s\u00fcrd\u00fcr\u00fclebilirlik alanlar\u0131nda uzman isimlerden olu\u015fan j\u00fcri taraf\u0131ndan de\u011ferlendirilecek. Yar\u0131\u015fma sonunda birinci olan \u00f6\u011frenci&nbsp;<strong>200.000 TL<\/strong>, ikinci&nbsp;<strong>150.000 TL<\/strong>, \u00fc\u00e7\u00fcnc\u00fc ise&nbsp;<strong>100.000 TL<\/strong>&nbsp;para \u00f6d\u00fcl\u00fcn\u00fcn sahibi olacak; finale kalan di\u011fer \u00f6\u011frenciler ise&nbsp;<strong>Colin\u2019s<\/strong>&nbsp;hediye \u00e7ekleriyle \u00f6d\u00fcllendirilecek.<\/p>\n","protected":false},"excerpt":{"rendered":"<p>Bu y\u0131l d\u00f6rd\u00fcnc\u00fcs\u00fc d\u00fczenlenen Denim Fikrim Tasar\u0131m Yar\u0131\u015fmas\u0131, gen\u00e7 tasar\u0131mc\u0131lar\u0131 s\u00fcrd\u00fcr\u00fclebilirlik oda\u011f\u0131nda \u00fcretmeye ve denimin gelece\u011fine y\u00f6n verecek yeni tasar\u0131m yakla\u015f\u0131mlar\u0131 geli\u015ftirmeye te\u015fvik ediyor. E\u011fitimden&hellip;<\/p>\n","protected":false},"author":6,"featured_media":8432,"comment_status":"open","ping_status":"open","sticky":false,"template":"","format":"standard","meta":{"footnotes":""},"categories":[12],"tags":[],"class_list":["post-8431","post","type-post","status-publish","format-standard","has-post-thumbnail","hentry","category-perakende"],"_links":{"self":[{"href":"https:\/\/www.mallandmotto.com\/index.php\/wp-json\/wp\/v2\/posts\/8431","targetHints":{"allow":["GET"]}}],"collection":[{"href":"https:\/\/www.mallandmotto.com\/index.php\/wp-json\/wp\/v2\/posts"}],"about":[{"href":"https:\/\/www.mallandmotto.com\/index.php\/wp-json\/wp\/v2\/types\/post"}],"author":[{"embeddable":true,"href":"https:\/\/www.mallandmotto.com\/index.php\/wp-json\/wp\/v2\/users\/6"}],"replies":[{"embeddable":true,"href":"https:\/\/www.mallandmotto.com\/index.php\/wp-json\/wp\/v2\/comments?post=8431"}],"version-history":[{"count":1,"href":"https:\/\/www.mallandmotto.com\/index.php\/wp-json\/wp\/v2\/posts\/8431\/revisions"}],"predecessor-version":[{"id":8433,"href":"https:\/\/www.mallandmotto.com\/index.php\/wp-json\/wp\/v2\/posts\/8431\/revisions\/8433"}],"wp:featuredmedia":[{"embeddable":true,"href":"https:\/\/www.mallandmotto.com\/index.php\/wp-json\/wp\/v2\/media\/8432"}],"wp:attachment":[{"href":"https:\/\/www.mallandmotto.com\/index.php\/wp-json\/wp\/v2\/media?parent=8431"}],"wp:term":[{"taxonomy":"category","embeddable":true,"href":"https:\/\/www.mallandmotto.com\/index.php\/wp-json\/wp\/v2\/categories?post=8431"},{"taxonomy":"post_tag","embeddable":true,"href":"https:\/\/www.mallandmotto.com\/index.php\/wp-json\/wp\/v2\/tags?post=8431"}],"curies":[{"name":"wp","href":"https:\/\/api.w.org\/{rel}","templated":true}]}}