{"id":8590,"date":"2026-02-09T13:06:27","date_gmt":"2026-02-09T13:06:27","guid":{"rendered":"https:\/\/www.mallandmotto.com\/?p=8590"},"modified":"2026-02-09T13:06:28","modified_gmt":"2026-02-09T13:06:28","slug":"nestle-turkiye-kahvaltilik-gevrekler-genel-muduru-esra-ates-oldu","status":"publish","type":"post","link":"https:\/\/www.mallandmotto.com\/index.php\/2026\/02\/09\/nestle-turkiye-kahvaltilik-gevrekler-genel-muduru-esra-ates-oldu\/","title":{"rendered":"Nestl\u00e9 T\u00fcrkiye Kahvalt\u0131l\u0131k Gevrekler Genel M\u00fcd\u00fcr\u00fc Esra Ate\u015f oldu"},"content":{"rendered":"\n<h3 class=\"wp-block-heading\"><strong>120 y\u0131ld\u0131r T\u00fcrkiye\u2019de faaliyet g\u00f6steren Nestl\u00e9\u2019nin lider kadrosunda \u00f6nemli bir atama ger\u00e7ekle\u015fti. Nestl\u00e9 T\u00fcrkiye b\u00fcnyesindeki Kahvalt\u0131l\u0131k Gevrekler \u0130\u015f Birimi\u2019nin genel m\u00fcd\u00fcrl\u00fck koltu\u011funa 1 Ocak itibar\u0131yla, uzun y\u0131llard\u0131r farkl\u0131 alanlarda \u00f6nemli deneyimler kazanm\u0131\u015f olan Esra Ate\u015f getirildi.\u00a0<\/strong><\/h3>\n\n\n\n<p>Nestl\u00e9 T\u00fcrkiye Kahvalt\u0131l\u0131k Gevrekler \u0130\u015f Birimi\u2019nin yeni Genel M\u00fcd\u00fcr\u00fc, Nestl\u00e9 b\u00fcnyesinde 18 y\u0131l\u0131 a\u015fk\u0131n deneyime sahip Esra Ate\u015f oldu.<\/p>\n\n\n\n<p>Bo\u011fazi\u00e7i \u00dcniversitesi \u0130\u015fletme B\u00f6l\u00fcm\u00fc mezunu olan Ate\u015f, 2007 y\u0131l\u0131ndan bu yana Nestl\u00e9 T\u00fcrkiye\u2019de sat\u0131\u015f ve pazarlama alanlar\u0131nda farkl\u0131 ve kritik sorumluluklar \u00fcstlendi. Kariyeri boyunca markalar\u0131n dijital d\u00f6n\u00fc\u015f\u00fcm\u00fc, gen\u00e7 hedef kitlelerle etkile\u015fim ve yenilik\u00e7i pazarlama yakla\u015f\u0131mlar\u0131 oda\u011f\u0131nda hayata ge\u00e7irdi\u011fi projelerle bir\u00e7ok ba\u015far\u0131ya ve \u00f6d\u00fcle imza att\u0131.<\/p>\n\n\n\n<p>G\u00fc\u00e7l\u00fc ticari bak\u0131\u015f a\u00e7\u0131s\u0131 ve derin sekt\u00f6r deneyimiyle Esra Ate\u015f, Nestl\u00e9 T\u00fcrkiye Kahvalt\u0131l\u0131k Gevrekler \u0130\u015f Birimi\u2019nin s\u00fcrd\u00fcr\u00fclebilir b\u00fcy\u00fcme ve uzun vadeli de\u011fer yaratma hedeflerine liderlik edecek.<\/p>\n","protected":false},"excerpt":{"rendered":"<p>120 y\u0131ld\u0131r T\u00fcrkiye\u2019de faaliyet g\u00f6steren Nestl\u00e9\u2019nin lider kadrosunda \u00f6nemli bir atama ger\u00e7ekle\u015fti. Nestl\u00e9 T\u00fcrkiye b\u00fcnyesindeki Kahvalt\u0131l\u0131k Gevrekler \u0130\u015f Birimi\u2019nin genel m\u00fcd\u00fcrl\u00fck koltu\u011funa 1 Ocak itibar\u0131yla,&hellip;<\/p>\n","protected":false},"author":6,"featured_media":8591,"comment_status":"open","ping_status":"open","sticky":false,"template":"","format":"standard","meta":{"footnotes":""},"categories":[18],"tags":[],"class_list":["post-8590","post","type-post","status-publish","format-standard","has-post-thumbnail","hentry","category-atamalar"],"_links":{"self":[{"href":"https:\/\/www.mallandmotto.com\/index.php\/wp-json\/wp\/v2\/posts\/8590","targetHints":{"allow":["GET"]}}],"collection":[{"href":"https:\/\/www.mallandmotto.com\/index.php\/wp-json\/wp\/v2\/posts"}],"about":[{"href":"https:\/\/www.mallandmotto.com\/index.php\/wp-json\/wp\/v2\/types\/post"}],"author":[{"embeddable":true,"href":"https:\/\/www.mallandmotto.com\/index.php\/wp-json\/wp\/v2\/users\/6"}],"replies":[{"embeddable":true,"href":"https:\/\/www.mallandmotto.com\/index.php\/wp-json\/wp\/v2\/comments?post=8590"}],"version-history":[{"count":1,"href":"https:\/\/www.mallandmotto.com\/index.php\/wp-json\/wp\/v2\/posts\/8590\/revisions"}],"predecessor-version":[{"id":8592,"href":"https:\/\/www.mallandmotto.com\/index.php\/wp-json\/wp\/v2\/posts\/8590\/revisions\/8592"}],"wp:featuredmedia":[{"embeddable":true,"href":"https:\/\/www.mallandmotto.com\/index.php\/wp-json\/wp\/v2\/media\/8591"}],"wp:attachment":[{"href":"https:\/\/www.mallandmotto.com\/index.php\/wp-json\/wp\/v2\/media?parent=8590"}],"wp:term":[{"taxonomy":"category","embeddable":true,"href":"https:\/\/www.mallandmotto.com\/index.php\/wp-json\/wp\/v2\/categories?post=8590"},{"taxonomy":"post_tag","embeddable":true,"href":"https:\/\/www.mallandmotto.com\/index.php\/wp-json\/wp\/v2\/tags?post=8590"}],"curies":[{"name":"wp","href":"https:\/\/api.w.org\/{rel}","templated":true}]}}