{"id":862,"date":"2025-07-15T13:22:49","date_gmt":"2025-07-15T13:22:49","guid":{"rendered":"https:\/\/www.mallandmotto.com\/?p=862"},"modified":"2025-07-21T20:26:23","modified_gmt":"2025-07-21T20:26:23","slug":"avmlerde-metrekare-verimliligi-yukseliste","status":"publish","type":"post","link":"https:\/\/www.mallandmotto.com\/index.php\/2025\/07\/15\/avmlerde-metrekare-verimliligi-yukseliste\/","title":{"rendered":"AVM\u2019lerde Metrekare Verimlili\u011fi Y\u00fckseli\u015fte!"},"content":{"rendered":"\n<h3 class=\"wp-block-heading\">AVM Metrekare Verimlilik Endeksi martta y\u0131ll\u0131k bazda y\u00fczde 37,5 artarak 3 bin 829 puana y\u00fckseldi.<\/h3>\n\n\n\n<p><a href=\"https:\/\/www.inbusiness.com.tr\/index\/alisveris-merkezleri-ve-yatirimcilari-dernegi\" target=\"_blank\" rel=\"noreferrer noopener\">Al\u0131\u015fveri\u015f Merkezleri ve Yat\u0131r\u0131mc\u0131lar\u0131 Derne\u011fi<\/a>&nbsp;(AYD) ile Akademetre Research i\u015fbirli\u011finde olu\u015fturulan endeksin mart ay\u0131 sonu\u00e7lar\u0131 a\u00e7\u0131kland\u0131.<\/p>\n\n\n\n<p>Her ay d\u00fczenli olarak yay\u0131nlanan verilere g\u00f6re, ciro endeksi, martta ge\u00e7en y\u0131l\u0131n ayn\u0131 d\u00f6nemi ile kar\u015f\u0131la\u015ft\u0131r\u0131ld\u0131\u011f\u0131nda ve enflasyondan ar\u0131nd\u0131r\u0131lmam\u0131\u015f olarak incelendi\u011finde y\u00fczde 37,5 artarak 3 bin 829 puana ula\u015ft\u0131. Bu art\u0131\u015f\u0131n martta y\u00fczde 38,1 olan y\u0131ll\u0131k enflasyonun k\u0131smen alt\u0131nda kald\u0131\u011f\u0131 g\u00f6r\u00fcld\u00fc.<\/p>\n\n\n\n<p>A\u00e7\u0131klamada g\u00f6r\u00fc\u015flerine yer verilen ekonomist Fatih Keresteci, AVM ciro endeksinin martta reel manada performans\u0131n\u0131 korudu\u011funun s\u00f6ylenebilece\u011fini belirterek, \u015fubat ay\u0131na g\u00f6re ise belirgin bir toparlanma oldu\u011funu bildirdi.<\/p>\n\n\n\n<ul class=\"wp-block-list\">\n<li><\/li>\n\n\n\n<li><\/li>\n\n\n\n<li><\/li>\n<\/ul>\n\n\n\n<p>10:51 &#8211; 18.04.2025, Cuma&nbsp;<\/p>\n\n\n\n<h4 class=\"wp-block-heading\">AVM Metrekare Verimlilik Endeksi martta y\u0131ll\u0131k bazda y\u00fczde 37,5 artarak 3 bin 829 puana y\u00fckseldi.<\/h4>\n\n\n\n<p><a href=\"https:\/\/www.inbusiness.com.tr\/index\/alisveris-merkezleri-ve-yatirimcilari-dernegi\" target=\"_blank\" rel=\"noreferrer noopener\">Al\u0131\u015fveri\u015f Merkezleri ve Yat\u0131r\u0131mc\u0131lar\u0131 Derne\u011fi<\/a>&nbsp;(AYD) ile Akademetre Research i\u015fbirli\u011finde olu\u015fturulan endeksin mart ay\u0131 sonu\u00e7lar\u0131 a\u00e7\u0131kland\u0131.<\/p>\n\n\n\n<p>Her ay d\u00fczenli olarak yay\u0131nlanan verilere g\u00f6re, ciro endeksi, martta ge\u00e7en y\u0131l\u0131n ayn\u0131 d\u00f6nemi ile kar\u015f\u0131la\u015ft\u0131r\u0131ld\u0131\u011f\u0131nda ve enflasyondan ar\u0131nd\u0131r\u0131lmam\u0131\u015f olarak incelendi\u011finde y\u00fczde 37,5 artarak 3 bin 829 puana ula\u015ft\u0131. Bu art\u0131\u015f\u0131n martta y\u00fczde 38,1 olan y\u0131ll\u0131k enflasyonun k\u0131smen alt\u0131nda kald\u0131\u011f\u0131 g\u00f6r\u00fcld\u00fc.<\/p>\n\n\n\n<p>A\u00e7\u0131klamada g\u00f6r\u00fc\u015flerine yer verilen ekonomist Fatih Keresteci, AVM ciro endeksinin martta reel manada performans\u0131n\u0131 korudu\u011funun s\u00f6ylenebilece\u011fini belirterek, \u015fubat ay\u0131na g\u00f6re ise belirgin bir toparlanma oldu\u011funu bildirdi.<\/p>\n\n\n\n<p>Keresteci, &#8220;Enflasyondan ar\u0131nd\u0131r\u0131lm\u0131\u015f endekse g\u00f6re martta \u015fubata g\u00f6re y\u00fczde 16&#8217;l\u0131k b\u00fcy\u00fcme var. Asl\u0131nda bu durum \u00f6nc\u00fc verilerle biraz uyumsuz. Hem ramazan ay\u0131 etkisi hem de ay\u0131n ikinci yar\u0131s\u0131nda finansal piyasalarda ya\u015fanan sert t\u00fcrb\u00fclans nedeniyle al\u0131\u015fveri\u015f ekonomisinin bir miktar daralmas\u0131n\u0131 beklerdik.&#8221; ifadelerini kulland\u0131.<\/p>\n\n\n\n<p>&#8211; En y\u00fcksek b\u00fcy\u00fcme giyim kategorisinde<\/p>\n\n\n\n<p>Fatih Keresteci, kategori baz\u0131nda en y\u00fcksek b\u00fcy\u00fcmenin kategori y\u00fczde 53,8 ile giyimde oldu\u011funu belirterek, bu alanda yap\u0131lan indirimlerin sat\u0131\u015flar\u0131 art\u0131rd\u0131\u011f\u0131n\u0131 kaydetti.<\/p>\n\n\n\n<p>Reel b\u00fcy\u00fcme kaydeden bir di\u011feri kategorinin hipermarket oldu\u011funu aktaran Keresteci, &#8220;Ramazan ve akabinde gelen bayram\u0131n etkisi a\u00e7\u0131k bir \u015fekilde yans\u0131m\u0131\u015f. En zay\u0131f kategori performanslar\u0131 ayakkab\u0131 ve teknolojilerde olmay\u0131 s\u00fcrd\u00fcrm\u00fc\u015f. Merkez Bankas\u0131 i\u00e7 talepteki canl\u0131l\u0131\u011f\u0131 enflasyonun nedenlerinden birisi olarak kabul ediyor olsa da martta AVM endekslerinin g\u00f6sterdi\u011fi g\u00f6receli canl\u0131l\u0131\u011f\u0131n, yukar\u0131da belirtti\u011fimiz nedenden dolay\u0131 enflasyonist olmad\u0131\u011f\u0131n\u0131 tahmin ediyoruz.&#8221; de\u011ferlendirmesinde bulundu.<\/p>\n","protected":false},"excerpt":{"rendered":"<p>AVM Metrekare Verimlilik Endeksi martta y\u0131ll\u0131k bazda y\u00fczde 37,5 artarak 3 bin 829 puana y\u00fckseldi. Al\u0131\u015fveri\u015f Merkezleri ve Yat\u0131r\u0131mc\u0131lar\u0131 Derne\u011fi&nbsp;(AYD) ile Akademetre Research i\u015fbirli\u011finde olu\u015fturulan&hellip;<\/p>\n","protected":false},"author":6,"featured_media":863,"comment_status":"open","ping_status":"open","sticky":false,"template":"","format":"standard","meta":{"footnotes":""},"categories":[28,11,30],"tags":[],"class_list":["post-862","post","type-post","status-publish","format-standard","has-post-thumbnail","hentry","category-arastirma","category-avm","category-surmanset"],"_links":{"self":[{"href":"https:\/\/www.mallandmotto.com\/index.php\/wp-json\/wp\/v2\/posts\/862","targetHints":{"allow":["GET"]}}],"collection":[{"href":"https:\/\/www.mallandmotto.com\/index.php\/wp-json\/wp\/v2\/posts"}],"about":[{"href":"https:\/\/www.mallandmotto.com\/index.php\/wp-json\/wp\/v2\/types\/post"}],"author":[{"embeddable":true,"href":"https:\/\/www.mallandmotto.com\/index.php\/wp-json\/wp\/v2\/users\/6"}],"replies":[{"embeddable":true,"href":"https:\/\/www.mallandmotto.com\/index.php\/wp-json\/wp\/v2\/comments?post=862"}],"version-history":[{"count":2,"href":"https:\/\/www.mallandmotto.com\/index.php\/wp-json\/wp\/v2\/posts\/862\/revisions"}],"predecessor-version":[{"id":1765,"href":"https:\/\/www.mallandmotto.com\/index.php\/wp-json\/wp\/v2\/posts\/862\/revisions\/1765"}],"wp:featuredmedia":[{"embeddable":true,"href":"https:\/\/www.mallandmotto.com\/index.php\/wp-json\/wp\/v2\/media\/863"}],"wp:attachment":[{"href":"https:\/\/www.mallandmotto.com\/index.php\/wp-json\/wp\/v2\/media?parent=862"}],"wp:term":[{"taxonomy":"category","embeddable":true,"href":"https:\/\/www.mallandmotto.com\/index.php\/wp-json\/wp\/v2\/categories?post=862"},{"taxonomy":"post_tag","embeddable":true,"href":"https:\/\/www.mallandmotto.com\/index.php\/wp-json\/wp\/v2\/tags?post=862"}],"curies":[{"name":"wp","href":"https:\/\/api.w.org\/{rel}","templated":true}]}}