{"id":868,"date":"2025-07-15T13:40:47","date_gmt":"2025-07-15T13:40:47","guid":{"rendered":"https:\/\/www.mallandmotto.com\/?p=868"},"modified":"2025-07-15T13:40:48","modified_gmt":"2025-07-15T13:40:48","slug":"mediamarktsaturnde-turk-yoneticiden-global-yukselis","status":"publish","type":"post","link":"https:\/\/www.mallandmotto.com\/index.php\/2025\/07\/15\/mediamarktsaturnde-turk-yoneticiden-global-yukselis\/","title":{"rendered":"MediaMarktSaturn\u2019de T\u00fcrk Y\u00f6neticiden Global Y\u00fckseli\u015f"},"content":{"rendered":"\n<h3 class=\"wp-block-heading\"><strong>MediaMarktSaturn Grubu b\u00fcnyesinde \u00fcst d\u00fczey uluslararas\u0131 bir atama ger\u00e7ekle\u015fti. MediaMarkt \u0130spanya CEO\u2019su Faruk Kocaba\u015f, MediaMarktSaturn Perakende Grubu\u2019nda Ticari\u00a0Operasyonlardan Sorumlu Y\u00f6netim Kurulu \u00dcyesi (COO) olarak atand\u0131. \u0130spanya, Bel\u00e7ika, Hollanda, L\u00fcksemburg (BeNeLux), T\u00fcrkiye ve Polonya\u2019n\u0131n yan\u0131 s\u0131ra t\u00fcm grubun B2B alan\u0131na da liderlik edecek olan Kocaba\u015f, ek olarak 1 Haziran 2025\u2019ten itibaren \u0130spanya\u2019ya ek olarak BeNeLux Y\u00f6netim Kurulu\u2019nda da Genel M\u00fcd\u00fcrl\u00fck g\u00f6revini \u00fcstlenecek.<\/strong><\/h3>\n\n\n\n<p>Faruk Kocaba\u015f, MediaMarktSaturn Grup b\u00fcnyesinde iki \u00fcst d\u00fczey g\u00f6rev daha \u00fcstleniyor. 2023 y\u0131l\u0131nda T\u00fcrkiye\u2019den MediaMarkt \u0130spanya\u2019ya CEO olarak atanan Kocaba\u015f, MediaMarktSaturn Perakende Grubu\u2019nda Ticari Operasyonlardan Sorumlu Y\u00f6netim Kurulu \u00dcyesi (COO) oldu. Ayr\u0131ca Kocaba\u015f, MediaMarkt BeNeLux Y\u00f6netim Kurulu\u2019nda Genel M\u00fcd\u00fcrl\u00fck g\u00f6revlerine atand\u0131. MediaMarkt \u0130spanya\u2019daki CEO rol\u00fcn\u00fc de devam ettirecek olan Kocaba\u015f, yeni g\u00f6revlerine 1 Haziran 2025 itibar\u0131yla ba\u015flad\u0131.<\/p>\n\n\n\n<p>2016\u2019dan bu yana MediaMarktSaturn b\u00fcnyesinde \u00e7e\u015fitli pozisyonlarda g\u00f6rev alan Faruk Kocaba\u015f, T\u00fcrkiye\u2019de oldu\u011fu d\u00f6nemde T\u00fcrkiye\u2019nin Pazar liderli\u011fi yolculu\u011funu ba\u015far\u0131yla y\u00f6netti. Kocaba\u015f, 2023 y\u0131l\u0131nda MediaMarkt \u0130spanya\u2019n\u0131n y\u00f6netimini \u00fcstlenerek \u015firketin i\u015f hacmini g\u00fc\u00e7lendirdi ve \u00fclke y\u00f6netim ekibini sa\u011flamla\u015ft\u0131rd\u0131.<\/p>\n\n\n\n<p>Uluslararas\u0131 \u015firketlerdeki uzun kariyeri boyunca her zaman ba\u015far\u0131l\u0131 i\u015flere imza atan Kocaba\u015f, ODT\u00dc \u0130\u015fletme B\u00f6l\u00fcm\u00fc mezunudur.<\/p>\n","protected":false},"excerpt":{"rendered":"<p>MediaMarktSaturn Grubu b\u00fcnyesinde \u00fcst d\u00fczey uluslararas\u0131 bir atama ger\u00e7ekle\u015fti. MediaMarkt \u0130spanya CEO\u2019su Faruk Kocaba\u015f, MediaMarktSaturn Perakende Grubu\u2019nda Ticari\u00a0Operasyonlardan Sorumlu Y\u00f6netim Kurulu \u00dcyesi (COO) olarak atand\u0131.&hellip;<\/p>\n","protected":false},"author":6,"featured_media":869,"comment_status":"open","ping_status":"open","sticky":false,"template":"","format":"standard","meta":{"footnotes":""},"categories":[18],"tags":[],"class_list":["post-868","post","type-post","status-publish","format-standard","has-post-thumbnail","hentry","category-atamalar"],"_links":{"self":[{"href":"https:\/\/www.mallandmotto.com\/index.php\/wp-json\/wp\/v2\/posts\/868","targetHints":{"allow":["GET"]}}],"collection":[{"href":"https:\/\/www.mallandmotto.com\/index.php\/wp-json\/wp\/v2\/posts"}],"about":[{"href":"https:\/\/www.mallandmotto.com\/index.php\/wp-json\/wp\/v2\/types\/post"}],"author":[{"embeddable":true,"href":"https:\/\/www.mallandmotto.com\/index.php\/wp-json\/wp\/v2\/users\/6"}],"replies":[{"embeddable":true,"href":"https:\/\/www.mallandmotto.com\/index.php\/wp-json\/wp\/v2\/comments?post=868"}],"version-history":[{"count":1,"href":"https:\/\/www.mallandmotto.com\/index.php\/wp-json\/wp\/v2\/posts\/868\/revisions"}],"predecessor-version":[{"id":870,"href":"https:\/\/www.mallandmotto.com\/index.php\/wp-json\/wp\/v2\/posts\/868\/revisions\/870"}],"wp:featuredmedia":[{"embeddable":true,"href":"https:\/\/www.mallandmotto.com\/index.php\/wp-json\/wp\/v2\/media\/869"}],"wp:attachment":[{"href":"https:\/\/www.mallandmotto.com\/index.php\/wp-json\/wp\/v2\/media?parent=868"}],"wp:term":[{"taxonomy":"category","embeddable":true,"href":"https:\/\/www.mallandmotto.com\/index.php\/wp-json\/wp\/v2\/categories?post=868"},{"taxonomy":"post_tag","embeddable":true,"href":"https:\/\/www.mallandmotto.com\/index.php\/wp-json\/wp\/v2\/tags?post=868"}],"curies":[{"name":"wp","href":"https:\/\/api.w.org\/{rel}","templated":true}]}}