{"id":8900,"date":"2026-02-27T06:47:09","date_gmt":"2026-02-27T06:47:09","guid":{"rendered":"https:\/\/www.mallandmotto.com\/?p=8900"},"modified":"2026-02-27T13:50:25","modified_gmt":"2026-02-27T13:50:25","slug":"ece-turkiyeden-adanaya-stratejik-perakende-yatirimi","status":"publish","type":"post","link":"https:\/\/www.mallandmotto.com\/index.php\/2026\/02\/27\/ece-turkiyeden-adanaya-stratejik-perakende-yatirimi\/","title":{"rendered":"ECE Projeyi Se\u00e7er"},"content":{"rendered":"\n<h3 class=\"wp-block-heading\">Mall&amp;Motto\u00a0ekibi olarak yerinde takip etti\u011fimiz\u00a0Adapalm\u00a0Al\u0131\u015fveri\u015f ve E\u011flence Merkezi toplant\u0131s\u0131nda, ECE T\u00fcrkiye ve\u00a0Akpolat\u00a0Ailesi\u2019nin yat\u0131r\u0131m vizyonunun b\u00f6lgeyi nas\u0131l yeni bir \u00e7ekim merkezine d\u00f6n\u00fc\u015ft\u00fcrece\u011fi payla\u015f\u0131ld\u0131.<br><br><\/h3>\n\n\n\n<p>Mall&amp;Motto&nbsp;olarak yerinde takip etti\u011fimiz tan\u0131t\u0131m toplant\u0131s\u0131nda,&nbsp;ECE T\u00fcrkiye&nbsp;ve&nbsp;AkpolatAilesi taraf\u0131ndan hayata ge\u00e7irilen&nbsp;<strong>Adapalm<\/strong><strong>&nbsp;Al\u0131\u015fveri\u015f ve E\u011flence Merkezi<\/strong>&nbsp;projesinin detaylar\u0131 aktar\u0131ld\u0131. B\u00f6lgenin yeni \u00e7ekim noktas\u0131 olmas\u0131 hedeflenen proje; marka karmas\u0131, e\u011flence alanlar\u0131 ve gastronomi se\u00e7enekleriyle Adana\u2019n\u0131n sosyal ya\u015fam\u0131na yeni bir soluk getirmeyi ama\u00e7l\u0131yor.<\/p>\n\n\n\n<p>Projeye ili\u015fkin de\u011ferlendirmelerde bulunan&nbsp;<strong>ECE T\u00fcrkiye Genel M\u00fcd\u00fcr\u00fc&nbsp;<\/strong><strong>Semet<\/strong><strong>&nbsp;<\/strong><strong>Yola\u00e7<\/strong><strong><\/strong><strong>Canl\u0131el<\/strong><strong>&nbsp;<\/strong>Adapalm\u2019in&nbsp;kente getirilece\u011fi de\u011ferleri \u015fu s\u00f6zlerle payla\u015ft\u0131:<\/p>\n\n\n\n<p>\u201cAdapalm\u2019i&nbsp;planlarken&nbsp;Adana\u2019n\u0131n demografik yap\u0131s\u0131n\u0131, g\u00fcnl\u00fck ya\u015fam al\u0131\u015fkanl\u0131klar\u0131n\u0131 ve b\u00f6lgenin geli\u015fim potansiyelini detayl\u0131 \u015fekilde analiz ettik. Adana; n\u00fcfus b\u00fcy\u00fckl\u00fc\u011f\u00fc, \u00e7evre illerle kurdu\u011fu g\u00fc\u00e7l\u00fc ba\u011f ve artan yat\u0131r\u0131mlara ra\u011fmen, modern ve deneyim odakl\u0131 al\u0131\u015fveri\u015f merkezi arz\u0131 a\u00e7\u0131s\u0131ndan T\u00fcrkiye ortalamalar\u0131n\u0131n alt\u0131nda kalan bir \u015fehir. Bu da do\u011fru kurgulanm\u0131\u015f projeler i\u00e7in \u00f6nemli bir f\u0131rsat alan\u0131 yarat\u0131yor. ECE T\u00fcrkiye olarak&nbsp;Adapalm\u2019dek\u00fcresel trendleri yerele ta\u015f\u0131yan, nitelikli ve \u00e7e\u015fitli marka karmas\u0131yla b\u00f6lgeye ilkleri getiren, g\u00fc\u00e7l\u00fc e\u011flence ve gastronomi arz\u0131yla \u00e7ekim g\u00fcc\u00fc olu\u015fturan ve sosyalle\u015fme alanlar\u0131 ile g\u00fcn\u00fcn her saatinde misafirlerimizin konforlu zaman ge\u00e7irebildikleri bir bulu\u015fma noktas\u0131 olu\u015fturaca\u011f\u0131z. Markalar\u0131n en yeni konseptleriyle b\u00f6lge ile bulu\u015facak olmalar\u0131 bizleri heyecanland\u0131r\u0131yor.\u201d<\/p>\n\n\n\n<p>Toplant\u0131da konu\u015fan projenin yat\u0131r\u0131mc\u0131lar\u0131ndan&nbsp;<strong>Sinan&nbsp;<\/strong><strong>Akpolat<\/strong>, projeye uzun vadeli bir de\u011fer perspektifiyle yakla\u015ft\u0131klar\u0131n\u0131 belirtti:<\/p>\n\n\n\n<p>\u201cBiz yat\u0131r\u0131mlar\u0131m\u0131z\u0131 her zaman ya\u015fad\u0131\u011f\u0131m\u0131z co\u011frafyaya uzun vadeli de\u011fer yaratma perspektifiyle ele al\u0131yoruz. AVM yat\u0131r\u0131mlar\u0131na bak\u0131\u015f\u0131m\u0131z; k\u0131sa vadeli getirilerden \u00e7ok, do\u011fru konumland\u0131rma, s\u00fcrekli geli\u015fim ve g\u00fc\u00e7l\u00fc i\u015f birlikleri \u00fczerine kurulu.&nbsp;Adapalm&nbsp;AVM\u2019de de hedefimiz; b\u00f6lgenin ihtiya\u00e7lar\u0131n\u0131 do\u011fru okuyan, perakendeci i\u00e7in sa\u011fl\u0131kl\u0131 bir ticari zemin, ziyaret\u00e7iler i\u00e7in ise y\u0131llar boyunca kar\u015f\u0131l\u0131k bulacak bir ya\u015fam alan\u0131 olu\u015fturmak. Bu vizyonu hayata ge\u00e7irirken ECE T\u00fcrkiye gibi sekt\u00f6rde g\u00fc\u00e7l\u00fc ve deneyimli bir i\u015f orta\u011f\u0131 ile \u00e7al\u0131\u015fmak, projenin temel yap\u0131 ta\u015flar\u0131ndan biri oldu.\u201d<\/p>\n\n\n\n<p>Yat\u0131r\u0131mc\u0131 ortaklardan&nbsp;<strong>Seda&nbsp;<\/strong><strong>Akpolat<\/strong>&nbsp;ise Adana\u2019n\u0131n sosyal ve ekonomik potansiyeline vurgu yaparak projenin vizyonunu \u015f\u00f6yle \u00f6zetledi:<\/p>\n\n\n\n<p>\u201cAdana; g\u00fc\u00e7l\u00fc ticaret k\u00fclt\u00fcr\u00fc, gen\u00e7 n\u00fcfusu ve \u00e7evre illerle kurdu\u011fu ba\u011flarla hen\u00fcz t\u00fcm potansiyelini ortaya koymam\u0131\u015f \u00e7ok \u00f6zel bir \u015fehir.&nbsp;Adapalm&nbsp;AVM\u2019yi, bu potansiyelin do\u011fal bir par\u00e7as\u0131 olacak \u015fekilde; ailelerin, gen\u00e7lerin ve \u015fehrin sosyal hayat\u0131n\u0131n bir araya geldi\u011fi, t\u00fcm payda\u015flar\u0131 i\u00e7in y\u0131llar boyunca de\u011fer \u00fcreten bir ya\u015fam merkezi olarak konumland\u0131r\u0131yoruz. Hedefimiz, Adana\u2019ya yak\u0131\u015fan, \u015fehirle g\u00fc\u00e7l\u00fc bir ba\u011f kuran ve b\u00f6lgeye de\u011fer katan bir bulu\u015fma noktas\u0131 yaratmak. HUPALUPA ile Akdeniz B\u00f6lgesi\u2019nin en b\u00fcy\u00fck \u00e7ocuk ve gen\u00e7 e\u011flence alan\u0131n\u0131 \u015fehre kazand\u0131rmak da bu vizyonun \u00f6nemli bir par\u00e7as\u0131.\u201d<\/p>\n\n\n\n<p>Adapalm&nbsp;Al\u0131\u015fveri\u015f ve E\u011flence Merkezi, t\u00fcm bu vizyon do\u011frultusunda 2026 sonunda kap\u0131lar\u0131n\u0131 a\u00e7arak hem Adana\u2019n\u0131n hem de Do\u011fu Akdeniz\u2019in yeni bulu\u015fma, deneyim ve ya\u015fam merkezi olmay\u0131 hedefliyor.<\/p>\n","protected":false},"excerpt":{"rendered":"<p>Mall&amp;Motto\u00a0ekibi olarak yerinde takip etti\u011fimiz\u00a0Adapalm\u00a0Al\u0131\u015fveri\u015f ve E\u011flence Merkezi toplant\u0131s\u0131nda, ECE T\u00fcrkiye ve\u00a0Akpolat\u00a0Ailesi\u2019nin yat\u0131r\u0131m vizyonunun b\u00f6lgeyi nas\u0131l yeni bir \u00e7ekim merkezine d\u00f6n\u00fc\u015ft\u00fcrece\u011fi payla\u015f\u0131ld\u0131. Mall&amp;Motto&nbsp;olarak yerinde takip&hellip;<\/p>\n","protected":false},"author":6,"featured_media":8901,"comment_status":"open","ping_status":"open","sticky":false,"template":"","format":"standard","meta":{"footnotes":""},"categories":[11],"tags":[],"class_list":["post-8900","post","type-post","status-publish","format-standard","has-post-thumbnail","hentry","category-avm"],"_links":{"self":[{"href":"https:\/\/www.mallandmotto.com\/index.php\/wp-json\/wp\/v2\/posts\/8900","targetHints":{"allow":["GET"]}}],"collection":[{"href":"https:\/\/www.mallandmotto.com\/index.php\/wp-json\/wp\/v2\/posts"}],"about":[{"href":"https:\/\/www.mallandmotto.com\/index.php\/wp-json\/wp\/v2\/types\/post"}],"author":[{"embeddable":true,"href":"https:\/\/www.mallandmotto.com\/index.php\/wp-json\/wp\/v2\/users\/6"}],"replies":[{"embeddable":true,"href":"https:\/\/www.mallandmotto.com\/index.php\/wp-json\/wp\/v2\/comments?post=8900"}],"version-history":[{"count":4,"href":"https:\/\/www.mallandmotto.com\/index.php\/wp-json\/wp\/v2\/posts\/8900\/revisions"}],"predecessor-version":[{"id":8931,"href":"https:\/\/www.mallandmotto.com\/index.php\/wp-json\/wp\/v2\/posts\/8900\/revisions\/8931"}],"wp:featuredmedia":[{"embeddable":true,"href":"https:\/\/www.mallandmotto.com\/index.php\/wp-json\/wp\/v2\/media\/8901"}],"wp:attachment":[{"href":"https:\/\/www.mallandmotto.com\/index.php\/wp-json\/wp\/v2\/media?parent=8900"}],"wp:term":[{"taxonomy":"category","embeddable":true,"href":"https:\/\/www.mallandmotto.com\/index.php\/wp-json\/wp\/v2\/categories?post=8900"},{"taxonomy":"post_tag","embeddable":true,"href":"https:\/\/www.mallandmotto.com\/index.php\/wp-json\/wp\/v2\/tags?post=8900"}],"curies":[{"name":"wp","href":"https:\/\/api.w.org\/{rel}","templated":true}]}}