{"id":8966,"date":"2026-03-06T07:26:40","date_gmt":"2026-03-06T07:26:40","guid":{"rendered":"https:\/\/www.mallandmotto.com\/?p=8966"},"modified":"2026-03-06T07:26:41","modified_gmt":"2026-03-06T07:26:41","slug":"polat-piyalepasa-carsida-yeni-sanat-duragi-artopol-sanat-galerisi","status":"publish","type":"post","link":"https:\/\/www.mallandmotto.com\/index.php\/2026\/03\/06\/polat-piyalepasa-carsida-yeni-sanat-duragi-artopol-sanat-galerisi\/","title":{"rendered":"Polat Piyalepa\u015fa \u00c7ar\u015f\u0131\u2019da Yeni Sanat Dura\u011f\u0131: Artopol Sanat Galerisi"},"content":{"rendered":"\n<h3 class=\"wp-block-heading\"><strong>Polat g\u00fcvencesiyle hayata ge\u00e7irilen Polat Piyalepa\u015fa \u00c7ar\u015f\u0131, yeni sanat galerisi Artopol\u2019a ev sahipli\u011fi yap\u0131yor. Galeri, 26 Mart \u201315 Haziran 2026\u00a0tarihleri aras\u0131nda ger\u00e7ekle\u015fecek sergi program\u0131yla sanatseverlerle bulu\u015facak.<\/strong>\u00a0<strong>Galerinin mekandaki ilk sergisi \u201c\u0130n\u015fa\u2019\u2019, yaln\u0131zca bir yap\u0131n\u0131n ortaya \u00e7\u0131k\u0131\u015f\u0131n\u0131 de\u011fil; bir d\u00fc\u015f\u00fcncenin, duygunun ve toplumsal ba\u011f\u0131n olu\u015fum s\u00fcrecini de ifade ediyor.<\/strong><\/h3>\n\n\n\n<p>Sanat galerileri, gastronomi alanlar\u0131 ve sosyal ya\u015fam\u0131n bulu\u015fma noktas\u0131 olan Polat Piyalepa\u015fa \u00c7ar\u015f\u0131, ziyaret\u00e7ilerine \u00e7ok y\u00f6nl\u00fc bir deneyim sunuyor. \u0130stanbul\u2019un geli\u015fen ve d\u00f6n\u00fc\u015fen b\u00f6lgelerinden Piyalepa\u015fa\u2019da yeni mekan\u0131na ta\u015f\u0131nan Artopol Sanat Galerisi, &nbsp;\u00e7a\u011fda\u015f sanat\u0131n farkl\u0131 disiplinlerini bir araya getiren sergi program\u0131yla dikkat \u00e7ekiyor.&nbsp;<\/p>\n\n\n\n<p>Bu yeni konum, Artopol\u2019\u00fcn \u00e7a\u011fda\u015f sanat\u0131n nabz\u0131n\u0131 tutan projelerine ev sahipli\u011fi yaparken, ziyaret\u00e7ilere \u015fehrin d\u00f6n\u00fc\u015f\u00fcm\u00fcn\u00fc sanatla birlikte deneyimleme f\u0131rsat\u0131 sunuyor. Artopol Sanat Galerisi\u2019nin yeni mekandaki ilk sergisi olan&nbsp;<strong>\u201c\u0130n\u015fa<\/strong>\u201d,&nbsp;<strong>26 Mart \u2013 26 Nisan 2026<\/strong>&nbsp;tarihleri aras\u0131nda sanatseverlerle bulu\u015facak.&nbsp;<\/p>\n\n\n\n<p>Sergide Erdin\u00e7 Babat, Gizem Boyac\u0131o\u011flu, Emin \u00c7elik, Veysel Da\u015f\u00e7\u0131, Atilla Dur, Ali Duman, Can Kabba, Tansu K\u0131rc\u0131, Seydi Murat Ko\u00e7, Studio Glem ve Dil\u015fad Erg\u00fcn \u015eerifo\u011flu\u2019nun eserleri yer al\u0131yor. Sergi, in\u015faat\u0131n fiziksel katmanlar\u0131n\u0131 sanatsal \u00fcretimin metaforlar\u0131yla bulu\u015fturarak kimlik, haf\u0131za ve gelecek tahayy\u00fcllerine odaklan\u0131yor. \u201c\u0130n\u015fa\u201d, yaln\u0131zca bir yap\u0131n\u0131n ortaya \u00e7\u0131k\u0131\u015f\u0131n\u0131 de\u011fil; ayn\u0131 zamanda bir d\u00fc\u015f\u00fcncenin, duygunun ve toplumsal ba\u011f\u0131n olu\u015fum s\u00fcrecini de ifade ediyor.<\/p>\n\n\n\n<p>Galeri program\u0131 kapsam\u0131nda ayr\u0131ca,&nbsp;<strong>15 May\u0131s \u2013 15 Haziran 2026<\/strong>&nbsp;tarihleri aras\u0131nda&nbsp;<strong>\u201cDirty White House\u201d<\/strong>&nbsp;ba\u015fl\u0131kl\u0131 solo sergisi&nbsp;ziyaret\u00e7ilerini a\u011f\u0131rlayacak.<\/p>\n","protected":false},"excerpt":{"rendered":"<p>Polat g\u00fcvencesiyle hayata ge\u00e7irilen Polat Piyalepa\u015fa \u00c7ar\u015f\u0131, yeni sanat galerisi Artopol\u2019a ev sahipli\u011fi yap\u0131yor. Galeri, 26 Mart \u201315 Haziran 2026\u00a0tarihleri aras\u0131nda ger\u00e7ekle\u015fecek sergi program\u0131yla sanatseverlerle&hellip;<\/p>\n","protected":false},"author":6,"featured_media":8967,"comment_status":"open","ping_status":"open","sticky":false,"template":"","format":"standard","meta":{"footnotes":""},"categories":[22],"tags":[],"class_list":["post-8966","post","type-post","status-publish","format-standard","has-post-thumbnail","hentry","category-kultursanat"],"_links":{"self":[{"href":"https:\/\/www.mallandmotto.com\/index.php\/wp-json\/wp\/v2\/posts\/8966","targetHints":{"allow":["GET"]}}],"collection":[{"href":"https:\/\/www.mallandmotto.com\/index.php\/wp-json\/wp\/v2\/posts"}],"about":[{"href":"https:\/\/www.mallandmotto.com\/index.php\/wp-json\/wp\/v2\/types\/post"}],"author":[{"embeddable":true,"href":"https:\/\/www.mallandmotto.com\/index.php\/wp-json\/wp\/v2\/users\/6"}],"replies":[{"embeddable":true,"href":"https:\/\/www.mallandmotto.com\/index.php\/wp-json\/wp\/v2\/comments?post=8966"}],"version-history":[{"count":1,"href":"https:\/\/www.mallandmotto.com\/index.php\/wp-json\/wp\/v2\/posts\/8966\/revisions"}],"predecessor-version":[{"id":8968,"href":"https:\/\/www.mallandmotto.com\/index.php\/wp-json\/wp\/v2\/posts\/8966\/revisions\/8968"}],"wp:featuredmedia":[{"embeddable":true,"href":"https:\/\/www.mallandmotto.com\/index.php\/wp-json\/wp\/v2\/media\/8967"}],"wp:attachment":[{"href":"https:\/\/www.mallandmotto.com\/index.php\/wp-json\/wp\/v2\/media?parent=8966"}],"wp:term":[{"taxonomy":"category","embeddable":true,"href":"https:\/\/www.mallandmotto.com\/index.php\/wp-json\/wp\/v2\/categories?post=8966"},{"taxonomy":"post_tag","embeddable":true,"href":"https:\/\/www.mallandmotto.com\/index.php\/wp-json\/wp\/v2\/tags?post=8966"}],"curies":[{"name":"wp","href":"https:\/\/api.w.org\/{rel}","templated":true}]}}