{"id":8973,"date":"2026-03-06T09:07:01","date_gmt":"2026-03-06T09:07:01","guid":{"rendered":"https:\/\/www.mallandmotto.com\/?p=8973"},"modified":"2026-03-06T09:07:02","modified_gmt":"2026-03-06T09:07:02","slug":"m1-konya-alisveris-merkezi-8-marta-ozel-etkinliklerle-ziyaretcilerini-agirliyor","status":"publish","type":"post","link":"https:\/\/www.mallandmotto.com\/index.php\/2026\/03\/06\/m1-konya-alisveris-merkezi-8-marta-ozel-etkinliklerle-ziyaretcilerini-agirliyor\/","title":{"rendered":"M1 Konya Al\u0131\u015fveri\u015f Merkezi 8 Mart\u2019a \u00d6zel Etkinliklerle Ziyaret\u00e7ilerini A\u011f\u0131rl\u0131yor"},"content":{"rendered":"\n<h3 class=\"wp-block-heading\"><strong>Fiba CP\u2019nin y\u00f6netim faaliyetlerini y\u00fcr\u00fctt\u00fc\u011f\u00fc ve T\u00fcrkiye\u2019nin en g\u00f6zde al\u0131\u015fveri\u015f merkezlerinden M1 Konya AVM, 8 Mart D\u00fcnya Kad\u0131nlar G\u00fcn\u00fc kapsam\u0131nda 7\u20138 Mart tarihlerinde \u2018K\u00fcllerinden Yeniden Do\u011fmak\u2019 temal\u0131 mum workshopu ve kad\u0131n temal\u0131 resim sergisine ev sahipli\u011fi yapacak.<\/strong><\/h3>\n\n\n\n<p>Fiba Commercial Properties taraf\u0131ndan y\u00f6netilen M1 Konya Al\u0131\u015fveri\u015f Merkezi, 8 Mart D\u00fcnya Kad\u0131nlar G\u00fcn\u00fc kapsam\u0131nda sanat ve deneyimi bir araya getiren \u00f6zel etkinliklere ev sahipli\u011fi yap\u0131yor.<\/p>\n\n\n\n<p>7\u20138 Mart tarihlerinde saat 13.00\u201321.00 aras\u0131nda, her seans saat ba\u015f\u0131 olacak \u015fekilde ve 20 kat\u0131l\u0131mc\u0131 ile s\u0131n\u0131rl\u0131 \u2018K\u00fcllerinden Yeniden Do\u011fmak\u2019 adl\u0131 mum workshopu ger\u00e7ekle\u015ftirilecek. \u2018En g\u00fc\u00e7l\u00fc \u0131\u015f\u0131k, k\u00fcllerin i\u00e7inde do\u011far\u2019 slogan\u0131yla d\u00fczenlenecek at\u00f6lye \u00e7al\u0131\u015fmas\u0131, kat\u0131l\u0131mc\u0131lara hem yarat\u0131c\u0131 hem de ilham verici bir deneyim sunacak.<\/p>\n\n\n\n<p>Etkinlik program\u0131 kapsam\u0131nda ayr\u0131ca, 7\u20138 Mart tarihlerinde Necmettin Erbakan \u00dcniversitesi G\u00fczel Sanatlar ve Mimarl\u0131k Fak\u00fcltesi \u00f6\u011frencileri ile Sel\u00e7uk \u00dcniversitesi G\u00fczel Sanatlar Fak\u00fcltesi Resim B\u00f6l\u00fcm\u00fc \u00f6\u011frencilerinin haz\u0131rlad\u0131\u011f\u0131 kad\u0131n temal\u0131 resim sergisi de ziyaret\u00e7ilerle bulu\u015facak. Gen\u00e7 sanat\u00e7\u0131lar\u0131n eserlerinden olu\u015fan sergi, kad\u0131nlar\u0131n g\u00fcc\u00fcn\u00fc, eme\u011fini ve ya\u015fam\u0131n her alan\u0131ndaki varl\u0131\u011f\u0131n\u0131 sanat\u0131n diliyle yans\u0131tacak.<\/p>\n","protected":false},"excerpt":{"rendered":"<p>Fiba CP\u2019nin y\u00f6netim faaliyetlerini y\u00fcr\u00fctt\u00fc\u011f\u00fc ve T\u00fcrkiye\u2019nin en g\u00f6zde al\u0131\u015fveri\u015f merkezlerinden M1 Konya AVM, 8 Mart D\u00fcnya Kad\u0131nlar G\u00fcn\u00fc kapsam\u0131nda 7\u20138 Mart tarihlerinde \u2018K\u00fcllerinden Yeniden&hellip;<\/p>\n","protected":false},"author":6,"featured_media":8974,"comment_status":"open","ping_status":"open","sticky":false,"template":"","format":"standard","meta":{"footnotes":""},"categories":[11],"tags":[],"class_list":["post-8973","post","type-post","status-publish","format-standard","has-post-thumbnail","hentry","category-avm"],"_links":{"self":[{"href":"https:\/\/www.mallandmotto.com\/index.php\/wp-json\/wp\/v2\/posts\/8973","targetHints":{"allow":["GET"]}}],"collection":[{"href":"https:\/\/www.mallandmotto.com\/index.php\/wp-json\/wp\/v2\/posts"}],"about":[{"href":"https:\/\/www.mallandmotto.com\/index.php\/wp-json\/wp\/v2\/types\/post"}],"author":[{"embeddable":true,"href":"https:\/\/www.mallandmotto.com\/index.php\/wp-json\/wp\/v2\/users\/6"}],"replies":[{"embeddable":true,"href":"https:\/\/www.mallandmotto.com\/index.php\/wp-json\/wp\/v2\/comments?post=8973"}],"version-history":[{"count":1,"href":"https:\/\/www.mallandmotto.com\/index.php\/wp-json\/wp\/v2\/posts\/8973\/revisions"}],"predecessor-version":[{"id":8975,"href":"https:\/\/www.mallandmotto.com\/index.php\/wp-json\/wp\/v2\/posts\/8973\/revisions\/8975"}],"wp:featuredmedia":[{"embeddable":true,"href":"https:\/\/www.mallandmotto.com\/index.php\/wp-json\/wp\/v2\/media\/8974"}],"wp:attachment":[{"href":"https:\/\/www.mallandmotto.com\/index.php\/wp-json\/wp\/v2\/media?parent=8973"}],"wp:term":[{"taxonomy":"category","embeddable":true,"href":"https:\/\/www.mallandmotto.com\/index.php\/wp-json\/wp\/v2\/categories?post=8973"},{"taxonomy":"post_tag","embeddable":true,"href":"https:\/\/www.mallandmotto.com\/index.php\/wp-json\/wp\/v2\/tags?post=8973"}],"curies":[{"name":"wp","href":"https:\/\/api.w.org\/{rel}","templated":true}]}}