{"id":9003,"date":"2026-03-09T07:48:07","date_gmt":"2026-03-09T07:48:07","guid":{"rendered":"https:\/\/www.mallandmotto.com\/?p=9003"},"modified":"2026-03-09T07:48:08","modified_gmt":"2026-03-09T07:48:08","slug":"torunlar-gyodan-dev-satin-alma-forum-kayseri-ve-forum-mersin-350-milyon-euroya-portfoye-katildi","status":"publish","type":"post","link":"https:\/\/www.mallandmotto.com\/index.php\/2026\/03\/09\/torunlar-gyodan-dev-satin-alma-forum-kayseri-ve-forum-mersin-350-milyon-euroya-portfoye-katildi\/","title":{"rendered":"Torunlar GYO\u2019dan Dev Sat\u0131n Alma: Forum Kayseri ve Forum Mersin 350 Milyon Euro\u2019ya Portf\u00f6ye Kat\u0131ld\u0131"},"content":{"rendered":"\n<h3 class=\"wp-block-heading\">Alman gayrimenkul yat\u0131r\u0131m fonu Union Investment Real Estate GmbH\u2019nin portf\u00f6y\u00fcnde bulunan Forum Kayseri ve Forum Mersin AVM\u2019leri, toplam 350 milyon Euro bedelle Torunlar GYO taraf\u0131ndan sat\u0131n al\u0131nd\u0131. Cushman &amp; Wakefield | TR International arac\u0131l\u0131\u011f\u0131yla ger\u00e7ekle\u015fen i\u015flem, T\u00fcrkiye\u2019de do\u011frudan ve tam m\u00fclkiyet devrine konu olan en b\u00fcy\u00fck AVM portf\u00f6y sat\u0131\u015flar\u0131ndan biri olarak kayda ge\u00e7ti.<\/h3>\n\n\n\n<p>Uluslararas\u0131 ticari gayrimenkul dan\u0131\u015fmanl\u0131k \u015firketi Cushman &amp; Wakefield | TR International, 2026 y\u0131l\u0131na sekt\u00f6r\u00fcn dengelerini de\u011fi\u015ftirecek b\u00fcy\u00fck bir portf\u00f6y sat\u0131\u015f\u0131yla ba\u015flad\u0131. Patronlar D\u00fcnyas\u0131\u2019n\u0131n haberine g\u00f6re, Alman gayrimenkul yat\u0131r\u0131m fonu Union Investment Real Estate GmbH\u2019nin m\u00fclkiyetinde bulunan Forum Kayseri ve Forum Mersin AVM\u2019leri, toplam 350 milyon Euro bedelle Torunlar GYO taraf\u0131ndan sat\u0131n al\u0131nd\u0131.<\/p>\n\n\n\n<p>Bug\u00fcne kadar a\u011f\u0131rl\u0131kl\u0131 olarak kendi geli\u015ftirdi\u011fi projelerle b\u00fcy\u00fcyen Torunlar GYO, bu sat\u0131n almayla ilk kez m\u00fclkiyeti haz\u0131r ve halihaz\u0131rda gelir \u00fcreten varl\u0131klar\u0131 portf\u00f6y\u00fcne dahil ederek stratejik bir geni\u015fleme ger\u00e7ekle\u015ftirdi.<\/p>\n\n\n\n<p>Toplam 140 bin metrekare kiralanabilir alana sahip olan iki AVM de bulunduklar\u0131 \u015fehirlerin g\u00fc\u00e7l\u00fc ticaret merkezleri aras\u0131nda yer al\u0131yor. 2007 y\u0131l\u0131nda a\u00e7\u0131lan Forum Mersin 73.189 metrekare, 2011 y\u0131l\u0131nda a\u00e7\u0131lan Forum Kayseri ise 66.531 metrekare kiralanabilir alan kapasitesine sahip bulunuyor.<\/p>\n\n\n\n<p>Cushman &amp; Wakefield | TR International, son 4 y\u0131lda T\u00fcrkiye genelinde toplam 334 bin metrekare b\u00fcy\u00fckl\u00fc\u011fe sahip 8 AVM\u2019nin sat\u0131\u015f\u0131na arac\u0131l\u0131k ederek ticari gayrimenkul pazar\u0131ndaki etkinli\u011fini art\u0131rd\u0131. Sekt\u00f6r temsilcileri, bu b\u00fcy\u00fck \u00f6l\u00e7ekli i\u015flemin T\u00fcrkiye\u2019de nitelikli perakende varl\u0131klar\u0131na y\u00f6nelik global ve yerel yat\u0131r\u0131m i\u015ftah\u0131n\u0131n s\u00fcrd\u00fc\u011f\u00fcn\u00fc g\u00f6sterdi\u011fini ifade ediyor.<\/p>\n\n\n\n<figure class=\"wp-block-image size-full is-resized\"><img fetchpriority=\"high\" decoding=\"async\" width=\"820\" height=\"547\" src=\"https:\/\/www.mallandmotto.com\/wp-content\/uploads\/2026\/03\/forum-mersin-nuv4.jpg-1.webp\" alt=\"\" class=\"wp-image-9006\" style=\"width:529px;height:auto\" srcset=\"https:\/\/www.mallandmotto.com\/wp-content\/uploads\/2026\/03\/forum-mersin-nuv4.jpg-1.webp 820w, https:\/\/www.mallandmotto.com\/wp-content\/uploads\/2026\/03\/forum-mersin-nuv4.jpg-1-300x200.webp 300w, https:\/\/www.mallandmotto.com\/wp-content\/uploads\/2026\/03\/forum-mersin-nuv4.jpg-1-768x512.webp 768w\" sizes=\"(max-width: 820px) 100vw, 820px\" \/><\/figure>\n","protected":false},"excerpt":{"rendered":"<p>Alman gayrimenkul yat\u0131r\u0131m fonu Union Investment Real Estate GmbH\u2019nin portf\u00f6y\u00fcnde bulunan Forum Kayseri ve Forum Mersin AVM\u2019leri, toplam 350 milyon Euro bedelle Torunlar GYO taraf\u0131ndan&hellip;<\/p>\n","protected":false},"author":6,"featured_media":9004,"comment_status":"open","ping_status":"open","sticky":false,"template":"","format":"standard","meta":{"footnotes":""},"categories":[11,15],"tags":[],"class_list":["post-9003","post","type-post","status-publish","format-standard","has-post-thumbnail","hentry","category-avm","category-gundem"],"_links":{"self":[{"href":"https:\/\/www.mallandmotto.com\/index.php\/wp-json\/wp\/v2\/posts\/9003","targetHints":{"allow":["GET"]}}],"collection":[{"href":"https:\/\/www.mallandmotto.com\/index.php\/wp-json\/wp\/v2\/posts"}],"about":[{"href":"https:\/\/www.mallandmotto.com\/index.php\/wp-json\/wp\/v2\/types\/post"}],"author":[{"embeddable":true,"href":"https:\/\/www.mallandmotto.com\/index.php\/wp-json\/wp\/v2\/users\/6"}],"replies":[{"embeddable":true,"href":"https:\/\/www.mallandmotto.com\/index.php\/wp-json\/wp\/v2\/comments?post=9003"}],"version-history":[{"count":1,"href":"https:\/\/www.mallandmotto.com\/index.php\/wp-json\/wp\/v2\/posts\/9003\/revisions"}],"predecessor-version":[{"id":9007,"href":"https:\/\/www.mallandmotto.com\/index.php\/wp-json\/wp\/v2\/posts\/9003\/revisions\/9007"}],"wp:featuredmedia":[{"embeddable":true,"href":"https:\/\/www.mallandmotto.com\/index.php\/wp-json\/wp\/v2\/media\/9004"}],"wp:attachment":[{"href":"https:\/\/www.mallandmotto.com\/index.php\/wp-json\/wp\/v2\/media?parent=9003"}],"wp:term":[{"taxonomy":"category","embeddable":true,"href":"https:\/\/www.mallandmotto.com\/index.php\/wp-json\/wp\/v2\/categories?post=9003"},{"taxonomy":"post_tag","embeddable":true,"href":"https:\/\/www.mallandmotto.com\/index.php\/wp-json\/wp\/v2\/tags?post=9003"}],"curies":[{"name":"wp","href":"https:\/\/api.w.org\/{rel}","templated":true}]}}