{"id":9012,"date":"2026-03-09T07:59:19","date_gmt":"2026-03-09T07:59:19","guid":{"rendered":"https:\/\/www.mallandmotto.com\/?p=9012"},"modified":"2026-03-09T07:59:20","modified_gmt":"2026-03-09T07:59:20","slug":"adidas-originalsin-ankaradaki-ilk-magazasi-ankamallda-acildi","status":"publish","type":"post","link":"https:\/\/www.mallandmotto.com\/index.php\/2026\/03\/09\/adidas-originalsin-ankaradaki-ilk-magazasi-ankamallda-acildi\/","title":{"rendered":"adidas Originals\u2019\u0131n Ankara\u2019daki \u0130lk Ma\u011fazas\u0131 ANKAmall\u2019da A\u00e7\u0131ld\u0131"},"content":{"rendered":"\n<h3 class=\"wp-block-heading\">Moda tarihine damga vuran ikonik adidas siluetlerini g\u00fcn\u00fcm\u00fcz stil kodlar\u0131yla yeniden yorumlayan ve ya\u015fam tarz\u0131 trendlerine y\u00f6n veren\u00a0<strong>adidas Originals<\/strong>, T\u00fcrkiye\u2019deki ikinci, Ankara\u2019daki ilk ma\u011fazas\u0131n\u0131 7 \u015eubat Cumartesi g\u00fcn\u00fc ANKAmall Al\u0131\u015fveri\u015f Merkezi\u2019nde a\u00e7t\u0131.<\/h3>\n\n\n\n<p>adidas T\u00fcrkiye\u2019nin Ankara\u2019daki ilk adidas Originals konseptli ma\u011fazas\u0131, AVM\u2019nin ikinci kat\u0131nda yer al\u0131yor. Marketspor i\u015f birli\u011fiyle hayata ge\u00e7irilen ma\u011faza, 140 m\u00b2 net sat\u0131\u015f alan\u0131na sahip. Markan\u0131n yeni nesil perakende yakla\u015f\u0131m\u0131n\u0131 yans\u0131tan modern ve yal\u0131n mimarisiyle dikkat \u00e7eken ma\u011faza, adidas Originals d\u00fcnyas\u0131n\u0131 ba\u015fkentle bulu\u015fturuyor.<\/p>\n\n\n\n<p>adidas Originals Ankara ANKAmall, Originals ve lifestyle \u00fcr\u00fcnlerin en yeni koleksiyonlar\u0131 moda ve spor tutkunlar\u0131yla bulu\u015fturman\u0131n \u00f6tesinde; stil, k\u00fclt\u00fcr ve ilham\u0131n kesi\u015fti\u011fi bir ya\u015fam alan\u0131 olarak konumlan\u0131yor. Ma\u011faza, haftan\u0131n her g\u00fcn\u00fc 10.00\u201322.00 saatleri aras\u0131nda ziyaret edilebiliyor.<\/p>\n\n\n\n<p>A\u00e7\u0131l\u0131\u015fla ilgili de\u011ferlendirmede bulunan&nbsp;<strong>adidas T\u00fcrkiye CEO\u2019su<\/strong>&nbsp;<strong>Hakan Atalay,<\/strong>&nbsp;\u015funlar\u0131 s\u00f6yledi: \u201cadidas Originals, adidas ar\u015fivlerinden gelen g\u00fc\u00e7l\u00fc miras\u0131, bug\u00fcn\u00fcn gen\u00e7lik k\u00fclt\u00fcr\u00fc ve yarat\u0131c\u0131l\u0131\u011f\u0131yla bulu\u015fturan \u00e7ok \u00f6zel bir marka. \u0130stanbul Te\u015fvikiye\u2019de a\u00e7t\u0131\u011f\u0131m\u0131z ilk konsept ma\u011fazam\u0131z\u0131n ard\u0131ndan, T\u00fcrkiye\u2019deki ikinci, Ankara\u2019daki ilk konsept ma\u011fazam\u0131z olan adidas Originals Ankara ANKAmall ile ba\u015fkentlilere stil ve k\u00fclt\u00fcr oda\u011f\u0131nda ilham veren ayr\u0131cal\u0131kl\u0131 bir deneyim sunmaktan gurur duyuyoruz.\u201d<\/p>\n","protected":false},"excerpt":{"rendered":"<p>Moda tarihine damga vuran ikonik adidas siluetlerini g\u00fcn\u00fcm\u00fcz stil kodlar\u0131yla yeniden yorumlayan ve ya\u015fam tarz\u0131 trendlerine y\u00f6n veren\u00a0adidas Originals, T\u00fcrkiye\u2019deki ikinci, Ankara\u2019daki ilk ma\u011fazas\u0131n\u0131 7&hellip;<\/p>\n","protected":false},"author":6,"featured_media":9013,"comment_status":"open","ping_status":"open","sticky":false,"template":"","format":"standard","meta":{"footnotes":""},"categories":[11,16],"tags":[],"class_list":["post-9012","post","type-post","status-publish","format-standard","has-post-thumbnail","hentry","category-avm","category-haber"],"_links":{"self":[{"href":"https:\/\/www.mallandmotto.com\/index.php\/wp-json\/wp\/v2\/posts\/9012","targetHints":{"allow":["GET"]}}],"collection":[{"href":"https:\/\/www.mallandmotto.com\/index.php\/wp-json\/wp\/v2\/posts"}],"about":[{"href":"https:\/\/www.mallandmotto.com\/index.php\/wp-json\/wp\/v2\/types\/post"}],"author":[{"embeddable":true,"href":"https:\/\/www.mallandmotto.com\/index.php\/wp-json\/wp\/v2\/users\/6"}],"replies":[{"embeddable":true,"href":"https:\/\/www.mallandmotto.com\/index.php\/wp-json\/wp\/v2\/comments?post=9012"}],"version-history":[{"count":1,"href":"https:\/\/www.mallandmotto.com\/index.php\/wp-json\/wp\/v2\/posts\/9012\/revisions"}],"predecessor-version":[{"id":9014,"href":"https:\/\/www.mallandmotto.com\/index.php\/wp-json\/wp\/v2\/posts\/9012\/revisions\/9014"}],"wp:featuredmedia":[{"embeddable":true,"href":"https:\/\/www.mallandmotto.com\/index.php\/wp-json\/wp\/v2\/media\/9013"}],"wp:attachment":[{"href":"https:\/\/www.mallandmotto.com\/index.php\/wp-json\/wp\/v2\/media?parent=9012"}],"wp:term":[{"taxonomy":"category","embeddable":true,"href":"https:\/\/www.mallandmotto.com\/index.php\/wp-json\/wp\/v2\/categories?post=9012"},{"taxonomy":"post_tag","embeddable":true,"href":"https:\/\/www.mallandmotto.com\/index.php\/wp-json\/wp\/v2\/tags?post=9012"}],"curies":[{"name":"wp","href":"https:\/\/api.w.org\/{rel}","templated":true}]}}