{"id":9075,"date":"2026-03-09T09:09:49","date_gmt":"2026-03-09T09:09:49","guid":{"rendered":"https:\/\/www.mallandmotto.com\/?p=9075"},"modified":"2026-03-09T09:09:49","modified_gmt":"2026-03-09T09:09:49","slug":"jysk-turkiyedeki-10uncu-magazasini-emaar-avmde-acti","status":"publish","type":"post","link":"https:\/\/www.mallandmotto.com\/index.php\/2026\/03\/09\/jysk-turkiyedeki-10uncu-magazasini-emaar-avmde-acti\/","title":{"rendered":"JYSK, T\u00fcrkiye\u2019deki 10\u2019uncu Ma\u011fazas\u0131n\u0131 Emaar AVM\u2019de A\u00e7t\u0131"},"content":{"rendered":"\n<h3 class=\"wp-block-heading\"><strong>Danimarka merkezli ev ve ya\u015fam \u00fcr\u00fcnleri perakendecisi JYSK, &#8220;Herkes i\u00e7in harika bir \u0130skandinav teklifi&#8221; sunma misyonu kapsam\u0131nda T\u00fcrkiye pazar\u0131ndaki yat\u0131r\u0131mlar\u0131n\u0131 h\u0131z kesmeden s\u00fcrd\u00fcr\u00fcyor. 50 \u00fclkede 3.600\u2019den fazla ma\u011fazas\u0131yla faaliyet g\u00f6steren marka, 10\u2019uncu ma\u011fazas\u0131n\u0131 Emaar Al\u0131\u015fveri\u015f Merkezi\u2019nde hizmete a\u00e7t\u0131. \u0130skandinav tasar\u0131m anlay\u0131\u015f\u0131n\u0131 ve uzman uyku \u00e7\u00f6z\u00fcmlerini her b\u00fct\u00e7eye uygun \u015fekilde sunarak T\u00fcrkiye\u2019de \u00e7ok daha fazla eve misafir olmay\u0131 ama\u00e7lad\u0131klar\u0131n\u0131 belirten JYSK T\u00fcrkiye \u00dclke Direkt\u00f6r\u00fc Fatih Tezcan, \u201cBu stratejik planlama do\u011frultusunda, y\u0131l sonuna kadar ma\u011faza say\u0131m\u0131z\u0131 iki kat\u0131na \u00e7\u0131karmay\u0131 hedefliyoruz\u201d dedi.<\/strong><\/h3>\n\n\n\n<p>Danimarka merkezli ev ya\u015fam perakendecisi JYSK, May\u0131s 2023\u2019te giri\u015f yapt\u0131\u011f\u0131 T\u00fcrkiye pazar\u0131ndaki ma\u011faza yat\u0131r\u0131mlar\u0131n\u0131 geni\u015fletmeye devam ediyor. 1979 y\u0131l\u0131nda Danimarka\u2019da Lars Larsen taraf\u0131ndan kurulan ve bug\u00fcn 50\u2019den fazla \u00fclkede yakla\u015f\u0131k 3.600 ma\u011fazayla faaliyet g\u00f6steren marka, T\u00fcrkiye\u2019deki 10\u2019uncu ma\u011fazas\u0131n\u0131 Emaar Al\u0131\u015fveri\u015f Merkezi\u2019nde a\u00e7t\u0131.<\/p>\n\n\n\n<p>1.450 metrekarelik sat\u0131\u015f alan\u0131na yay\u0131lan ma\u011faza; fonksiyonel mobilyalardan uyku konforunu art\u0131ran \u00fcr\u00fcnlere kadar geni\u015f bir koleksiyonu bir araya getiriyor. \u0130skandinav tasar\u0131m \u00fcr\u00fcnlerini kalite ve eri\u015filebilir fiyat anlay\u0131\u015f\u0131yla birle\u015ftiren marka, ya\u015fam alanlar\u0131na hem estetik hem i\u015flevsel \u00e7\u00f6z\u00fcmler sunuyor.<\/p>\n\n\n\n<figure class=\"wp-block-image size-large is-resized\"><img fetchpriority=\"high\" decoding=\"async\" width=\"681\" height=\"1024\" src=\"https:\/\/www.mallandmotto.com\/wp-content\/uploads\/2026\/03\/Fatih_Tezcan_104132983-681x1024.jpg\" alt=\"\" class=\"wp-image-9077\" style=\"aspect-ratio:0.6653465346534654;width:342px;height:auto\" srcset=\"https:\/\/www.mallandmotto.com\/wp-content\/uploads\/2026\/03\/Fatih_Tezcan_104132983-681x1024.jpg 681w, https:\/\/www.mallandmotto.com\/wp-content\/uploads\/2026\/03\/Fatih_Tezcan_104132983-200x300.jpg 200w, https:\/\/www.mallandmotto.com\/wp-content\/uploads\/2026\/03\/Fatih_Tezcan_104132983-768x1154.jpg 768w, https:\/\/www.mallandmotto.com\/wp-content\/uploads\/2026\/03\/Fatih_Tezcan_104132983-1022x1536.jpg 1022w, https:\/\/www.mallandmotto.com\/wp-content\/uploads\/2026\/03\/Fatih_Tezcan_104132983-1363x2048.jpg 1363w, https:\/\/www.mallandmotto.com\/wp-content\/uploads\/2026\/03\/Fatih_Tezcan_104132983-scaled.jpg 1703w\" sizes=\"(max-width: 681px) 100vw, 681px\" \/><\/figure>\n\n\n\n<p><strong>\u201cB\u00fcy\u00fcmeyi Metrekare Olarak G\u00f6rm\u00fcyoruz\u201d<\/strong><\/p>\n\n\n\n<p>B\u00fcy\u00fcmeyi yaln\u0131zca fiziksel metrekare art\u0131\u015f\u0131 olarak de\u011ferlendirmediklerini vurgulayan JYSK T\u00fcrkiye \u00dclke Direkt\u00f6r\u00fc Fatih Tezcan, \u015funlar\u0131 s\u00f6yledi, \u201cT\u00fcrkiye\u2019deki yat\u0131r\u0131mlar\u0131m\u0131z\u0131 sadece yeni ma\u011faza a\u00e7\u0131l\u0131\u015flar\u0131yla s\u0131n\u0131rl\u0131 g\u00f6rm\u00fcyoruz. \u00d6nceli\u011fimiz; g\u00fc\u00e7l\u00fc bir operasyon altyap\u0131s\u0131 kurmak, s\u00fcrd\u00fcr\u00fclebilir bir i\u015f modeli olu\u015fturmak ve yerel ekonomiye kal\u0131c\u0131 katk\u0131 sa\u011flayan bir yap\u0131 in\u015fa etmek. Her yeni ma\u011faza, istihdamdan tedarik zincirine kadar geni\u015f bir etki alan\u0131 yarat\u0131yor. Emaar\u2019daki yeni ma\u011fazam\u0131z, Anadolu Yakas\u0131\u2019ndaki konumumuzu g\u00fc\u00e7lendirirken markam\u0131z\u0131n \u0130skandinav tasar\u0131m anlay\u0131\u015f\u0131n\u0131 daha geni\u015f bir m\u00fc\u015fteri kitlesiyle bulu\u015fturmam\u0131za da imk\u00e2n tan\u0131yor. Ula\u015f\u0131labilir fiyat politikam\u0131z ve kalite oda\u011f\u0131m\u0131zla, T\u00fcrkiye\u2019de uzun vadeli ve istikrarl\u0131 bir b\u00fcy\u00fcme hedefliyoruz\u201d dedi.<\/p>\n\n\n\n<p><strong>\u201cMa\u011fazalar\u0131m\u0131z \u0130lham Veren Ya\u015fam Alanlar\u0131 Sunuyor\u201d<\/strong><\/p>\n\n\n\n<p>M\u00fc\u015fterilere \u00fcr\u00fcnler ve ma\u011faza konsepti arac\u0131l\u0131\u011f\u0131yla ger\u00e7ek bir \u0130skandinav deneyimi sunmay\u0131 hedeflediklerinin alt\u0131n\u0131 \u00e7izen Tezcan, s\u00f6zlerine \u015f\u00f6yle devam etti: \u201cAmac\u0131m\u0131z, yaln\u0131zca al\u0131\u015fveri\u015f yap\u0131lan bir alan olu\u015fturmak de\u011fil. Evini yenilemek ya da ya\u015fam alan\u0131na dokunu\u015f yapmak isteyen herkese ilham veren bir ortam sa\u011flamak istiyoruz. Fiziksel ma\u011fazalar\u0131m\u0131z\u0131n yan\u0131 s\u0131ra online kanal\u0131m\u0131zla da t\u00fcm kategorilerde m\u00fc\u015fterilerimizin ev i\u00e7i ihtiya\u00e7lar\u0131n\u0131 tek noktadan kar\u015f\u0131layabilecekleri bir yap\u0131 kuruyoruz.<\/p>\n\n\n\n<p>Ma\u011faza konseptlerimizde yatak odas\u0131ndan yemek alan\u0131na, oturma odas\u0131ndan dekoratif tamamlay\u0131c\u0131lara kadar b\u00fct\u00fcnc\u00fcl ya\u015fam alanlar\u0131 olu\u015fturuyoruz. B\u00f6ylece m\u00fc\u015fterilerimize, \u0130skandinav tasar\u0131m anlay\u0131\u015f\u0131yla modern ve fonksiyonel bir evi nas\u0131l kurgulayabileceklerini somut bir \u015fekilde g\u00f6steriyoruz. \u00dcr\u00fcnlerimizin birbiriyle uyumunu ma\u011faza i\u00e7inde deneyimleyebilmeleri bizim i\u00e7in \u00f6nemli\u201d<\/p>\n\n\n\n<figure class=\"wp-block-image size-full\"><img decoding=\"async\" width=\"320\" height=\"212\" src=\"https:\/\/www.mallandmotto.com\/wp-content\/uploads\/2026\/03\/YVZ_0742_104135082.jpg\" alt=\"\" class=\"wp-image-9078\" srcset=\"https:\/\/www.mallandmotto.com\/wp-content\/uploads\/2026\/03\/YVZ_0742_104135082.jpg 320w, https:\/\/www.mallandmotto.com\/wp-content\/uploads\/2026\/03\/YVZ_0742_104135082-300x199.jpg 300w\" sizes=\"(max-width: 320px) 100vw, 320px\" \/><\/figure>\n","protected":false},"excerpt":{"rendered":"<p>Danimarka merkezli ev ve ya\u015fam \u00fcr\u00fcnleri perakendecisi JYSK, &#8220;Herkes i\u00e7in harika bir \u0130skandinav teklifi&#8221; sunma misyonu kapsam\u0131nda T\u00fcrkiye pazar\u0131ndaki yat\u0131r\u0131mlar\u0131n\u0131 h\u0131z kesmeden s\u00fcrd\u00fcr\u00fcyor. 50 \u00fclkede&hellip;<\/p>\n","protected":false},"author":6,"featured_media":9076,"comment_status":"open","ping_status":"open","sticky":false,"template":"","format":"standard","meta":{"footnotes":""},"categories":[11],"tags":[],"class_list":["post-9075","post","type-post","status-publish","format-standard","has-post-thumbnail","hentry","category-avm"],"_links":{"self":[{"href":"https:\/\/www.mallandmotto.com\/index.php\/wp-json\/wp\/v2\/posts\/9075","targetHints":{"allow":["GET"]}}],"collection":[{"href":"https:\/\/www.mallandmotto.com\/index.php\/wp-json\/wp\/v2\/posts"}],"about":[{"href":"https:\/\/www.mallandmotto.com\/index.php\/wp-json\/wp\/v2\/types\/post"}],"author":[{"embeddable":true,"href":"https:\/\/www.mallandmotto.com\/index.php\/wp-json\/wp\/v2\/users\/6"}],"replies":[{"embeddable":true,"href":"https:\/\/www.mallandmotto.com\/index.php\/wp-json\/wp\/v2\/comments?post=9075"}],"version-history":[{"count":1,"href":"https:\/\/www.mallandmotto.com\/index.php\/wp-json\/wp\/v2\/posts\/9075\/revisions"}],"predecessor-version":[{"id":9079,"href":"https:\/\/www.mallandmotto.com\/index.php\/wp-json\/wp\/v2\/posts\/9075\/revisions\/9079"}],"wp:featuredmedia":[{"embeddable":true,"href":"https:\/\/www.mallandmotto.com\/index.php\/wp-json\/wp\/v2\/media\/9076"}],"wp:attachment":[{"href":"https:\/\/www.mallandmotto.com\/index.php\/wp-json\/wp\/v2\/media?parent=9075"}],"wp:term":[{"taxonomy":"category","embeddable":true,"href":"https:\/\/www.mallandmotto.com\/index.php\/wp-json\/wp\/v2\/categories?post=9075"},{"taxonomy":"post_tag","embeddable":true,"href":"https:\/\/www.mallandmotto.com\/index.php\/wp-json\/wp\/v2\/tags?post=9075"}],"curies":[{"name":"wp","href":"https:\/\/api.w.org\/{rel}","templated":true}]}}