{"id":9093,"date":"2026-03-09T09:17:22","date_gmt":"2026-03-09T09:17:22","guid":{"rendered":"https:\/\/www.mallandmotto.com\/?p=9093"},"modified":"2026-03-09T09:17:23","modified_gmt":"2026-03-09T09:17:23","slug":"istanbul-cevahirden-8-mart-dunya-kadinlar-gununde-anlamli-mesajayni-kiyafet-farkli-maas","status":"publish","type":"post","link":"https:\/\/www.mallandmotto.com\/index.php\/2026\/03\/09\/istanbul-cevahirden-8-mart-dunya-kadinlar-gununde-anlamli-mesajayni-kiyafet-farkli-maas\/","title":{"rendered":"\u0130stanbul Cevahir\u2019den 8 Mart D\u00fcnya Kad\u0131nlar G\u00fcn\u00fc\u2019nde Anlaml\u0131 Mesaj:\u201cAyn\u0131 K\u0131yafet, Farkl\u0131 Maa\u015f"},"content":{"rendered":"\n<h3 class=\"wp-block-heading\"><br><strong>\u0130stanbul Cevahir, 8 Mart D\u00fcnya Kad\u0131nlar G\u00fcn\u00fc\u2019nde, cinsiyet temelli \u00fccret e\u015fitsizli\u011fine dikkat \u00e7eken \u00f6zel bir fark\u0131ndal\u0131k projesine imza atacak.<\/strong><\/h3>\n\n\n\n<p>Bug\u00fcne kadar geli\u015ftirdi\u011fi bir\u00e7ok proje ile \u00f6n plana \u00e7\u0131kan \u0130stanbul Cevahir, 8 Mart D\u00fcnya Kad\u0131nlar G\u00fcn\u00fc\u2019ndeki projesi ile de ses getirmek istiyor. \u0130stanbul Cevahir, 8 Mart\u2019a \u00f6zel haz\u0131rlanacak \u00e7al\u0131\u015fma ile e\u015fitli\u011fin bir se\u00e7enek de\u011fil, standart olmas\u0131 gerekti\u011fini vurgulayacak.<\/p>\n\n\n\n<p><strong>Y\u00fczde 22\u2019lik Fark Vitrinde<\/strong><\/p>\n\n\n\n<p>Global ara\u015ft\u0131rmalar, \u00f6zel sekt\u00f6rde ayn\u0131 pozisyondaki kad\u0131nlar\u0131n, erkeklere k\u0131yasla ortalama y\u00fczde 22 daha az maa\u015f ald\u0131\u011f\u0131n\u0131 ortaya koyuyor. \u0130stanbul Cevahir, bu tabloya dikkat \u00e7ekmek amac\u0131yla AVM i\u00e7erisinde \u00e7arp\u0131c\u0131 bir vitrin uygulamas\u0131 hayata ge\u00e7irecek.&nbsp;<\/p>\n\n\n\n<p>Kurgulanan vitrinde kad\u0131n ve erkek iki manken yan yana konumland\u0131r\u0131lacak. \u00dczerlerindeki t\u00fcm k\u0131yafetler ayn\u0131 olacak ve \u00fcr\u00fcn etiketlerinde her bir par\u00e7an\u0131n fiyat\u0131 da e\u015fit \u015fekilde yer alacak.&nbsp;Ancak vitrinin en dikkat \u00e7ekici detay\u0131, mankenlerin yan\u0131nda bulunan maa\u015f etiketleri olacak. T\u00fcm \u00fcr\u00fcn fiyatlar\u0131 ayn\u0131yken, maa\u015f hanesinde kad\u0131n ve erkek aras\u0131nda y\u00fczde 22\u2019lik fark net bi\u00e7imde g\u00f6r\u00fclecek.&nbsp;<\/p>\n","protected":false},"excerpt":{"rendered":"<p>\u0130stanbul Cevahir, 8 Mart D\u00fcnya Kad\u0131nlar G\u00fcn\u00fc\u2019nde, cinsiyet temelli \u00fccret e\u015fitsizli\u011fine dikkat \u00e7eken \u00f6zel bir fark\u0131ndal\u0131k projesine imza atacak. Bug\u00fcne kadar geli\u015ftirdi\u011fi bir\u00e7ok proje ile&hellip;<\/p>\n","protected":false},"author":6,"featured_media":9094,"comment_status":"open","ping_status":"open","sticky":false,"template":"","format":"standard","meta":{"footnotes":""},"categories":[11],"tags":[],"class_list":["post-9093","post","type-post","status-publish","format-standard","has-post-thumbnail","hentry","category-avm"],"_links":{"self":[{"href":"https:\/\/www.mallandmotto.com\/index.php\/wp-json\/wp\/v2\/posts\/9093","targetHints":{"allow":["GET"]}}],"collection":[{"href":"https:\/\/www.mallandmotto.com\/index.php\/wp-json\/wp\/v2\/posts"}],"about":[{"href":"https:\/\/www.mallandmotto.com\/index.php\/wp-json\/wp\/v2\/types\/post"}],"author":[{"embeddable":true,"href":"https:\/\/www.mallandmotto.com\/index.php\/wp-json\/wp\/v2\/users\/6"}],"replies":[{"embeddable":true,"href":"https:\/\/www.mallandmotto.com\/index.php\/wp-json\/wp\/v2\/comments?post=9093"}],"version-history":[{"count":1,"href":"https:\/\/www.mallandmotto.com\/index.php\/wp-json\/wp\/v2\/posts\/9093\/revisions"}],"predecessor-version":[{"id":9095,"href":"https:\/\/www.mallandmotto.com\/index.php\/wp-json\/wp\/v2\/posts\/9093\/revisions\/9095"}],"wp:featuredmedia":[{"embeddable":true,"href":"https:\/\/www.mallandmotto.com\/index.php\/wp-json\/wp\/v2\/media\/9094"}],"wp:attachment":[{"href":"https:\/\/www.mallandmotto.com\/index.php\/wp-json\/wp\/v2\/media?parent=9093"}],"wp:term":[{"taxonomy":"category","embeddable":true,"href":"https:\/\/www.mallandmotto.com\/index.php\/wp-json\/wp\/v2\/categories?post=9093"},{"taxonomy":"post_tag","embeddable":true,"href":"https:\/\/www.mallandmotto.com\/index.php\/wp-json\/wp\/v2\/tags?post=9093"}],"curies":[{"name":"wp","href":"https:\/\/api.w.org\/{rel}","templated":true}]}}