{"id":9147,"date":"2026-03-10T08:31:52","date_gmt":"2026-03-10T08:31:52","guid":{"rendered":"https:\/\/www.mallandmotto.com\/?p=9147"},"modified":"2026-03-10T08:31:53","modified_gmt":"2026-03-10T08:31:53","slug":"avm-metrekare-verimlilik-endeksi-ocak-2026da-guclu-seyrini-korudu","status":"publish","type":"post","link":"https:\/\/www.mallandmotto.com\/index.php\/2026\/03\/10\/avm-metrekare-verimlilik-endeksi-ocak-2026da-guclu-seyrini-korudu\/","title":{"rendered":"AVM Metrekare Verimlilik Endeksi Ocak 2026\u2019da G\u00fc\u00e7l\u00fc Seyrini Korudu"},"content":{"rendered":"\n<h3 class=\"wp-block-heading\">AYD ve Akademetre Research i\u015f birli\u011fiyle haz\u0131rlanan AVM Endeksi\u2019nin Ocak 2026 sonu\u00e7lar\u0131na g\u00f6re metrekare verimlilik endeksi, ge\u00e7en y\u0131l\u0131n ayn\u0131 ay\u0131na k\u0131yasla nominal olarak y\u00fczde 41,4 artarak 4.665 puana y\u00fckseldi.<\/h3>\n\n\n\n<p>Ocak 2026\u2019da y\u0131ll\u0131k enflasyon oran\u0131n\u0131n y\u00fczde 30,65 oldu\u011fu dikkate al\u0131nd\u0131\u011f\u0131nda, metrekare ba\u015f\u0131na ciro art\u0131\u015f\u0131n\u0131n enflasyonun \u00fczerinde ger\u00e7ekle\u015fti\u011fi g\u00f6r\u00fcl\u00fcyor. Bu geli\u015fme, AVM\u2019lerde ciro performans\u0131n\u0131n g\u00fc\u00e7l\u00fc seyrini s\u00fcrd\u00fcrd\u00fc\u011f\u00fcn\u00fc ortaya koyuyor. Aral\u0131k 2025\u2019e k\u0131yasla ayl\u0131k bazda ise y\u00fczde 13,0 oran\u0131nda bir gerileme kaydedildi. Bu d\u00fc\u015f\u00fc\u015f, y\u0131l sonu kampanya d\u00f6neminin ard\u0131ndan gelen mevsimsel normalle\u015fme ile paralel bir g\u00f6r\u00fcn\u00fcm sergiliyor.<\/p>\n\n\n\n<p>Ocak d\u00f6nemine ili\u015fkin a\u00e7\u0131klamalarda bulunan&nbsp;<strong>Ekonomist Fatih Keresteci<\/strong>&nbsp;\u015funlar\u0131 s\u00f6yledi: \u201cAVM ciro endeksi 2026 y\u0131l\u0131 ocak ay\u0131nda, ge\u00e7en y\u0131l\u0131n ayn\u0131 d\u00f6nemine g\u00f6re nominal olarak %41,4 b\u00fcy\u00fcd\u00fc. Enflasyondan ar\u0131nd\u0131rd\u0131\u011f\u0131m\u0131z zaman son d\u00f6nemin en kuvvetli y\u0131ll\u0131k b\u00fcy\u00fcme performans\u0131 ile kar\u015f\u0131 kar\u015f\u0131yay\u0131z. Ancak, Aral\u0131k ile ay\u0131 kar\u015f\u0131la\u015ft\u0131r\u0131nca, yine enflasyondan ar\u0131nd\u0131r\u0131lm\u0131\u015f g\u00f6sterime g\u00f6re yakla\u015f\u0131k %17\u2019lik bir ivme kayb\u0131 var. Mevsimsel etkiler nedeniyle perakende ticaretin sene sonlar\u0131nda ivmelendi\u011fine ancak yeni y\u0131l ile birlikte g\u00fc\u00e7 kaybetti\u011fine uzun bir s\u00fcredir tan\u0131kl\u0131k ediyoruz. Bu nedenle de e\u011filim olarak ola\u011fan bir durum.<\/p>\n\n\n\n<p>Kategori baz\u0131nda bak\u0131nca, reel olarak daralma kaydeden ayakkab\u0131 d\u0131\u015f\u0131nda kalanlar\u0131n benzer oranda de\u011fi\u015fim kaydetti\u011fini g\u00f6zlemliyoruz. Yani, AVM performans\u0131n\u0131n Ocak\u2019ta hem nicelik hem de nitelik anlamlar\u0131nda homojen bir e\u011filim kaydetti\u011fini ifade edebiliriz. \u00d6te yandan, AVM ziyaret\u00e7i say\u0131s\u0131 ge\u00e7en y\u0131l\u0131n<\/p>\n\n\n\n<p>%2 \u00fczerinde olu\u015furken endeks aral\u0131k ay\u0131na g\u00f6re %6 gerileyerek yukar\u0131da resmetti\u011fimiz ayl\u0131k d\u00fc\u015f\u00fc\u015f\u00fcn bir benzerini sergilemi\u015f. H\u00fclasa, ge\u00e7en y\u0131l\u0131n ocak ay\u0131na oranla reel olarak daha kuvvetli ancak bir \u00f6nceki aya g\u00f6re zay\u0131f bir AVM performans\u0131 ile kar\u015f\u0131 kar\u015f\u0131yay\u0131z&#8230;&#8221;<\/p>\n","protected":false},"excerpt":{"rendered":"<p>AYD ve Akademetre Research i\u015f birli\u011fiyle haz\u0131rlanan AVM Endeksi\u2019nin Ocak 2026 sonu\u00e7lar\u0131na g\u00f6re metrekare verimlilik endeksi, ge\u00e7en y\u0131l\u0131n ayn\u0131 ay\u0131na k\u0131yasla nominal olarak y\u00fczde 41,4&hellip;<\/p>\n","protected":false},"author":6,"featured_media":9148,"comment_status":"open","ping_status":"open","sticky":false,"template":"","format":"standard","meta":{"footnotes":""},"categories":[28],"tags":[],"class_list":["post-9147","post","type-post","status-publish","format-standard","has-post-thumbnail","hentry","category-arastirma"],"_links":{"self":[{"href":"https:\/\/www.mallandmotto.com\/index.php\/wp-json\/wp\/v2\/posts\/9147","targetHints":{"allow":["GET"]}}],"collection":[{"href":"https:\/\/www.mallandmotto.com\/index.php\/wp-json\/wp\/v2\/posts"}],"about":[{"href":"https:\/\/www.mallandmotto.com\/index.php\/wp-json\/wp\/v2\/types\/post"}],"author":[{"embeddable":true,"href":"https:\/\/www.mallandmotto.com\/index.php\/wp-json\/wp\/v2\/users\/6"}],"replies":[{"embeddable":true,"href":"https:\/\/www.mallandmotto.com\/index.php\/wp-json\/wp\/v2\/comments?post=9147"}],"version-history":[{"count":1,"href":"https:\/\/www.mallandmotto.com\/index.php\/wp-json\/wp\/v2\/posts\/9147\/revisions"}],"predecessor-version":[{"id":9149,"href":"https:\/\/www.mallandmotto.com\/index.php\/wp-json\/wp\/v2\/posts\/9147\/revisions\/9149"}],"wp:featuredmedia":[{"embeddable":true,"href":"https:\/\/www.mallandmotto.com\/index.php\/wp-json\/wp\/v2\/media\/9148"}],"wp:attachment":[{"href":"https:\/\/www.mallandmotto.com\/index.php\/wp-json\/wp\/v2\/media?parent=9147"}],"wp:term":[{"taxonomy":"category","embeddable":true,"href":"https:\/\/www.mallandmotto.com\/index.php\/wp-json\/wp\/v2\/categories?post=9147"},{"taxonomy":"post_tag","embeddable":true,"href":"https:\/\/www.mallandmotto.com\/index.php\/wp-json\/wp\/v2\/tags?post=9147"}],"curies":[{"name":"wp","href":"https:\/\/api.w.org\/{rel}","templated":true}]}}