{"id":9195,"date":"2026-03-16T08:24:32","date_gmt":"2026-03-16T08:24:32","guid":{"rendered":"https:\/\/www.mallandmotto.com\/?p=9195"},"modified":"2026-03-16T08:24:33","modified_gmt":"2026-03-16T08:24:33","slug":"m1-konya-avmde-mart-ayi-bilim-sanat-ve-edebiyatla-dolu-geciyor","status":"publish","type":"post","link":"https:\/\/www.mallandmotto.com\/index.php\/2026\/03\/16\/m1-konya-avmde-mart-ayi-bilim-sanat-ve-edebiyatla-dolu-geciyor\/","title":{"rendered":"M1 Konya AVM\u2019de Mart Ay\u0131 Bilim, Sanat ve Edebiyatla Dolu Ge\u00e7iyor"},"content":{"rendered":"\n<h3 class=\"wp-block-heading\"><strong>Fiba CP\u2019nin y\u00f6netim faaliyetlerini y\u00fcr\u00fctt\u00fc\u011f\u00fc ve T\u00fcrkiye\u2019nin en g\u00f6zde al\u0131\u015fveri\u015f merkezlerinden M1 Konya AVM, Mart ay\u0131nda \u00e7ocuk at\u00f6lyelerinden Kitap Fuar\u0131\u2019na, \u00f6zel kum sanat\u0131 g\u00f6sterisinden anlaml\u0131 18 Mart \u00c7anakkale Zaferi etkinliklerine kadar uzanan zengin program\u0131yla ziyaret\u00e7ilerini k\u00fclt\u00fcr, sanat ve e\u011flenceyle bulu\u015fturuyor. \u00dccretsiz etkinliklerle dolu bu \u00f6zel programda minikler yarat\u0131c\u0131l\u0131klar\u0131n\u0131 ke\u015ffederken, kitap tutkunlar\u0131 ve sanatseverler de unutulmaz deneyimler ya\u015fayacak. \u00a0<\/strong><\/h3>\n\n\n\n<p>Fiba Commercial Properties taraf\u0131ndan y\u00f6netilen M1 Konya Al\u0131\u015fveri\u015f Merkezi, Mart ay\u0131nda \u00e7ocuklara ve ailelere hitap eden birbirinden renkli etkinliklere ev sahipli\u011fi yapmaya haz\u0131rlan\u0131yor. \u00dccretsiz at\u00f6lyeler, anlaml\u0131 bir 18 Mart \u00c7anakkale Zaferi etkinli\u011fi, Kitap Fuar\u0131 ve \u00f6zel bir kum sanat\u0131 g\u00f6sterisiyle ziyaret\u00e7ilere k\u00fclt\u00fcr, sanat ve e\u011flenceyi bir arada sunacak.&nbsp;<\/p>\n\n\n\n<p><strong>\u00c7ocuklar \u0130\u00e7in Yarat\u0131c\u0131 ve E\u011fitici At\u00f6lyeler<\/strong><\/p>\n\n\n\n<p>M1 Konya AVM, \u00e7ocuklar\u0131n hayal g\u00fc\u00e7lerini geli\u015ftirecek ve e\u011flenirken \u00f6\u011frenmelerini sa\u011flayacak \u00fccretsiz at\u00f6lye programlar\u0131yla minik ziyaret\u00e7ilerini a\u011f\u0131rlayacak. 14 Mart Cumartesi g\u00fcn\u00fc ger\u00e7ekle\u015ftirilecek Robot Yap\u0131m At\u00f6lyesi, \u00e7ocuklar\u0131 teknoloji ve tasar\u0131m d\u00fcnyas\u0131yla bulu\u015fturacak. Saat 12.00 \u2013 18.00 aras\u0131nda d\u00fczenlenecek at\u00f6lyede \u00e7ocuklar kendi robotlar\u0131n\u0131 tasarlarken el becerilerini ve yarat\u0131c\u0131l\u0131klar\u0131n\u0131 geli\u015ftirme f\u0131rsat\u0131 yakalayacak.<\/p>\n\n\n\n<p>15 Mart Pazar g\u00fcn\u00fc ise UFO Robot Yap\u0131m At\u00f6lyesi ile minikler e\u011flenceli bir \u00fcretim deneyimi ya\u015fayacak. Ayn\u0131 saatlerde ger\u00e7ekle\u015ftirilecek etkinlikte \u00e7ocuklar farkl\u0131 materyaller kullanarak kendi UFO robotlar\u0131n\u0131 tasarlayacak. At\u00f6lyeler 3\u201310 ya\u015f aras\u0131 \u00e7ocuklara y\u00f6nelik olarak planlan\u0131rken, her seansta 20 \u00e7ocuk kat\u0131l\u0131m sa\u011flayabilecek. Toplamda 5 seans \u015feklinde ger\u00e7ekle\u015ftirilecek etkinliklerde her seans 1 saat s\u00fcrecek.<\/p>\n\n\n\n<p><strong>18 Mart \u00c7anakkale Zaferi \u0130\u00e7in Anlaml\u0131 At\u00f6lye<\/strong><\/p>\n\n\n\n<p>M1 Konya AVM, 18 Mart \u00c7anakkale Zaferi ve \u015eehitleri Anma G\u00fcn\u00fc kapsam\u0131nda da \u00f6zel bir etkinlik d\u00fczenliyor. 17\u201318 Mart tarihlerinde saat 12.00 \u2013 18.00 aras\u0131nda ger\u00e7ekle\u015ftirilecek \u00c7anakkale Zaferi Mozaik Yap\u0131m At\u00f6lyesi, \u00e7ocuklara tarihi ve milli de\u011ferleri sanatsal bir etkinlik arac\u0131l\u0131\u011f\u0131yla anlatmay\u0131 ama\u00e7l\u0131yor. Minikler mozaik \u00e7al\u0131\u015fmalar\u0131yla T\u00fcrk bayra\u011f\u0131 ve anlaml\u0131 sembolleri tasarlayarak hem \u00f6\u011frenip hem de unutulmaz bir deneyim ya\u015fayacak.&nbsp;<\/p>\n\n\n\n<p><strong>Kitaplar\u0131n Renkli D\u00fcnyas\u0131 M1 Konya\u2019da<\/strong><\/p>\n\n\n\n<p>Mart ay\u0131nda ba\u015flayacak en dikkat \u00e7ekici etkinliklerinden biri de 14 Mart \u2013 14 Nisan tarihleri aras\u0131nda d\u00fczenlenecek Kitap Fuar\u0131 olacak. Ziyaret\u00e7iler bir ay boyunca yay\u0131nevleri, yazarlar ve binlerce kitapla bulu\u015fma f\u0131rsat\u0131 yakalayacak. \u2018Kitaplar\u0131n renkli d\u00fcnyas\u0131na ad\u0131m at\u2019 slogan\u0131yla d\u00fczenlenecek fuar, her ya\u015ftan kitap sever i\u00e7in keyifli bir k\u00fclt\u00fcr dura\u011f\u0131 olacak.<\/p>\n\n\n\n<p><strong>Tarkan K\u00f6yl\u00fc\u2019den Kum Sanat\u0131 G\u00f6sterisi<\/strong><\/p>\n\n\n\n<p>Kitap Fuar\u0131 kapsam\u0131nda d\u00fczenlenecek \u00f6zel etkinliklerden biri ise sanatseverlere unutulmaz bir deneyim ya\u015fatacak. 16 Mart g\u00fcn\u00fc saat 21.00\u2019da, T\u00fcrkiye\u2019nin \u00f6nde gelen kum sanat\u00e7\u0131lar\u0131ndan Tarkan K\u00f6yl\u00fc, M1 Konya AVM\u2019de kum sanat\u0131 g\u00f6sterisi ve s\u00f6yle\u015fisi ger\u00e7ekle\u015ftirecek. I\u015f\u0131k ve kumun b\u00fcy\u00fcleyici uyumuyla haz\u0131rlanan g\u00f6steride izleyiciler hem sanatsal bir performans izlemenin yan\u0131 s\u0131ra sanat\u00e7\u0131yla da keyifli bir sohbet ger\u00e7ekle\u015ftirme f\u0131rsat\u0131 bulacak.&nbsp;<\/p>\n\n\n\n<p>\u00dccretsiz olarak ger\u00e7ekle\u015ftirilecek etkinlikler, \u00f6zellikle \u00e7ocuklar\u0131n yarat\u0131c\u0131l\u0131klar\u0131n\u0131 geli\u015ftirmelerine ve ailelerin birlikte keyifli vakit ge\u00e7irmelerine katk\u0131 sa\u011flayacak.&nbsp;<\/p>\n","protected":false},"excerpt":{"rendered":"<p>Fiba CP\u2019nin y\u00f6netim faaliyetlerini y\u00fcr\u00fctt\u00fc\u011f\u00fc ve T\u00fcrkiye\u2019nin en g\u00f6zde al\u0131\u015fveri\u015f merkezlerinden M1 Konya AVM, Mart ay\u0131nda \u00e7ocuk at\u00f6lyelerinden Kitap Fuar\u0131\u2019na, \u00f6zel kum sanat\u0131 g\u00f6sterisinden anlaml\u0131&hellip;<\/p>\n","protected":false},"author":6,"featured_media":9196,"comment_status":"open","ping_status":"open","sticky":false,"template":"","format":"standard","meta":{"footnotes":""},"categories":[11],"tags":[],"class_list":["post-9195","post","type-post","status-publish","format-standard","has-post-thumbnail","hentry","category-avm"],"_links":{"self":[{"href":"https:\/\/www.mallandmotto.com\/index.php\/wp-json\/wp\/v2\/posts\/9195","targetHints":{"allow":["GET"]}}],"collection":[{"href":"https:\/\/www.mallandmotto.com\/index.php\/wp-json\/wp\/v2\/posts"}],"about":[{"href":"https:\/\/www.mallandmotto.com\/index.php\/wp-json\/wp\/v2\/types\/post"}],"author":[{"embeddable":true,"href":"https:\/\/www.mallandmotto.com\/index.php\/wp-json\/wp\/v2\/users\/6"}],"replies":[{"embeddable":true,"href":"https:\/\/www.mallandmotto.com\/index.php\/wp-json\/wp\/v2\/comments?post=9195"}],"version-history":[{"count":1,"href":"https:\/\/www.mallandmotto.com\/index.php\/wp-json\/wp\/v2\/posts\/9195\/revisions"}],"predecessor-version":[{"id":9197,"href":"https:\/\/www.mallandmotto.com\/index.php\/wp-json\/wp\/v2\/posts\/9195\/revisions\/9197"}],"wp:featuredmedia":[{"embeddable":true,"href":"https:\/\/www.mallandmotto.com\/index.php\/wp-json\/wp\/v2\/media\/9196"}],"wp:attachment":[{"href":"https:\/\/www.mallandmotto.com\/index.php\/wp-json\/wp\/v2\/media?parent=9195"}],"wp:term":[{"taxonomy":"category","embeddable":true,"href":"https:\/\/www.mallandmotto.com\/index.php\/wp-json\/wp\/v2\/categories?post=9195"},{"taxonomy":"post_tag","embeddable":true,"href":"https:\/\/www.mallandmotto.com\/index.php\/wp-json\/wp\/v2\/tags?post=9195"}],"curies":[{"name":"wp","href":"https:\/\/api.w.org\/{rel}","templated":true}]}}