{"id":9593,"date":"2026-04-23T07:32:59","date_gmt":"2026-04-23T07:32:59","guid":{"rendered":"https:\/\/www.mallandmotto.com\/?p=9593"},"modified":"2026-04-23T07:33:00","modified_gmt":"2026-04-23T07:33:00","slug":"koc-toplulugu-100-yasinda","status":"publish","type":"post","link":"https:\/\/www.mallandmotto.com\/index.php\/2026\/04\/23\/koc-toplulugu-100-yasinda\/","title":{"rendered":"Ko\u00e7 Toplulu\u011fu 100 Ya\u015f\u0131nda"},"content":{"rendered":"\n<h3 class=\"wp-block-heading\"><strong>1926 y\u0131l\u0131nda merhum Vehbi Ko\u00e7 taraf\u0131ndan temelleri at\u0131lan Ko\u00e7 Toplulu\u011fu, 100. ya\u015f\u0131n\u0131 kutluyor. Bu \u00f6zel y\u0131l i\u00e7in haz\u0131rlanan \u201cUnutulmaz Y\u00fczlerle Dolu Bizim 100\u2019\u00fcm\u00fcz\u201d filminin lansman\u0131n\u0131n yap\u0131ld\u0131\u011f\u0131 Vehbi Ko\u00e7 \u00d6d\u00fcl T\u00f6reni\u2019nde konu\u015fan Ko\u00e7 Holding Y\u00f6netim Kurulu Ba\u015fkan\u0131 \u00d6mer Ko\u00e7,\u00a0Toplulu\u011fun Cumhuriyet ile \u015fekillenen k\u00f6kl\u00fc birikimini, kalk\u0131nma ve m\u00fc\u015fterek refah anlay\u0131\u015f\u0131n\u0131 ve ikinci y\u00fczy\u0131la ta\u015f\u0131nan de\u011ferlerini vurgulad\u0131. T\u00f6rende\u00a0Halit Ergen\u00e7 ve Alan\u00e7a Oskay, orkestra e\u015fli\u011finde filmi sahnede canl\u0131 seslendirdi.\u00a025. Vehbi Ko\u00e7 \u00d6d\u00fcl\u00fc\u2019n\u00fcn bu seneki kazanan\u0131 ise K\u00fclt\u00fcr\u00a0alan\u0131nda Canan\u00a0Tolon oldu. Tolon\u00a0g\u00f6\u00e7, y\u0131k\u0131m ve zaman gibi temalar \u00fczerinden g\u00fcn\u00fcm\u00fcz\u00fcn toplumsal ger\u00e7ekliklerine i\u015faret ediyor<\/strong><\/h3>\n\n\n\n<p>1926 y\u0131l\u0131nda merhum Vehbi Ko\u00e7 taraf\u0131ndan temelleri at\u0131lan Ko\u00e7 Toplulu\u011fu, 100. ya\u015f\u0131n\u0131 kutluyor. Topluluk, 100. y\u0131l\u0131na, 25. Vehbi Ko\u00e7 \u00d6d\u00fcl T\u00f6reni kapsam\u0131nda d\u00fczenlenen gecede, bu \u00f6zel y\u0131l i\u00e7in haz\u0131rlanan filmle ad\u0131m att\u0131. Halit Ergen\u00e7 ve Alan\u00e7a Oskay\u2019\u0131n sahnede orkestra e\u015fli\u011finde canl\u0131 seslendirdi\u011fi \u201cUnutulmaz Y\u00fczlerle Dolu Bizim 100\u2019\u00fcm\u00fcz\u201d filmi izleyicilerden b\u00fcy\u00fck alk\u0131\u015f ald\u0131. Divan Kuru\u00e7e\u015fme\u2019de ger\u00e7ekle\u015ftirilen t\u00f6rende, Toplulu\u011fun ge\u00e7mi\u015ften bug\u00fcne uzanan hik\u00e2yesi ve ikinci y\u00fczy\u0131la dair perspektifi aktar\u0131ld\u0131.<\/p>\n\n\n\n<p><strong>Ko\u00e7 Holding Y\u00f6netim Kurulu Ba\u015fkan\u0131 \u00d6mer Ko\u00e7,&nbsp;<\/strong>s\u00f6zlerine \u201cBu y\u0131l 25\u2019incisini d\u00fczenledi\u011fimiz Vehbi Ko\u00e7 \u00d6d\u00fcl T\u00f6reni bizim i\u00e7in her zamankinden daha anlaml\u0131 ve \u00f6zel. Z\u00eer\u00e2 bu sene kurucumuz merh\u00fbm Vehbi Bey\u2019in temellerini att\u0131\u011f\u0131 Ko\u00e7 Toplulu\u011fu\u2019nun 100\u2019\u00fcnc\u00fc ya\u015f\u0131n\u0131 idr\u00e2k ediyoruz\u201d diye ba\u015flad\u0131. &nbsp;\u201c100. y\u0131l filmimizde de vurgulad\u0131\u011f\u0131m\u0131z gibi; as\u0131rl\u0131k tarihimizi s\u00e2dece unutulmaz hik\u00e2yeler de\u011fil, bu hik\u00e2yeleri m\u00fcmk\u00fcn k\u0131lan y\u00fczler de olu\u015fturuyor. \u0130\u015fte bu sebeple bizim y\u00fcz y\u0131l\u0131m\u0131z unutulmaz y\u00fczlerle dolu\u201d diye devam eden Ko\u00e7, sahada, fabrikalarda, ofislerde sorumluluk alan \u00e7al\u0131\u015fma arkada\u015flar\u0131, bayileri, i\u015f ortaklar\u0131n\u0131n emekleri neticesinde 100. ya\u015flar\u0131n\u0131 b\u00fcy\u00fck bir gurur ve sevin\u00e7le kutlad\u0131klar\u0131n\u0131 dile getirdi.<\/p>\n\n\n\n<p><strong>\u00d6mer Ko\u00e7: \u201cToplulu\u011fumuz 100 y\u0131ll\u0131k hik\u00e2yesinde yat\u0131r\u0131m\u0131 ve istihd\u00e2m\u0131 kalk\u0131nman\u0131n ve m\u00fc\u015fterek refah\u0131n en \u00f6nemli unsurlar\u0131 olarak g\u00f6rm\u00fc\u015ft\u00fcr\u201d<\/strong><\/p>\n\n\n\n<p>Toplulu\u011fun, Mill\u00ee M\u00fcc\u00e2dele\u2019den yeni \u00e7\u0131km\u0131\u015f bir memlekette, Cumhuriyet\u2019in il\u00e2n\u0131 ile \u015fekillenen parlak bir istikb\u00e2l tasavvurunun i\u00e7inde do\u011fdu\u011funu hat\u0131rlatan&nbsp;<strong>\u00d6mer Ko\u00e7,<\/strong>\u201cUlu \u00d6nderimiz Mustafa Kemal Atat\u00fcrk, k\u00fcllerinden do\u011fan bir ulusa istik\u00e2met \u00e7izerek bir medeniyet ve ayd\u0131nlanma projesi in\u015f\u00e2 etmi\u015ftir. Bu \u015fartlar i\u00e7erisinde kurulmu\u015f olan Toplulu\u011fumuz; Cumhuriyet\u2019in fikir ve ilkelerini sam\u00eemiyetle benimsemi\u015f, de\u011ferlerini kendisine rehber edinmi\u015ftir\u201d dedi.<\/p>\n\n\n\n<p>Toplulu\u011fun bir as\u0131rl\u0131k yolculu\u011funda sanayile\u015fme, kalk\u0131nma ve kurumsalla\u015fman\u0131n \u00f6nc\u00fclerinden oldu\u011funa dikkat \u00e7eken&nbsp;<strong>Ko\u00e7<\/strong>, bu s\u00fcre\u00e7te pek \u00e7ok alanda ilkleri ger\u00e7ekle\u015ftirdiklerini belirtti.<\/p>\n\n\n\n<p>Ku\u015faklar boyunca in\u015f\u00e2 edilen birikim neticesinde bug\u00fcn 60\u2019\u0131n \u00fczerinde \u00fclkede 120 binden fazla \u00e7al\u0131\u015fanla faaliyet g\u00f6steren uluslararas\u0131 bir te\u015fkil\u00e2t h\u00e2line geldiklerini anlatan&nbsp;<strong>Ko\u00e7,<\/strong>&nbsp;Toplulu\u011fun b\u00fcy\u00fcme anlay\u0131\u015f\u0131na dair ise \u015funlar\u0131 s\u00f6yledi: \u201cToplulu\u011fumuz e\u011fitime, bilime, k\u00fclt\u00fcre ve san\u00e2ta katk\u0131y\u0131 sorumlulu\u011funun ayr\u0131lmaz bir par\u00e7as\u0131 addetmi\u015ftir. Bu anlay\u0131\u015f\u0131n bir yans\u0131mas\u0131 olarak, 57 y\u0131l \u00f6nce Vehbi Ko\u00e7 Vakf\u0131 kurulmu\u015ftur. Vehbi Bey\u2019in \u2018ins\u00e2n\u00ee ve mill\u00ee bir vaz\u00eefe\u2019 olarak t\u00e2rif etti\u011fi hay\u0131r i\u015fleri, kurumlara il\u00e2ve olarak hayata ge\u00e7irilen projeler, burs programlar\u0131 ve sivil topluma verilen desteklerle y\u00fcr\u00fct\u00fclmeye devam etmektedir.\u201d<\/p>\n\n\n\n<p><strong>\u00d6mer Ko\u00e7: \u201cK\u00fclt\u00fcr ve san\u00e2ta katk\u0131y\u0131 bir tercih de\u011fil, insan\u0131m\u0131za ve Cumhuriyetimize bor\u00e7 ve vazge\u00e7ilmez bir mes\u00fbliyet olarak de\u011ferlendiriyoruz\u201d<\/strong><\/p>\n\n\n\n<p>\u00d6mer Ko\u00e7 her sene d\u00f6n\u00fc\u015f\u00fcml\u00fc olarak e\u011fitim, k\u00fclt\u00fcr ve sa\u011fl\u0131k alanlar\u0131nda T\u00fcrkiye\u2019nin ve T\u00fcrk insan\u0131n\u0131n geli\u015fimine katk\u0131 sunan k\u0131ymetli isimlere verilen Vehbi Ko\u00e7 \u00d6d\u00fcl\u00fc\u2019n\u00fcn de bu \u00e7er\u00e7evede \u00f6nemli bir rol \u00fcstlendi\u011fine de\u011findi. Bu seneki \u00f6d\u00fcl\u00fcn \u201ck\u00fclt\u00fcr\u201d sahas\u0131nda verildi\u011fine dikkat \u00e7eken Ko\u00e7, \u201cBu y\u0131lki \u00f6d\u00fcle lay\u0131k g\u00f6r\u00fclen sanat\u00e7\u0131 da; al\u0131\u015f\u0131lm\u0131\u015f kal\u0131plar\u0131n \u00f6tesine ge\u00e7en, d\u00fc\u015f\u00fcnmeye d\u00e2vet eden bir yakla\u015f\u0131m\u0131 tems\u00eel ediyor. Sanat\u0131n en k\u0131ymetli taraf\u0131 al\u0131\u015f\u0131lm\u0131\u015f\u0131 sorgulatmas\u0131 ve de\u011fi\u015fimi te\u015fvik etmesidir. Bundan dolay\u0131 k\u00fclt\u00fcr ve san\u00e2ta katk\u0131y\u0131 bir tercih de\u011fil, insan\u0131m\u0131za ve Cumhuriyetimize bor\u00e7 ve vazge\u00e7ilmez bir mes\u00fbliyet olarak de\u011ferlendiriyoruz\u201d diye konu\u015ftu.<\/p>\n\n\n\n<figure class=\"wp-block-image size-large is-resized\"><img fetchpriority=\"high\" decoding=\"async\" width=\"1024\" height=\"682\" src=\"https:\/\/www.mallandmotto.com\/wp-content\/uploads\/2026\/04\/1776799999_Canan_Tolon-1024x682.jpeg\" alt=\"\" class=\"wp-image-9595\" style=\"aspect-ratio:1.5009632297512354;width:555px;height:auto\" srcset=\"https:\/\/www.mallandmotto.com\/wp-content\/uploads\/2026\/04\/1776799999_Canan_Tolon-1024x682.jpeg 1024w, https:\/\/www.mallandmotto.com\/wp-content\/uploads\/2026\/04\/1776799999_Canan_Tolon-300x200.jpeg 300w, https:\/\/www.mallandmotto.com\/wp-content\/uploads\/2026\/04\/1776799999_Canan_Tolon-768x512.jpeg 768w, https:\/\/www.mallandmotto.com\/wp-content\/uploads\/2026\/04\/1776799999_Canan_Tolon-1536x1023.jpeg 1536w, https:\/\/www.mallandmotto.com\/wp-content\/uploads\/2026\/04\/1776799999_Canan_Tolon.jpeg 1600w\" sizes=\"(max-width: 1024px) 100vw, 1024px\" \/><\/figure>\n\n\n\n<p><strong>\u00d6mer Ko\u00e7: \u201cGelecek 100 y\u0131l\u0131n e\u015fi\u011findeyiz. Ayn\u0131 inan\u00e7, ayn\u0131 vizyon, ayn\u0131 vatan sevgisiyle, y\u0131lmadan yorulmadan yolumuza devam edece\u011fiz\u201d<\/strong><\/p>\n\n\n\n<p><strong>\u00d6mer Ko\u00e7<\/strong>, konu\u015fmas\u0131na \u015f\u00f6yle devam etti: \u201c\u0130kinci y\u00fczy\u0131l\u0131na ad\u0131m atm\u0131\u015f bir Topluluk olarak; tecr\u00fcbemizden ald\u0131\u011f\u0131m\u0131z g\u00fc\u00e7le ve de\u011ferlerimizin i\u015f\u00e2ret etti\u011fi istik\u00e2mete do\u011fru yolumuza dev\u00e2m edece\u011fiz. De\u011fi\u015fen d\u00fcny\u00e2y\u0131 is\u00e2betle okuyan, bilimi ve akl\u0131 rehber edinen, de\u011ferlerinden taviz vermeyen bir anlay\u0131\u015fla hareket edece\u011fiz. \u0130lk y\u00fczy\u0131l\u0131m\u0131zda oldu\u011fu gibi, gelecekte de yaln\u0131z y\u00fcr\u00fcmeyece\u011fimizi biliyoruz. \u00c7al\u0131\u015fma arkada\u015flar\u0131m\u0131z, bayilerimiz, i\u015f ortaklar\u0131m\u0131z; en b\u00fcy\u00fck g\u00fcvencemiz olmaya dev\u00e2m edecek. Ortak ba\u015far\u0131larla dolu bir 100 y\u0131l\u0131 geride b\u0131rakt\u0131k, gelecek 100 y\u0131l\u0131n e\u015fi\u011findeyiz. Ayn\u0131 inan\u00e7, ayn\u0131 vizyon ve ayn\u0131 vatan sevgisiyle y\u0131lmadan yorulmadan yolumuza devam edece\u011fiz.\u201d<\/p>\n\n\n\n<p><strong>Bu y\u0131lki Vehbi Ko\u00e7 \u00d6d\u00fcl\u00fc\u2019ne Canan Tolon lay\u0131k g\u00f6r\u00fcld\u00fc<\/strong><\/p>\n\n\n\n<p>25.Vehbi Ko\u00e7 \u00d6d\u00fcl\u00fc\u2019n\u00fcn sahibi&nbsp;<strong>Canan Tolon<\/strong>&nbsp;ise s\u00f6zlerine \u201cVehbi Ko\u00e7 Vakf\u0131\u2019n\u0131n bug\u00fcn verdi\u011fi bu \u00f6d\u00fcl benim i\u00e7in gelece\u011fe d\u00f6n\u00fck bir destek ve ayn\u0131 zamanda bir cesaret kayna\u011f\u0131. Beni bu de\u011ferli \u00f6d\u00fcle lay\u0131k g\u00f6ren Vehbi Ko\u00e7 Vakf\u0131\u2019na ve Se\u00e7ici Kurul \u00fcyelerine \u00e7ok te\u015fekk\u00fcr ediyorum\u201d diye ba\u015flad\u0131.&nbsp;<\/p>\n\n\n\n<p>\u201c\u00c7ocukken, \u2018\u0130stedi\u011fin her \u015fey olabilirsin\u2019 mottosu benim i\u00e7in hi\u00e7 ge\u00e7erli de\u011fildi. Hatta biraz \u00fcrk\u00fct\u00fcc\u00fc de geliyordu. Bunlar\u0131 erken ya\u015fta bilmek garip bir \u015fekilde benim i\u00e7in bir \u00f6zg\u00fcrl\u00fck oldu. Ve hayal kurmak i\u00e7in bir engel de\u011fildi\u201d diyen&nbsp;<strong>Tolon,<\/strong>&nbsp;sanat \u00fcretimini \u2018yaln\u0131z ama zihinsel olarak kalabal\u0131k bir s\u00fcre\u00e7\u2019 olarak tan\u0131mlad\u0131 ve \u015f\u00f6yle ekledi: \u201cSanat \u00fcretimi \u00e7ok yaln\u0131z bir s\u00fcre\u00e7tir; ama zihinde bir kalabal\u0131kla birlikte yarat\u0131l\u0131r, \u00fcretilir ve olu\u015fur. Size yak\u0131n olanlar, hen\u00fcz tan\u0131mad\u0131klar\u0131n\u0131z, ya da hi\u00e7bir zaman tan\u0131\u015fmayacaklar\u0131n\u0131z\u2026 Onlarla bir diyalog kurdu\u011funuzu hayal edersiniz. Hayal kurmak bir g\u00fc\u00e7t\u00fcr.\u201d&nbsp;<\/p>\n\n\n\n<p><strong>Tolon g\u00f6\u00e7, y\u0131k\u0131m ve zaman gibi temalar \u00fczerinden g\u00fcn\u00fcm\u00fcz\u00fcn toplumsal ger\u00e7ekliklerine i\u015faret ediyor<\/strong><\/p>\n\n\n\n<p>Tolon, insan deneyimi, de\u011fi\u015fim ve haf\u0131za etraf\u0131nda \u015fekillenen \u00e7al\u0131\u015fmalar\u0131yla didaktik bir dil kurmak yerine sorular soran, izleyiciyi d\u00fc\u015f\u00fcnmeye davet eden bir yakla\u015f\u0131m benimsiyor. G\u00f6\u00e7, y\u0131k\u0131m ve zaman gibi temalar \u00fczerinden g\u00fcn\u00fcm\u00fcz\u00fcn toplumsal ger\u00e7ekliklerine i\u015faret ederken, mek\u00e2n\u0131 par\u00e7alayarak ve katmanlayarak kurdu\u011fu \u00e7ok boyutlu anlat\u0131m\u0131yla dikkat \u00e7ekiyor. Tolon bu \u00f6d\u00fcle, Vehbi Ko\u00e7 Vakf\u0131 Y\u00f6netim Kurulu\u2019nun yan\u0131 s\u0131ra Prof. Dr. Zeynep \u00c7elik, Prof. Dr. Ayla \u00d6dekan, Kerem Kabaday\u0131, Murathan Mungan ve Sad\u0131k Karamustafa\u2019dan olu\u015fan Se\u00e7ici Kurul\u2019un \u00f6nerdi\u011fi \u00fc\u00e7 aday aras\u0131ndan se\u00e7ilerek lay\u0131k g\u00f6r\u00fcld\u00fc.<\/p>\n\n\n\n<figure class=\"wp-block-image size-large is-resized\"><img decoding=\"async\" width=\"683\" height=\"1024\" src=\"https:\/\/www.mallandmotto.com\/wp-content\/uploads\/2026\/04\/1776800007_Omer_Koc-683x1024.jpg\" alt=\"\" class=\"wp-image-9596\" style=\"width:444px;height:auto\" srcset=\"https:\/\/www.mallandmotto.com\/wp-content\/uploads\/2026\/04\/1776800007_Omer_Koc-683x1024.jpg 683w, https:\/\/www.mallandmotto.com\/wp-content\/uploads\/2026\/04\/1776800007_Omer_Koc-200x300.jpg 200w, https:\/\/www.mallandmotto.com\/wp-content\/uploads\/2026\/04\/1776800007_Omer_Koc-768x1152.jpg 768w, https:\/\/www.mallandmotto.com\/wp-content\/uploads\/2026\/04\/1776800007_Omer_Koc-1024x1536.jpg 1024w, https:\/\/www.mallandmotto.com\/wp-content\/uploads\/2026\/04\/1776800007_Omer_Koc-1365x2048.jpg 1365w, https:\/\/www.mallandmotto.com\/wp-content\/uploads\/2026\/04\/1776800007_Omer_Koc-scaled.jpg 1707w\" sizes=\"(max-width: 683px) 100vw, 683px\" \/><\/figure>\n","protected":false},"excerpt":{"rendered":"<p>1926 y\u0131l\u0131nda merhum Vehbi Ko\u00e7 taraf\u0131ndan temelleri at\u0131lan Ko\u00e7 Toplulu\u011fu, 100. ya\u015f\u0131n\u0131 kutluyor. Bu \u00f6zel y\u0131l i\u00e7in haz\u0131rlanan \u201cUnutulmaz Y\u00fczlerle Dolu Bizim 100\u2019\u00fcm\u00fcz\u201d filminin lansman\u0131n\u0131n&hellip;<\/p>\n","protected":false},"author":6,"featured_media":9594,"comment_status":"open","ping_status":"open","sticky":false,"template":"","format":"standard","meta":{"footnotes":""},"categories":[30],"tags":[],"class_list":["post-9593","post","type-post","status-publish","format-standard","has-post-thumbnail","hentry","category-surmanset"],"_links":{"self":[{"href":"https:\/\/www.mallandmotto.com\/index.php\/wp-json\/wp\/v2\/posts\/9593","targetHints":{"allow":["GET"]}}],"collection":[{"href":"https:\/\/www.mallandmotto.com\/index.php\/wp-json\/wp\/v2\/posts"}],"about":[{"href":"https:\/\/www.mallandmotto.com\/index.php\/wp-json\/wp\/v2\/types\/post"}],"author":[{"embeddable":true,"href":"https:\/\/www.mallandmotto.com\/index.php\/wp-json\/wp\/v2\/users\/6"}],"replies":[{"embeddable":true,"href":"https:\/\/www.mallandmotto.com\/index.php\/wp-json\/wp\/v2\/comments?post=9593"}],"version-history":[{"count":1,"href":"https:\/\/www.mallandmotto.com\/index.php\/wp-json\/wp\/v2\/posts\/9593\/revisions"}],"predecessor-version":[{"id":9597,"href":"https:\/\/www.mallandmotto.com\/index.php\/wp-json\/wp\/v2\/posts\/9593\/revisions\/9597"}],"wp:featuredmedia":[{"embeddable":true,"href":"https:\/\/www.mallandmotto.com\/index.php\/wp-json\/wp\/v2\/media\/9594"}],"wp:attachment":[{"href":"https:\/\/www.mallandmotto.com\/index.php\/wp-json\/wp\/v2\/media?parent=9593"}],"wp:term":[{"taxonomy":"category","embeddable":true,"href":"https:\/\/www.mallandmotto.com\/index.php\/wp-json\/wp\/v2\/categories?post=9593"},{"taxonomy":"post_tag","embeddable":true,"href":"https:\/\/www.mallandmotto.com\/index.php\/wp-json\/wp\/v2\/tags?post=9593"}],"curies":[{"name":"wp","href":"https:\/\/api.w.org\/{rel}","templated":true}]}}